{"id":418828,"date":"2025-09-26T11:46:13","date_gmt":"2025-09-26T11:46:13","guid":{"rendered":"https:\/\/www.europesays.com\/fr\/418828\/"},"modified":"2025-09-26T11:46:13","modified_gmt":"2025-09-26T11:46:13","slug":"pikkopay-leve-15-million-deuros-pour-deployer-sa-solution-de-paiement-mobile","status":"publish","type":"post","link":"https:\/\/www.europesays.com\/fr\/418828\/","title":{"rendered":"Pikkopay l\u00e8ve 1,5 million d&rsquo;euros pour d\u00e9ployer sa solution de paiement mobile"},"content":{"rendered":"<p>            Par<br \/>\n        <strong><br \/>\n            <a href=\"https:\/\/actu.fr\/auteur\/nicolas-demollien\" title=\"Consulter tous les articles de Nicolas Demollien\" rel=\"nofollow noopener\" target=\"_blank\">Nicolas Demollien<\/a><br \/>\n        <\/strong><\/p>\n<p>        Publi\u00e9 le<\/p>\n<p>            26 sept. 2025 \u00e0 12h28        <\/p>\n<p>Soutenue par <b>Euratechnologies<\/b> \u00e0 <a href=\"https:\/\/actu.fr\/hauts-de-france\/lille_59350\" rel=\"nofollow noopener\" target=\"_blank\">Lille<\/a> (Nord), la <a href=\"https:\/\/actu.fr\/tag\/start-up\" rel=\"nofollow noopener\" target=\"_blank\">start-up<\/a> fran\u00e7aise<b> Pikkopay<\/b> annoncer une importante <b>lev\u00e9e de fonds de 1,5 million d\u2019euros<\/b>. Une excellente nouvelle pour l\u2019entreprise qui va lui permettre d\u2019acc\u00e9l\u00e9rer le d\u00e9ploiement de sa <b>solution de paiement sans file d\u2019attente<\/b> en magasin.<\/p>\n<p>1,5 million d\u2019euros pour la solution innovante de Pikkopay<\/p>\n<p class=\" wall-content\">En effet, Pikkopay est sp\u00e9cialis\u00e9e\u00a0dans les solutions de paiement mobile en magasin. Gr\u00e2ce \u00e0 un simple QR code, la start-up propose de <b>transformer le t\u00e9l\u00e9phone des clients en v\u00e9ritable caisse automatique<\/b>, r\u00e9volutionnant ainsi l\u2019exp\u00e9rience d\u2019achat en magasin. Le syst\u00e8me est notamment d\u00e9ploy\u00e9 <a href=\"https:\/\/actu.fr\/hauts-de-france\/villeneuve-d-ascq_59009\/villeneuve-dascq-plus-de-file-dattente-quand-on-a-un-petit-panier-au-supermarche-grace-a-cette-solution_61212100.html\" rel=\"nofollow noopener\" target=\"_blank\">chez Match \u00e0 Villeneuve-d\u2019Ascq<\/a>.<\/p>\n<p data-end=\"1148\" class=\" wall-content\">L\u2019id\u00e9e de l\u2019entreprise est n\u00e9e d\u2019une frustration universelle : celle de faire la queue en caisse. Avec PikkoPay, il est ainsi de scanner vos articles avec votre smartphone, payer directement via la web-application, puis de quitter le magasin par une sortie coupe-file, sans passer par la caisse traditionnelle.<\/p>\n<p data-end=\"1148\" class=\" wall-content\">La technologie est d\u00e9ploy\u00e9e aujourd\u2019hui dans plus de 30 magasins dans les <a href=\"https:\/\/actu.fr\/hauts-de-france\/\" rel=\"nofollow noopener\" target=\"_blank\">Hauts-de-France<\/a> et le <a href=\"https:\/\/actu.fr\/grand-est\/\" rel=\"nofollow noopener\" target=\"_blank\">Grand Est<\/a>, et a convaincu des enseignes comme Match, Carrefour, Intermarch\u00e9 et Netto.<\/p>\n<p data-end=\"1442\" class=\" wall-content\">\u00ab\u00a0Notre mission, c\u2019est de r\u00e9inventer l\u2019exp\u00e9rience d\u2019achat physique : plus rapide, plus simple, mais toujours humaine. Cette lev\u00e9e de fonds va nous permettre d\u2019acc\u00e9l\u00e9rer et de <b>rendre le shopping sans file d\u2019attente accessible<\/b> \u00e0 tous\u00a0\u00bb, se r\u00e9jouit Alexandre Chen, PDG et cofondateur de PikkoPay.<\/p>\n<p>Objectif de Pikkopay : un maillage national d\u2019ici 2027<\/p>\n<p data-end=\"1765\" class=\" wall-content\">Apr\u00e8s une phase de test r\u00e9ussie dans diff\u00e9rents points de vente \u00e0 forte affluence, notamment le midi, \u00ab\u00a0les r\u00e9sultats parlent d\u2019eux-m\u00eames\u00a0\u00bb dixit l\u2019entreprise : \u00ab\u00a0<b>temps d\u2019attente moyen r\u00e9duit \u00e0 14 secondes par client<\/b> et NPS (Net Promoter Score, indice de recommandation client) en forte hausse\u00a0\u00bb.<\/p>\n<p>Votre r\u00e9gion, votre actu !<\/p>\n<p>Recevez chaque jour les infos qui comptent pour vous.<\/p>\n<p>\t<a href=\"https:\/\/actu.fr\/newsletter\" class=\"ac-btn ac-btn--corner ac-btn--medium ac-btn--blue800\" rel=\"nofollow noopener\" target=\"_blank\">S&rsquo;incrire<\/a><\/p>\n<p data-end=\"1906\" class=\" wall-content\">L\u2019enjeu est donc d\u00e9sormais de passer \u00e0 l\u2019\u00e9chelle sup\u00e9rieure, et c\u2019est que cette lev\u00e9e de fonds va permettre. \u00ab\u00a0Nous allons mener plusieurs actions en parall\u00e8le\u00a0\u00bb, assure l\u2019entreprise. Et de d\u00e9tailler son plan :\u00a0<\/p>\n<ul class=\" wall-content\">\n<li data-end=\"2007\">acc\u00e9l\u00e9rer le d\u00e9ploiement de notre technologie dans de nouveaux points de vente \u00e0 travers la France,<\/li>\n<li data-end=\"2050\">diversifier nos enseignes partenaires,<\/li>\n<li data-end=\"2129\">renforcer notre pr\u00e9sence sur le terrain avec une \u00e9quipe de formateurs d\u00e9di\u00e9e,<\/li>\n<li data-end=\"2211\">lancer une application mobile sur les stores (iOS et Android) d\u2019ici fin 2025.<\/li>\n<\/ul>\n<p data-end=\"2423\" class=\" wall-content\">Avec un usage qui s\u2019ancre progressivement dans les habitudes d\u2019achat, PikkoPay <b>vise un maillage national d\u2019ici 2027<\/b> et entend \u00ab\u00a0devenir la solution de r\u00e9f\u00e9rence pour les achats du quotidien sans file d\u2019attente\u00a0\u00bb.<\/p>\n<p data-end=\"2835\" class=\" wall-content\">Fond\u00e9e en 2022 par trois \u00e9tudiants alors incub\u00e9s \u00e0 la Technopole de l\u2019Aube en Champagne, PikkoPay a \u00e9t\u00e9 laur\u00e9ate de plusieurs concours. Pens\u00e9e pour les moments de forte affluence, notamment le d\u00e9jeuner ou la sortie de bureau, la solution assure ne pas remplacer les h\u00f4tes de caisse, mais \u00ab\u00a0venir les soulager, am\u00e9liorer l\u2019exp\u00e9rience client et booster les ventes\u00a0\u00bb.<\/p>\n<p data-end=\"2835\" class=\" wall-content\">Plus d\u2019infos sur le site <a href=\"https:\/\/www.pikkopay.fr\/\" rel=\"nofollow noopener\" target=\"_blank\">pikkopay.fr<\/a><\/p>\n<p class=\" wall-content\">Personnalisez votre actualit\u00e9 en ajoutant vos villes et m\u00e9dias en favori avec <a href=\"https:\/\/moncompte.actu.fr\" title=\"D\u00e9couvez Mon Actu\" rel=\"nofollow noopener\" data-trk=\"{&quot;cta&quot;:{&quot;action&quot;:&quot;https:\\\/\\\/moncompte.actu.fr&quot;,&quot;category&quot;:&quot;mon compte&quot;,&quot;from&quot;:&quot;article footer&quot;,&quot;name&quot;:&quot;Mon actu&quot;,&quot;type&quot;:&quot;cta&quot;}}\" target=\"_blank\">Mon Actu<\/a>.<\/p>\n","protected":false},"excerpt":{"rendered":"Par Nicolas Demollien Publi\u00e9 le 26 sept. 2025 \u00e0 12h28 Soutenue par Euratechnologies \u00e0 Lille (Nord), la start-up&hellip;\n","protected":false},"author":2,"featured_media":418829,"comment_status":"","ping_status":"","sticky":false,"template":"","format":"standard","meta":{"footnotes":""},"categories":[2815],"tags":[1111,11,33,1777,674,1011,27,811,5701,1307,12,25,675],"class_list":{"0":"post-418828","1":"post","2":"type-post","3":"status-publish","4":"format-standard","5":"has-post-thumbnail","7":"category-lille","8":"tag-actu","9":"tag-actualites","10":"tag-economie","11":"tag-eu","12":"tag-europe","13":"tag-fr","14":"tag-france","15":"tag-hauts-de-france","16":"tag-innovation","17":"tag-lille","18":"tag-news","19":"tag-republique-francaise","20":"tag-start-up"},"share_on_mastodon":{"url":"https:\/\/pubeurope.com\/@fr\/115270437025196579","error":""},"_links":{"self":[{"href":"https:\/\/www.europesays.com\/fr\/wp-json\/wp\/v2\/posts\/418828","targetHints":{"allow":["GET"]}}],"collection":[{"href":"https:\/\/www.europesays.com\/fr\/wp-json\/wp\/v2\/posts"}],"about":[{"href":"https:\/\/www.europesays.com\/fr\/wp-json\/wp\/v2\/types\/post"}],"author":[{"embeddable":true,"href":"https:\/\/www.europesays.com\/fr\/wp-json\/wp\/v2\/users\/2"}],"replies":[{"embeddable":true,"href":"https:\/\/www.europesays.com\/fr\/wp-json\/wp\/v2\/comments?post=418828"}],"version-history":[{"count":0,"href":"https:\/\/www.europesays.com\/fr\/wp-json\/wp\/v2\/posts\/418828\/revisions"}],"wp:featuredmedia":[{"embeddable":true,"href":"https:\/\/www.europesays.com\/fr\/wp-json\/wp\/v2\/media\/418829"}],"wp:attachment":[{"href":"https:\/\/www.europesays.com\/fr\/wp-json\/wp\/v2\/media?parent=418828"}],"wp:term":[{"taxonomy":"category","embeddable":true,"href":"https:\/\/www.europesays.com\/fr\/wp-json\/wp\/v2\/categories?post=418828"},{"taxonomy":"post_tag","embeddable":true,"href":"https:\/\/www.europesays.com\/fr\/wp-json\/wp\/v2\/tags?post=418828"}],"curies":[{"name":"wp","href":"https:\/\/api.w.org\/{rel}","templated":true}]}}