{"id":418832,"date":"2025-09-26T11:48:12","date_gmt":"2025-09-26T11:48:12","guid":{"rendered":"https:\/\/www.europesays.com\/fr\/418832\/"},"modified":"2025-09-26T11:48:12","modified_gmt":"2025-09-26T11:48:12","slug":"un-motard-grievement-blesse-dans-une-collision-sur-la-route-de-la-gineste-a-marseille","status":"publish","type":"post","link":"https:\/\/www.europesays.com\/fr\/418832\/","title":{"rendered":"Un motard gri\u00e8vement bless\u00e9 dans une collision sur la route de la Gineste \u00e0 Marseille"},"content":{"rendered":"<p>Le pilote d&rsquo;un deux-roues a \u00e9t\u00e9 gri\u00e8vement bless\u00e9 jeudi apr\u00e8s-midi 25 septembre dans une collision survenue au col de la <a href=\"https:\/\/www.laprovence.com\/article\/region\/63044978556584\/radars-dans-les-bouches-du-rhone-le-radar-chantier-de-la-gineste-deplace-il-flashe-a-la-sortie-de-marseille\" target=\"_blank\" rel=\"noopener\">Gineste<\/a>, dans le 9e arrondissement de Marseille.<\/p>\n<p>Il \u00e9tait un peu plus de 17\u00a0h\u00a030 hier, lorsque les marins-pompiers sont intervenus sur la route de la Gineste, juste avant le col, pour secourir cet homme de 28 ans. Souffrant de fractures du rachis cervical et des membres inf\u00e9rieurs, il a \u00e9t\u00e9 transport\u00e9 \u00e0 l&rsquo;h\u00f4pital avec un pronostic vital engag\u00e9.<\/p>\n<p>Le motard aurait perdu le contr\u00f4le<\/p>\n<p>L\u00e9g\u00e8rement bless\u00e9e, la conductrice du v\u00e9hicule avec lequel le deux-roues est entr\u00e9 en collision, aurait expliqu\u00e9 avoir observ\u00e9 le motard perdre le contr\u00f4le de son engin avant que la moto n&rsquo;aille s&rsquo;encastrer sous la citadine et sans qu&rsquo;elle ne parviennent \u00e0 l&rsquo;\u00e9viter. \u00c2g\u00e9e de 21 ans, la jeune femme a elle aussi \u00e9t\u00e9 transport\u00e9e \u00e0 l&rsquo;h\u00f4pital pour y \u00eatre examin\u00e9e.<\/p>\n<p>Une enqu\u00eate est en cours afin de d\u00e9terminer les circonstances exactes de <a href=\"https:\/\/www.laprovence.com\/article\/region\/1224174061890715\/une-voiture-tombe-dans-un-ravin-sur-la-gineste-a-cassis-ce-mercredi-matin-quatre-jeunes-personnes-blessees\" target=\"_blank\" rel=\"noopener\">l&rsquo;accident<\/a>.<\/p>\n","protected":false},"excerpt":{"rendered":"Le pilote d&rsquo;un deux-roues a \u00e9t\u00e9 gri\u00e8vement bless\u00e9 jeudi apr\u00e8s-midi 25 septembre dans une collision survenue au col&hellip;\n","protected":false},"author":2,"featured_media":418833,"comment_status":"","ping_status":"","sticky":false,"template":"","format":"standard","meta":{"footnotes":""},"categories":[2814],"tags":[17,1111,11,3916,1102,4504,1446,1777,674,274,1011,27,3915,884,3914,12,882,25,3356,96],"class_list":{"0":"post-418832","1":"post","2":"type-post","3":"status-publish","4":"format-standard","5":"has-post-thumbnail","7":"category-marseille","8":"tag-17","9":"tag-actu","10":"tag-actualites","11":"tag-blesse","12":"tag-breakingnews","13":"tag-collision","14":"tag-dans","15":"tag-eu","16":"tag-europe","17":"tag-faits-divers-justice","18":"tag-fr","19":"tag-france","20":"tag-grievement","21":"tag-marseille","22":"tag-motard","23":"tag-news","24":"tag-provence-alpes-cote-dazur","25":"tag-republique-francaise","26":"tag-sur","27":"tag-une"},"share_on_mastodon":{"url":"https:\/\/pubeurope.com\/@fr\/115270444915683863","error":""},"_links":{"self":[{"href":"https:\/\/www.europesays.com\/fr\/wp-json\/wp\/v2\/posts\/418832","targetHints":{"allow":["GET"]}}],"collection":[{"href":"https:\/\/www.europesays.com\/fr\/wp-json\/wp\/v2\/posts"}],"about":[{"href":"https:\/\/www.europesays.com\/fr\/wp-json\/wp\/v2\/types\/post"}],"author":[{"embeddable":true,"href":"https:\/\/www.europesays.com\/fr\/wp-json\/wp\/v2\/users\/2"}],"replies":[{"embeddable":true,"href":"https:\/\/www.europesays.com\/fr\/wp-json\/wp\/v2\/comments?post=418832"}],"version-history":[{"count":0,"href":"https:\/\/www.europesays.com\/fr\/wp-json\/wp\/v2\/posts\/418832\/revisions"}],"wp:featuredmedia":[{"embeddable":true,"href":"https:\/\/www.europesays.com\/fr\/wp-json\/wp\/v2\/media\/418833"}],"wp:attachment":[{"href":"https:\/\/www.europesays.com\/fr\/wp-json\/wp\/v2\/media?parent=418832"}],"wp:term":[{"taxonomy":"category","embeddable":true,"href":"https:\/\/www.europesays.com\/fr\/wp-json\/wp\/v2\/categories?post=418832"},{"taxonomy":"post_tag","embeddable":true,"href":"https:\/\/www.europesays.com\/fr\/wp-json\/wp\/v2\/tags?post=418832"}],"curies":[{"name":"wp","href":"https:\/\/api.w.org\/{rel}","templated":true}]}}