{"id":418834,"date":"2025-09-26T11:49:21","date_gmt":"2025-09-26T11:49:21","guid":{"rendered":"https:\/\/www.europesays.com\/fr\/418834\/"},"modified":"2025-09-26T11:49:21","modified_gmt":"2025-09-26T11:49:21","slug":"strasbourg-marseille-le-bon-plan-pour-regarder-le-match-en-direct","status":"publish","type":"post","link":"https:\/\/www.europesays.com\/fr\/418834\/","title":{"rendered":"Strasbourg &#8211; Marseille : le bon plan pour regarder le match en direct"},"content":{"rendered":"<p class=\"paragraph text_align_left lp-f-body-02\">Apr\u00e8s avoir remport\u00e9 le Classico (1-0), les hommes de Roberto De Zerbi prennent la sixi\u00e8me place du classement, avec neuf points au compteur. Pour le moment, Marseille affiche une diff\u00e9rence de buts positive (+6) et trois points de retard sur l\u2019actuel leader Monaco. En face, Strasbourg occupe la quatri\u00e8me position du tableau, avec douze points, quatre victoires et une d\u00e9faite. Les Strasbourgeois vont tout faire pour d\u00e9crocher un nouveau succ\u00e8s et prendre la t\u00eate du championnat. <b>Le match Strasbourg vs Marseille est diffus\u00e9 ce vendredi 26 septembre \u00e0 20 heures 45, <\/b><a href=\"https:\/\/dazn.prf.hn\/click\/camref:1011lSfUI\" target=\"_blank\" rel=\"sponsored nofollow noopener\"><b>en direct sur Ligue 1+ disponible sur DAZN<\/b><\/a>.<\/p>\n<p><b>Suivez le match Strasbourg &#8211; Marseille en direct avec DAZN<\/b><\/p>\n<p class=\"paragraph text_align_left lp-f-body-02\">Vous pouvez regarder le match qui oppose le RC Strasbourg Alsace et l\u2019Olympique de Marseille en <a href=\"https:\/\/dazn.prf.hn\/click\/camref:1011lSfUI\" target=\"_blank\" rel=\"sponsored nofollow noopener\">souscrivant l\u2019offre DAZN &amp; Ligue 1+ au prix de 16, 99 euros par mois<\/a> pendant douze mois. Une fois abonn\u00e9, vous profitez de 100 % des matchs de la Ligue 1 McDonald\u2019s, dont huit rencontres en direct. L\u2019affiche du samedi \u00e0 17 heures est, quant \u00e0 elle, retransmise en diff\u00e9r\u00e9 \u00e0 partir de minuit. En plus des matchs, Ligue 1+ propose des documentaires et des s\u00e9ries in\u00e9dites, et une immersion exclusive au c\u0153ur des coulisses et des \u00e9chauffements. Cette formule vous donne \u00e9galement acc\u00e8s \u00e0 l\u2019ensemble des contenus DAZN. Vous suivez tous les matchs de la SERIE A, de la Coppa Italia et de la Supercoppa Italiana, de l\u2019Eredivisie et de la Jupiler Pro League. Les amateurs de sports de combat assistent aux rencontres de la PFL et de la RWS Muay Tha\u00ef.<\/p>\n<p class=\"paragraph text_align_left lp-f-body-02\"><b>Cliquez ici pour <\/b><a href=\"https:\/\/dazn.prf.hn\/click\/camref:1011lSfUI\" target=\"_blank\" rel=\"sponsored nofollow noopener\"><b>profiter de l\u2019offre DAZN<\/b><\/a><\/p>\n","protected":false},"excerpt":{"rendered":"Apr\u00e8s avoir remport\u00e9 le Classico (1-0), les hommes de Roberto De Zerbi prennent la sixi\u00e8me place du classement,&hellip;\n","protected":false},"author":2,"featured_media":418835,"comment_status":"","ping_status":"","sticky":false,"template":"","format":"standard","meta":{"footnotes":""},"categories":[2814],"tags":[1111,11,4928,1777,674,1011,27,749,884,12,882,25,54840,6718],"class_list":{"0":"post-418834","1":"post","2":"type-post","3":"status-publish","4":"format-standard","5":"has-post-thumbnail","7":"category-marseille","8":"tag-actu","9":"tag-actualites","10":"tag-dazn","11":"tag-eu","12":"tag-europe","13":"tag-fr","14":"tag-france","15":"tag-guide-shopping","16":"tag-marseille","17":"tag-news","18":"tag-provence-alpes-cote-dazur","19":"tag-republique-francaise","20":"tag-strasbourg-marseille","21":"tag-tv-streaming"},"share_on_mastodon":{"url":"https:\/\/pubeurope.com\/@fr\/115270448886424846","error":""},"_links":{"self":[{"href":"https:\/\/www.europesays.com\/fr\/wp-json\/wp\/v2\/posts\/418834","targetHints":{"allow":["GET"]}}],"collection":[{"href":"https:\/\/www.europesays.com\/fr\/wp-json\/wp\/v2\/posts"}],"about":[{"href":"https:\/\/www.europesays.com\/fr\/wp-json\/wp\/v2\/types\/post"}],"author":[{"embeddable":true,"href":"https:\/\/www.europesays.com\/fr\/wp-json\/wp\/v2\/users\/2"}],"replies":[{"embeddable":true,"href":"https:\/\/www.europesays.com\/fr\/wp-json\/wp\/v2\/comments?post=418834"}],"version-history":[{"count":0,"href":"https:\/\/www.europesays.com\/fr\/wp-json\/wp\/v2\/posts\/418834\/revisions"}],"wp:featuredmedia":[{"embeddable":true,"href":"https:\/\/www.europesays.com\/fr\/wp-json\/wp\/v2\/media\/418835"}],"wp:attachment":[{"href":"https:\/\/www.europesays.com\/fr\/wp-json\/wp\/v2\/media?parent=418834"}],"wp:term":[{"taxonomy":"category","embeddable":true,"href":"https:\/\/www.europesays.com\/fr\/wp-json\/wp\/v2\/categories?post=418834"},{"taxonomy":"post_tag","embeddable":true,"href":"https:\/\/www.europesays.com\/fr\/wp-json\/wp\/v2\/tags?post=418834"}],"curies":[{"name":"wp","href":"https:\/\/api.w.org\/{rel}","templated":true}]}}