{"id":418837,"date":"2025-09-26T11:51:17","date_gmt":"2025-09-26T11:51:17","guid":{"rendered":"https:\/\/www.europesays.com\/fr\/418837\/"},"modified":"2025-09-26T11:51:17","modified_gmt":"2025-09-26T11:51:17","slug":"lyon-lasian-food-festival-sinstalle-a-la-station-mue-ce-samedi","status":"publish","type":"post","link":"https:\/\/www.europesays.com\/fr\/418837\/","title":{"rendered":"Lyon. L\u2019Asian Food Festival s\u2019installe \u00e0 la Station Mue ce samedi"},"content":{"rendered":"<p>Gastronomie et immersion culturelle\u00a0: c\u2019est ce que propose l\u2019Asian Food Festival. Il s\u2019installe ce samedi 27\u00a0septembre de 11\u00a0h\u00a030 \u00e0 22\u00a0h \u00e0 la Station Mue (155, cours Charlemagne Lyon 2e ).<\/p>\n<p>Cet \u00e9v\u00e9nement festif r\u00e9unit cuisine, arts et cultures asiatiques au c\u0153ur d\u2019un espace urbain. Food courts, ateliers, shows, musiques et danses se succ\u00e8dent dans une ambiance conviviale et ouverte \u00e0 tous.<\/p>\n<p>Ce contenu est bloqu\u00e9 car vous n&rsquo;avez pas accept\u00e9 les cookies et autres traceurs.<\/p>\n<p>En cliquant sur \u00ab J\u2019accepte \u00bb, les cookies et autres traceurs seront d\u00e9pos\u00e9s et vous pourrez visualiser les contenus  (<a href=\"\" class=\"consentModule_policy\" target=\"_blank\" title=\"Consulter la politique de protection des donn\u00e9es du fournisseur\">plus d&rsquo;informations<\/a>).<\/p>\n<p>En cliquant sur \u00ab J\u2019accepte tous les cookies \u00bb, vous autorisez des d\u00e9p\u00f4ts de cookies et autres traceurs pour le stockage de vos donn\u00e9es sur nos sites et applications \u00e0 des fins de personnalisation et de ciblage publicitaire.<\/p>\n<p class=\"consentModule_secondaryText\">Vous gardez la possibilit\u00e9 de retirer votre consentement \u00e0 tout moment en consultant notre <a href=\"https:\/\/www.leprogres.fr\/protection-des-donnees\" target=\"_blank\" title=\"Consulter notre politique de protection des donn\u00e9es\" rel=\"nofollow noopener\">politique de protection des donn\u00e9es<\/a>. <br \/>&#13;<br \/>\n            <a href=\"https:\/\/www.leprogres.fr\/culture-loisirs\/2025\/09\/26\/javascript:Didomi.notice.show()\" class=\"consentModule_cmp\" rel=\"nofollow noopener\" target=\"_blank\">G\u00e9rer mes choix<\/a>&#13;\n        <\/p>\n<p>&#13;<br \/>\n                        J&rsquo;accepte&#13;<br \/>\n            J&rsquo;accepte tous les cookies&#13;\n        <\/p>\n<p>  De S\u00e9oul \u00e0 Tokyo en passant par Bangkok<\/p>\n<p>Le festival propose <a href=\"https:\/\/www.leprogres.fr\/magazine-cuisine-et-vins\/2022\/11\/12\/asian-kitchen-festival-un-food-court-geant-avec-25-restaurants-ce-week-end-a-eurexpo\" target=\"_blank\" rel=\"nofollow noopener\"> un voyage gustatif<\/a> \u00e0 travers les rues de S\u00e9oul, Bangkok, Tokyo, ou encore Hano\u00ef. Des stands de street food permettent de d\u00e9couvrir des recettes authentiques, des classiques incontournables ou des cr\u00e9ations modernes inspir\u00e9es des cuisines familiales et populaires d\u2019Asie\u00a0: Onigiri, bao, K-chicken, bao, satay, parotta, bubble tea\u2026<\/p>\n<p>Il offre aussi une immersion culturelle avec des ateliers participatifs\u00a0: initiation \u00e0 l\u2019origami, calligraphie, cuisine, ou encore c\u00e9r\u00e9monie du th\u00e9. Un march\u00e9 de cr\u00e9ateurs est mis en place. C\u00f4t\u00e9 sc\u00e8ne, on retrouve aussi bien les danses traditionnelles que les performances modernes, comme la K-pop ou le waacking. Des DJ sets, des d\u00e9fil\u00e9s, des d\u00e9monstrations d\u2019arts martiaux et d\u2019autres surprises ponctuent cette journ\u00e9e.<\/p>\n<p class=\"note\">Infos\u00a0: <a href=\"https:\/\/www.asianfoodfestival.fr\/\" target=\"_blank\" rel=\"nofollow noopener\">https:\/\/www.asianfoodfestival.fr\/<\/a><\/p>\n","protected":false},"excerpt":{"rendered":"Gastronomie et immersion culturelle\u00a0: c\u2019est ce que propose l\u2019Asian Food Festival. Il s\u2019installe ce samedi 27\u00a0septembre de 11\u00a0h\u00a030&hellip;\n","protected":false},"author":2,"featured_media":418838,"comment_status":"","ping_status":"","sticky":false,"template":"","format":"standard","meta":{"footnotes":""},"categories":[1889],"tags":[1111,11,2430,1687,2757,1777,674,1011,27,2428,2756,2089,12,25],"class_list":{"0":"post-418837","1":"post","2":"type-post","3":"status-publish","4":"format-standard","5":"has-post-thumbnail","7":"category-lyon","8":"tag-actu","9":"tag-actualites","10":"tag-auvergne-rhone-alpes","11":"tag-culture-loisirs","12":"tag-edition-lyon-villeurbanne","13":"tag-eu","14":"tag-europe","15":"tag-fr","16":"tag-france","17":"tag-lyon","18":"tag-lyon-bassin","19":"tag-marche","20":"tag-news","21":"tag-republique-francaise"},"share_on_mastodon":{"url":"https:\/\/pubeurope.com\/@fr\/115270456639069742","error":""},"_links":{"self":[{"href":"https:\/\/www.europesays.com\/fr\/wp-json\/wp\/v2\/posts\/418837","targetHints":{"allow":["GET"]}}],"collection":[{"href":"https:\/\/www.europesays.com\/fr\/wp-json\/wp\/v2\/posts"}],"about":[{"href":"https:\/\/www.europesays.com\/fr\/wp-json\/wp\/v2\/types\/post"}],"author":[{"embeddable":true,"href":"https:\/\/www.europesays.com\/fr\/wp-json\/wp\/v2\/users\/2"}],"replies":[{"embeddable":true,"href":"https:\/\/www.europesays.com\/fr\/wp-json\/wp\/v2\/comments?post=418837"}],"version-history":[{"count":0,"href":"https:\/\/www.europesays.com\/fr\/wp-json\/wp\/v2\/posts\/418837\/revisions"}],"wp:featuredmedia":[{"embeddable":true,"href":"https:\/\/www.europesays.com\/fr\/wp-json\/wp\/v2\/media\/418838"}],"wp:attachment":[{"href":"https:\/\/www.europesays.com\/fr\/wp-json\/wp\/v2\/media?parent=418837"}],"wp:term":[{"taxonomy":"category","embeddable":true,"href":"https:\/\/www.europesays.com\/fr\/wp-json\/wp\/v2\/categories?post=418837"},{"taxonomy":"post_tag","embeddable":true,"href":"https:\/\/www.europesays.com\/fr\/wp-json\/wp\/v2\/tags?post=418837"}],"curies":[{"name":"wp","href":"https:\/\/api.w.org\/{rel}","templated":true}]}}