{"id":418839,"date":"2025-09-26T11:53:11","date_gmt":"2025-09-26T11:53:11","guid":{"rendered":"https:\/\/www.europesays.com\/fr\/418839\/"},"modified":"2025-09-26T11:53:11","modified_gmt":"2025-09-26T11:53:11","slug":"pourquoi-la-region-cesse-daider-les-mdph","status":"publish","type":"post","link":"https:\/\/www.europesays.com\/fr\/418839\/","title":{"rendered":"pourquoi la R\u00e9gion cesse d&rsquo;aider les MDPH?"},"content":{"rendered":"<p style=\"font-style: italic\" itemprop=\"description\">En 2025, la R\u00e9gion \u00cele-de-France supprimera une subvention accord\u00e9e aux MDPH. Face aux pol\u00e9miques, elle rappelle qu&rsquo;il s&rsquo;agissait d&rsquo;une \u00ab\u00a0aide exceptionnelle\u00a0\u00bb, dont la comp\u00e9tence rel\u00e8ve en r\u00e9alit\u00e9 des d\u00e9partements.<\/p>\n<p>C&rsquo;est un \u00ab\u00a0bras d&rsquo;honneur\u00a0\u00bb \u00e0 l&rsquo;encontre des 7\u202f% de Franciliens en situation de handicap. Le ton est donn\u00e9. Dans un communiqu\u00e9 diffus\u00e9 le 19 septembre 2025, dix \u00e9lus d\u00e9partementaux franciliens, dont C\u00e9line Malais\u00e9 (pr\u00e9sidente du groupe Gauche communiste, \u00e9cologiste et citoyenne), d\u00e9noncent la suppression des subventions r\u00e9gionales aux Maisons d\u00e9partementales des personnes handicap\u00e9es (<a href=\"https:\/\/glossaire.handicap.fr\/definition-mdph-77\" title=\" Maison D\u00e9partementale des Personnes Handicap\u00e9es - Cliquer pour ouvrir le glossaire\" target=\"_blank\" rel=\"noopener\">MDPH<\/a>), act\u00e9e pour 2025 et 2026. Si l&rsquo;information a tard\u00e9 \u00e0 remonter, son impact, lui, sera imm\u00e9diat. Associations et \u00e9lus locaux craignent un coup dur pour les familles et des in\u00e9galit\u00e9s accrues entre les territoires.<\/p>\n<p><strong>Une aide cruciale pour limiter les restes \u00e0 charge<\/strong><\/p>\n<p>Dans les faits, cette subvention servait \u00e0 compl\u00e9ter le Fonds d\u00e9partemental de compensation du handicap (<a href=\"https:\/\/glossaire.handicap.fr\/definition-fdc-48\" title=\"Fonds d\u00e9partemental de compensation - Cliquer pour ouvrir le glossaire\" target=\"_blank\" rel=\"noopener\">FDC<\/a>). Pilot\u00e9 par chaque MDPH, il vise \u00e0 limiter le reste \u00e0 charge des personnes en situation de handicap pour l&rsquo;achat d&rsquo;un fauteuil roulant, l&rsquo;adaptation d&rsquo;un v\u00e9hicule ou encore des travaux dans leur logement. Le FDC intervient en dernier recours, une fois toutes les autres aides mobilis\u00e9es (Prestation de compensation du handicap, aides de la S\u00e9curit\u00e9 sociale, etc.). Ce n&rsquo;est pas un droit automatique : chaque d\u00e9partement d\u00e9finit ses propres crit\u00e8res, plafonds et priorit\u00e9s.<\/p>\n<p><strong>250 000 euros vers\u00e9es aux 8 MDPH franciliennes en 2024<\/strong><\/p>\n<p>En 2024, les huit MDPH franciliennes recevaient chacune en moyenne 250 000 euros de la R\u00e9gion, soit un peu plus de deux millions d&rsquo;euros par an au total. Une enveloppe qui peut sembler modeste \u00e0 l&rsquo;\u00e9chelle des 4,5 milliards d&rsquo;euros de budget r\u00e9gional, mais qui permettait, sur le terrain, de maintenir \u00e0 flot des aides essentielles. Dans certains territoires, cette participation faisait toute la diff\u00e9rence. En Seine-Saint-Denis, par exemple, 71 % des b\u00e9n\u00e9ficiaires du FDC n&rsquo;avaient plus qu&rsquo;un reste \u00e0 charge de 6 euros.<\/p>\n<p><strong>Pour la R\u00e9gion, une d\u00e9cision <\/strong><strong>\u00ab\u00a0budg\u00e9tairement contrainte\u00a0\u00bb<\/strong><strong><\/strong><\/p>\n<p>Dans un communiqu\u00e9 diffus\u00e9 le 24 septembre, la R\u00e9gion \u00cele-de-France reconna\u00eet avoir mis fin \u00e0 cette aide \u00ab exceptionnelle \u00bb, qu&rsquo;elle versait de mani\u00e8re \u00ab totalement d\u00e9rogatoire, en dehors de ses comp\u00e9tences \u00bb pour \u00ab\u00a0aider \u00e0 l&rsquo;acquisition des fauteuils roulants\u00a0\u00bb. Elle rappelle que le financement des MDPH rel\u00e8ve exclusivement des d\u00e9partements, comme le pr\u00e9voit la loi. \u00ab\u00a0Aujourd&rsquo;hui, la situation a chang\u00e9. Depuis cette ann\u00e9e, l&rsquo;Assurance Maladie a d\u00e9cid\u00e9 de prendre en charge l&rsquo;int\u00e9gralit\u00e9 du co\u00fbt d&rsquo;achat des fauteuils\u00a0: l&rsquo;aide r\u00e9gionale est donc devenue sans objet \u00bb, explique-t-elle.<\/p>\n<p>En parall\u00e8le, l&rsquo;\u00cele-de-France met en exergue \u00ab\u00a0les confiscations de recettes qui ont \u00e9t\u00e9 impos\u00e9es par l&rsquo;\u00c9tat \u00e0 la R\u00e9gion en 2025 pour r\u00e9duire ses propres d\u00e9ficits, \u00e0 hauteur de 230 millions d&rsquo;euros,\u00a0ne nous permettant plus d&rsquo;intervenir en dehors de nos domaines de comp\u00e9tence\u00a0\u00bb. \u00ab\u00a0Cette d\u00e9cision a \u00e9t\u00e9 prise au moment des d\u00e9bats budg\u00e9taires \u00e0 l&rsquo;automne 2024 et notifi\u00e9e aussit\u00f4t aux d\u00e9partements et MDPH\u00a0\u00bb, ajoute-t-elle.<\/p>\n<p><strong>D&rsquo;autres priorit\u00e9s r\u00e9gionales mises en avant<\/strong><\/p>\n<p>Si la R\u00e9gion assume donc cette coupe, elle revendique un \u00ab\u00a0engagement massif\u00a0\u00bb en faveur des personnes handicap\u00e9es. \u00ab\u00a0Ce sont 150 millions d&rsquo;euros qui sont investis de mani\u00e8re transversale sur le handicap en 2025, en progression constante\u00a0depuis 2016 (c&rsquo;\u00e9tait 100 millions en 2016). Sans compter tous les projets de mise en accessibilit\u00e9 des lyc\u00e9es pour lesquels nous investissons des centaines de millions suppl\u00e9mentaires\u00a0\u00bb, d\u00e9taille-t-elle.<\/p>\n<p>Elle cite notamment le financement du service PAM (Pour aider \u00e0 la mobilit\u00e9), \u00e0 hauteur de 15 millions d&rsquo;euros, pour r\u00e9duire le prix du transport \u00e0 celui d&rsquo;un ticket de bus\u00a0; deux milliards d&rsquo;euros investis pour la mise en accessibilit\u00e9 de 300 gares en partenariat avec l&rsquo;\u00c9tat. La R\u00e9gion a \u00e9galement cr\u00e9\u00e9, en 2024, un budget participatif handicap dot\u00e9 d&rsquo;un million d&rsquo;euros par an pour soutenir les projets associatifs locaux d&rsquo;acc\u00e8s \u00e0 la culture, \u00e0 la formation, au sport et \u00e0 l&#8217;emploi des personnes en situation de handicap. Autres initiatives\u00a0: une prime de 2 000 euros pour chaque personne en situation de handicap entrant dans une formation professionnelle de la r\u00e9gion, des actions sp\u00e9cifiques pour les aidants et pour les structures accueillant des personnes autistes ou avec des troubles du neurod\u00e9veloppement.<\/p>\n<p><strong>Les d\u00e9partements somm\u00e9s d&rsquo;ajuster le tir<\/strong><\/p>\n<p>Pour les d\u00e9partements, cette annonce est tout sauf anodine. Nombre d&rsquo;entre eux s&rsquo;appuyaient sur cette subvention pour \u00e9quilibrer le financement de leur FDC. Et, aujourd&rsquo;hui, ils doivent r\u00e9agir vite. La Seine-Saint-Denis, les Hauts-de-Seine, Paris\u2026 Plusieurs ex\u00e9cutifs ont d\u00e9j\u00e0 mis le sujet \u00e0 l&rsquo;ordre du jour. Sans renfort r\u00e9gional, certains envisagent de baisser les plafonds d&rsquo;aide, d&rsquo;en limiter l&rsquo;acc\u00e8s, voire de geler certains dossiers jug\u00e9s \u00ab moins urgents \u00bb. Une perspective qui fait redouter une hausse du reste \u00e0 charge pour les familles, d\u00e9j\u00e0 confront\u00e9es \u00e0 la hausse des prix et \u00e0 la complexit\u00e9 des d\u00e9marches.<\/p>\n<p><strong>Le d\u00e9bat sur la r\u00e9partition des comp\u00e9tences relanc\u00e9<\/strong><\/p>\n<p>Cette d\u00e9cision, bien qu&rsquo;encadr\u00e9e, relance le d\u00e9bat sur la r\u00e9partition des comp\u00e9tences entre collectivit\u00e9s, et surtout sur la continuit\u00e9 de la solidarit\u00e9. Certes, la R\u00e9gion n&rsquo;est pas tenue de financer les MDPH mais, en se d\u00e9sengageant, elle bouscule un \u00e9quilibre budg\u00e9taire fragile, et laisse les d\u00e9partements g\u00e9rer seuls un volet essentiel de la politique du handicap.<\/p>\n<p>Du c\u00f4t\u00e9 des usagers, le sentiment d&rsquo;incompr\u00e9hension domine. Pourquoi couper une aide qui fonctionnait ? Pourquoi maintenant, sans concertation publique ? Et quel impact sur la qualit\u00e9 de vie\u00a0?<\/p>\n<p><strong>L&rsquo;opposition appelle \u00e0 un retour en arri\u00e8re<\/strong><\/p>\n<p>Pour l&rsquo;opposition, cette d\u00e9cision fait craindre un d\u00e9sengagement plus large : \u00ab\u00a0Alors que Val\u00e9rie P\u00e9cresse d\u00e9cr\u00e9tait en 2024 le handicap comme &lsquo;grande cause r\u00e9gionale&rsquo;, nous lui demandons de revenir sur cette d\u00e9cision inique\u00a0\u00bb, plaident les signataires du communiqu\u00e9 de protestation. Mais la majorit\u00e9 r\u00e9gionale, elle, ne semble pas dispos\u00e9e \u00e0 revoir sa copie.<\/p>\n<p>Reste \u00e0 savoir si les autres investissements engag\u00e9s par la R\u00e9gion, comme le financement du service PAM ou le soutien aux solutions d&rsquo;habitat inclusif, suffiront \u00e0 combler le vide laiss\u00e9 dans les dispositifs locaux. Car si, comme l&rsquo;assure la R\u00e9gion, \u00ab l&rsquo;aide est devenue sans objet \u00bb, elle reste, pour beaucoup, plus n\u00e9cessaire que jamais.<\/p>\n<p>\u00a9 Medioimages\/Photodisc\u00a0de\u00a0Photo Images<\/p>\n<p>\u00ab\u00a0Tous droits de reproduction et de repr\u00e9sentation r\u00e9serv\u00e9s.\u00a9 Handicap.fr. Cet article a \u00e9t\u00e9 r\u00e9dig\u00e9 par Cassandre Rogeret, journaliste Handicap.fr\u00a0\u00bb<\/p>\n","protected":false},"excerpt":{"rendered":"En 2025, la R\u00e9gion \u00cele-de-France supprimera une subvention accord\u00e9e aux MDPH. Face aux pol\u00e9miques, elle rappelle qu&rsquo;il s&rsquo;agissait&hellip;\n","protected":false},"author":2,"featured_media":418840,"comment_status":"","ping_status":"","sticky":false,"template":"","format":"standard","meta":{"footnotes":""},"categories":[1592],"tags":[1111,11,4526,1777,674,1011,27,1943,662,42271,12,626,16,25,20569],"class_list":{"0":"post-418839","1":"post","2":"type-post","3":"status-publish","4":"format-standard","5":"has-post-thumbnail","7":"category-ile-de-france","8":"tag-actu","9":"tag-actualites","10":"tag-aide","11":"tag-eu","12":"tag-europe","13":"tag-fr","14":"tag-france","15":"tag-handicap","16":"tag-ile-de-france","17":"tag-mdph","18":"tag-news","19":"tag-paris","20":"tag-region","21":"tag-republique-francaise","22":"tag-suppression"},"share_on_mastodon":{"url":"https:\/\/pubeurope.com\/@fr\/115270464539074181","error":""},"_links":{"self":[{"href":"https:\/\/www.europesays.com\/fr\/wp-json\/wp\/v2\/posts\/418839","targetHints":{"allow":["GET"]}}],"collection":[{"href":"https:\/\/www.europesays.com\/fr\/wp-json\/wp\/v2\/posts"}],"about":[{"href":"https:\/\/www.europesays.com\/fr\/wp-json\/wp\/v2\/types\/post"}],"author":[{"embeddable":true,"href":"https:\/\/www.europesays.com\/fr\/wp-json\/wp\/v2\/users\/2"}],"replies":[{"embeddable":true,"href":"https:\/\/www.europesays.com\/fr\/wp-json\/wp\/v2\/comments?post=418839"}],"version-history":[{"count":0,"href":"https:\/\/www.europesays.com\/fr\/wp-json\/wp\/v2\/posts\/418839\/revisions"}],"wp:featuredmedia":[{"embeddable":true,"href":"https:\/\/www.europesays.com\/fr\/wp-json\/wp\/v2\/media\/418840"}],"wp:attachment":[{"href":"https:\/\/www.europesays.com\/fr\/wp-json\/wp\/v2\/media?parent=418839"}],"wp:term":[{"taxonomy":"category","embeddable":true,"href":"https:\/\/www.europesays.com\/fr\/wp-json\/wp\/v2\/categories?post=418839"},{"taxonomy":"post_tag","embeddable":true,"href":"https:\/\/www.europesays.com\/fr\/wp-json\/wp\/v2\/tags?post=418839"}],"curies":[{"name":"wp","href":"https:\/\/api.w.org\/{rel}","templated":true}]}}