{"id":418843,"date":"2025-09-26T11:55:10","date_gmt":"2025-09-26T11:55:10","guid":{"rendered":"https:\/\/www.europesays.com\/fr\/418843\/"},"modified":"2025-09-26T11:55:10","modified_gmt":"2025-09-26T11:55:10","slug":"il-na-pas-fait-aussi-froid-a-paris-en-septembre-depuis-40-ans","status":"publish","type":"post","link":"https:\/\/www.europesays.com\/fr\/418843\/","title":{"rendered":"Il n\u2019a pas fait aussi froid \u00e0 Paris en septembre depuis 40 ans"},"content":{"rendered":"<p>La <strong>baisse des temp\u00e9ratures<\/strong> a \u00e9t\u00e9 violente. Tr\u00e8s violente. Depuis le lundi 23 septembre 2025, les Parisien\u00b7ne\u00b7s n\u2019ont pas eu le choix\u00a0: <strong>les pulls en maille<\/strong> ont fait leur retour, tout comme les \u00e9charpes et les chaussures plus \u00e9paisses pour tenter de<strong> braver la fra\u00eecheur<\/strong> environnante. Une m\u00e9t\u00e9o qui a sembl\u00e9 bien paradoxale lorsque l\u2019on sait que vendredi dernier, le 19 septembre, <strong>pr\u00e8s de 30\u00b0C<\/strong> \u00e9taient encore ressentis. Et si ce froid a \u00e9t\u00e9 aussi mordant, c\u2019est bien parce qu\u2019il a battu tous les records\u00a0: cela faisait<strong> pr\u00e8s de 40 ans<\/strong> que de telles temp\u00e9ratures <strong>n\u2019avaient pas \u00e9t\u00e9 ressenties<\/strong> dans la capitale durant un mois de septembre.\u00a0<\/p>\n<p>&#13;<\/p>\n<blockquote class=\"instagram-media\" data-instgrm-permalink=\"https:\/\/www.instagram.com\/p\/DCzKh_YNiUT\/?utm_source=ig_embed&amp;utm_campaign=loading\" data-instgrm-version=\"14\" style=\"background: #FFF; border: 0; border-radius: 3px; box-shadow: 0 0 1px 0 rgba(0,0,0,0.5),0 1px 10px 0 rgba(0,0,0,0.15); margin: 1px; max-width: 540px; min-width: 326px; padding: 0; width: calc(100% - 2px);\"><p>&#13;<br \/>\n&#13;\n<\/p><\/blockquote>\n<p>&#13;<br \/>\n&#13;<br \/>\n<br \/><strong>Comme un air de 1986<\/strong>&#13;<\/p>\n<p><strong>Mercredi 24 septembre 2025<\/strong>, le thermom\u00e8tre n\u2019a pas d\u00e9pass\u00e9 les <strong>10,8\u00b0C<\/strong>. Une temp\u00e9rature qui para\u00eet pour le moins extr\u00eame alors que l\u2019on vient <strong>tout juste de quitter l\u2019\u00e9t\u00e9<\/strong> pour entrer dans l\u2019automne. La derni\u00e8re fois qu\u2019il avait fait aussi froid \u00e0 Paris en septembre, <strong>c\u2019\u00e9tait le 16 septembre 1986 o\u00f9 10,3\u00b0C<\/strong> avaient \u00e9t\u00e9 enregistr\u00e9s, comme le prouvent les donn\u00e9es de la station de M\u00e9t\u00e9o France.\u00a0<\/p>\n<p>&#13;<br \/>\n<br \/><strong>Quatri\u00e8me journ\u00e9e la plus froide de l&rsquo;histoire<\/strong>&#13;<\/p>\n<p>Ce n\u2019est<strong> pas le seul record<\/strong> que cette journ\u00e9e a battu\u00a0! En r\u00e9alit\u00e9, elle se classe m\u00eame <strong>\u00e0 la quatri\u00e8me position<\/strong> des journ\u00e9es les plus froides en septembre, \u00e0 Paris, depuis le d\u00e9but de l\u2019enregistrement des donn\u00e9es m\u00e9t\u00e9orologiques par <strong>la station Montsouris<\/strong> dans les ann\u00e9es 1870. Le v\u00e9ritable record est quant \u00e0 lui d\u00e9tenu par <strong>l\u2019ann\u00e9e 1919<\/strong>, o\u00f9 9,9\u00b0C avait \u00e9t\u00e9 constat\u00e9s en date du 28 septembre. <\/p>\n<p>&#13;<\/p>\n<p>Rassurez-vous, cet \u00e9pisode de fra\u00eecheur <strong>\u00e9tait de courte dur\u00e9e<\/strong>\u00a0: d\u00e8s ce week-end, le soleil devrait \u00e0 nouveau faire son apparition et les temp\u00e9ratures devraient remonter pour osciller<strong> entre 17 et 18\u00b0C<\/strong>, voire atteindre les 20\u00b0C la semaine prochaine\u00a0!\u00a0<\/p>\n<p>&#13;<\/p>\n<blockquote class=\"instagram-media\" data-instgrm-permalink=\"https:\/\/www.instagram.com\/p\/DPB-AtTDApM\/?utm_source=ig_embed&amp;utm_campaign=loading\" data-instgrm-version=\"14\" style=\"background: #FFF; border: 0; border-radius: 3px; box-shadow: 0 0 1px 0 rgba(0,0,0,0.5),0 1px 10px 0 rgba(0,0,0,0.15); margin: 1px; max-width: 540px; min-width: 326px; padding: 0; width: calc(100% - 2px);\"><p>&#13;<br \/>\n&#13;\n<\/p><\/blockquote>\n<p>&#13;<br \/>\n<script async src=\"\/\/www.instagram.com\/embed.js\"><\/script><\/p>\n","protected":false},"excerpt":{"rendered":"La baisse des temp\u00e9ratures a \u00e9t\u00e9 violente. Tr\u00e8s violente. Depuis le lundi 23 septembre 2025, les Parisien\u00b7ne\u00b7s n\u2019ont&hellip;\n","protected":false},"author":2,"featured_media":418844,"comment_status":"","ping_status":"","sticky":false,"template":"","format":"standard","meta":{"footnotes":""},"categories":[1888],"tags":[1111,1928,11,1927,1777,674,1011,27,12,1926,626,1925,25],"class_list":{"0":"post-418843","1":"post","2":"type-post","3":"status-publish","4":"format-standard","5":"has-post-thumbnail","7":"category-paris","8":"tag-actu","9":"tag-actu-paris","10":"tag-actualites","11":"tag-actualites-paris","12":"tag-eu","13":"tag-europe","14":"tag-fr","15":"tag-france","16":"tag-news","17":"tag-news-paris","18":"tag-paris","19":"tag-paris-news","20":"tag-republique-francaise"},"share_on_mastodon":{"url":"https:\/\/pubeurope.com\/@fr\/115270472408525588","error":""},"_links":{"self":[{"href":"https:\/\/www.europesays.com\/fr\/wp-json\/wp\/v2\/posts\/418843","targetHints":{"allow":["GET"]}}],"collection":[{"href":"https:\/\/www.europesays.com\/fr\/wp-json\/wp\/v2\/posts"}],"about":[{"href":"https:\/\/www.europesays.com\/fr\/wp-json\/wp\/v2\/types\/post"}],"author":[{"embeddable":true,"href":"https:\/\/www.europesays.com\/fr\/wp-json\/wp\/v2\/users\/2"}],"replies":[{"embeddable":true,"href":"https:\/\/www.europesays.com\/fr\/wp-json\/wp\/v2\/comments?post=418843"}],"version-history":[{"count":0,"href":"https:\/\/www.europesays.com\/fr\/wp-json\/wp\/v2\/posts\/418843\/revisions"}],"wp:featuredmedia":[{"embeddable":true,"href":"https:\/\/www.europesays.com\/fr\/wp-json\/wp\/v2\/media\/418844"}],"wp:attachment":[{"href":"https:\/\/www.europesays.com\/fr\/wp-json\/wp\/v2\/media?parent=418843"}],"wp:term":[{"taxonomy":"category","embeddable":true,"href":"https:\/\/www.europesays.com\/fr\/wp-json\/wp\/v2\/categories?post=418843"},{"taxonomy":"post_tag","embeddable":true,"href":"https:\/\/www.europesays.com\/fr\/wp-json\/wp\/v2\/tags?post=418843"}],"curies":[{"name":"wp","href":"https:\/\/api.w.org\/{rel}","templated":true}]}}