{"id":418847,"date":"2025-09-26T11:57:11","date_gmt":"2025-09-26T11:57:11","guid":{"rendered":"https:\/\/www.europesays.com\/fr\/418847\/"},"modified":"2025-09-26T11:57:11","modified_gmt":"2025-09-26T11:57:11","slug":"basket-monaco-en-reconquete-paris-dans-le-flou-tout-savoir-sur-la-reprise-de-la-betclic-elite","status":"publish","type":"post","link":"https:\/\/www.europesays.com\/fr\/418847\/","title":{"rendered":"Basket : Monaco en reconqu\u00eate, Paris dans le flou\u2026 Tout savoir sur la reprise de la Betclic \u00c9lite"},"content":{"rendered":"<p class=\"paragraph text_align_left lp-f-body-02\">3, 2, 1..Top, c\u2019est parti. <a href=\"https:\/\/www.leparisien.fr\/sports\/basket\/\" target=\"_blank\" rel=\"noreferrer nofollow noopener\">La saison de Betclic Elite<\/a> 2025-2026 commence ce 26 septembre avec un Dijon &#8211; Le Mans pour se mettre en app\u00e9tit. La saison r\u00e9guli\u00e8re se terminera le 16 mai avant des playoffs qui conduiront les acteurs de la grosse balle orange jusqu\u2019\u00e0 une finale qui aura lieu mi-juin. Qui succ\u00e9dera au Paris Basketball sacr\u00e9 pour la premi\u00e8re fois de son histoire au printemps dernier ? La chasse est ouverte.<\/p>\n<p>Monaco vraiment intouchable ?<\/p>\n<p class=\"paragraph text_align_left lp-f-body-02\">\u00c0 l\u2019aube de la saison, la question num\u00e9ro 1 est de savoir si Monaco n\u2019est pas d\u00e9j\u00e0 trop fort. Vainqueur de la SuperCoupe \u00e0 Roland-Garros il y a quelques jours, la Roca Team pr\u00e9sente le plus gros et riche effectif jamais vu sur un terrain <a href=\"https:\/\/www.leparisien.fr\/sports\/basket\/je-naurais-jamais-imagine-jouer-ici-la-supercoupe-de-basket-a-roland-garros-seduit-les-joueurs-et-les-fans-20-09-2025-62F2J5XRW5EQ3DPS22ZZTN46BA.php\" target=\"_blank\" rel=\"noreferrer nofollow noopener\">du championnat<\/a>. <\/p>\n<p class=\"paragraph text_align_left lp-f-body-02\">Avec un budget qui flirte avec les 40 millions d\u2019euros, deux anciens MVP (Nikola Mirotic et Mike James) de l\u2019Euroligue, un champion d\u2019Europe et du monde allemand (Daniel Theis), un champion de France avec Paris (Kevarrius Hayes), deux internationaux tricolores (\u00c9lie Okobo, Matthew Strazel) et une incroyable profondeur de banc men\u00e9e par la l\u00e9gende du jeu Vassilis Spanoulis, Monaco est taill\u00e9 pour gagner l\u2019Euroligue et devenir le meilleur club europ\u00e9en. Tout en croquant le championnat laiss\u00e9 \u00e0 Paris en juin dernier.<\/p>\n<p>Paris, une \u00e9quipe qui se reconstruit<\/p>\n<p class=\"paragraph text_align_left lp-f-body-02\">Apr\u00e8s seulement 7 ann\u00e9es d\u2019existence, le Paris BasketBall a d\u00e9j\u00e0 tout gagn\u00e9 sur la sc\u00e8ne domestique : la Leaders Cup (2024) et <a href=\"https:\/\/www.leparisien.fr\/sports\/basket\/plus-beaucoup-de-place-pour-faire-mieux-apres-le-titre-le-paris-basketball-face-a-ses-prochains-defis-25-06-2025-UOIKO2SARREMVMWV53HYTDO4YQ.php\" target=\"_blank\" rel=\"noreferrer nofollow noopener\">le doubl\u00e9 Coupe-Championnat<\/a> au printemps. Il para\u00eet impossible que le club de la capitale r\u00e9ussisse une saison aussi belle que la pr\u00e9c\u00e9dente, si on rajoute en plus son quart de finale d\u2019Euroligue.<\/p>\n<p class=\"paragraph text_align_left lp-f-body-02\">Sauf qu\u2019avec ce club, il ne faut rien imaginer d\u2019avance. Il surprend toujours. Il doit n\u00e9anmoins relever un double d\u00e9fi : jouer d\u00e9sormais sans son magicien TJ Shorts, double MVP de la saison, et int\u00e9grer une dizaine de recrues sous la houlette d\u2019un nouveau coach italien <a href=\"https:\/\/www.leparisien.fr\/sports\/basket\/le-paris-basketball-est-plus-quun-club-les-premiers-mots-du-nouveau-coach-des-champions-de-france-04-07-2025-IJBVNILQNFFELFNGPC4SIO6ZCY.php\" target=\"_blank\" rel=\"noreferrer nofollow noopener\">Francesco Tabellini<\/a>, au CV encore discret. <\/p>\n<p class=\"paragraph text_align_left lp-f-body-02\">De l\u2019effectif champion de France, il ne reste que 5 joueurs : Nadir Hifi, Yakuba Ouattara, Sebastian Herrera, L\u00e9opold Cavali\u00e8re et Enzo Shahrvin. \u00ab C\u2019est la premi\u00e8re saison pour beaucoup au Paris Basketball, en Euroligue ou dans le championnat de France. Donc \u00e7a va \u00eatre un challenge pour tout le monde \u00bb assure Nadir Hifi.<\/p>\n<p>Quelle saison pour l\u2019Asvel de Tony Parker ?<\/p>\n<p class=\"paragraph text_align_left lp-f-body-02\">Le club de<a href=\"https:\/\/www.leparisien.fr\/sports\/basket\/il-connait-tout-du-basket-et-cest-un-gagneur-tony-parker-coach-bonne-ou-mauvaise-idee-22-08-2025-7GSQ2M4SVVGAJP24GFL2WLVAWU.php\" target=\"_blank\" rel=\"noreferrer nofollow noopener\"> Tony Parker, <\/a>qui laisse entendre qu\u2019il pourrait l\u00e2cher du lest dans les prochains mois pour se consacrer \u00e0 sa carri\u00e8re de coach, part lui aussi dans le brouillard. Il ne manque pas de joueurs d\u2019exp\u00e9rience avec deux champions d\u2019Europe\u2026 2013, Nando de Colo et le retour en France de <a href=\"https:\/\/www.leparisien.fr\/sports\/basket\/basket-5-minutes-pour-comprendre-laffaire-qui-oppose-thomas-heurtel-a-la-federation-et-le-prive-des-jo-02-02-2024-S76F5AK2ZNBDZHLOWDTKAPXXHQ.php\" target=\"_blank\" rel=\"noreferrer nofollow noopener\">Thomas Heurtel<\/a>. <\/p>\n<p class=\"paragraph text_align_left lp-f-body-02\">Seulement l\u2019Asvel a perdu Th\u00e9o Maledon et le club lyonnais semble d\u00e9sormais \u00e0 la tra\u00eene derri\u00e8re les deux mastodontes parisien et mon\u00e9gasque. Il ne rentre pas, \u00e0 cette heure, dans les pronostics pour la course au titre. <\/p>\n<p>Le Mans et Bourg arrivent en trublions<\/p>\n<p class=\"paragraph text_align_left lp-f-body-02\">Sous les trois clubs d\u2019Euroligue que, sauf surprise, l\u2019on devrait retrouver en playoffs \u00e0 la fin de la saison, deux villes entendent bien bousculer la hi\u00e9rarchie. \u00c0 commencer par Le Mans, vainqueur en 2025 de la Leaders Cup et double finaliste de la Coupe de France et de la SuperCoupe : les Manceaux ont les moyens de se glisser jusqu\u2019en finale. <\/p>\n<p class=\"paragraph text_align_left lp-f-body-02\">Toujours plac\u00e9, Bourg-en-Bresse le club du s\u00e9lectionneur tricolore<a href=\"https:\/\/www.leparisien.fr\/sports\/basket\/je-me-sens-beni-frederic-fauthoux-le-nouveau-selectionneur-de-lequipe-de-france-du-basket-se-confie-21-11-2024-NLCVNKMEV5EXRJNC4IVTIDUPNU.php\" target=\"_blank\" rel=\"noreferrer nofollow noopener\"> Fr\u00e9d\u00e9ric Fauthoux <\/a>peut aussi comme toujours jouer les trouble-f\u00eates malgr\u00e9 un effectif revu \u00e0 90 %.<\/p>\n<p>O\u00f9 suivre la Betclic ?<\/p>\n<p class=\"paragraph text_align_left lp-f-body-02\">M\u00eame si les salles sont souvent trop petites, la Betclic Elite est un succ\u00e8s avec un taux de remplissage de 94 % chaque semaine. Devant les \u00e9crans, le championnat de France est \u00e0 suivre en int\u00e9gralit\u00e9 sur la plate-forme DAZN. Au menu : un match le vendredi \u00e0 20h30, suivi d\u2019un multiplex le samedi (18 heures, plus un match \u00e0 20h30), et enfin le dimanche \u00e0 16h30 puis 19 heures.<\/p>\n<p class=\"paragraph text_align_left lp-f-body-02\">Le tarif de l\u2019offre basket de DAZN est \u00e0 la baisse, \u00e0 9,99 euros par mois. \u00c0 noter aussi qu\u2019\u00e0 partir de ce 28 septembre et l\u2019affiche Asvel &#8211; Nancy, la cha\u00eene l\u2019\u00c9quipe diffuse le match du dimanche soir \u00e0 19 heures en acc\u00e8s gratuit avec \u00e0 chaque fois, un des trois clubs d\u2019Euroligue : Monaco, Paris ou l\u2019Asvel.<\/p>\n","protected":false},"excerpt":{"rendered":"3, 2, 1..Top, c\u2019est parti. La saison de Betclic Elite 2025-2026 commence ce 26 septembre avec un Dijon&hellip;\n","protected":false},"author":2,"featured_media":418848,"comment_status":"","ping_status":"","sticky":false,"template":"","format":"standard","meta":{"footnotes":""},"categories":[1888],"tags":[11,1465,1777,674,1011,27,12,626,25,60],"class_list":{"0":"post-418847","1":"post","2":"type-post","3":"status-publish","4":"format-standard","5":"has-post-thumbnail","7":"category-paris","8":"tag-actualites","9":"tag-basket","10":"tag-eu","11":"tag-europe","12":"tag-fr","13":"tag-france","14":"tag-news","15":"tag-paris","16":"tag-republique-francaise","17":"tag-sports"},"share_on_mastodon":{"url":"https:\/\/pubeurope.com\/@fr\/115270480287411485","error":""},"_links":{"self":[{"href":"https:\/\/www.europesays.com\/fr\/wp-json\/wp\/v2\/posts\/418847","targetHints":{"allow":["GET"]}}],"collection":[{"href":"https:\/\/www.europesays.com\/fr\/wp-json\/wp\/v2\/posts"}],"about":[{"href":"https:\/\/www.europesays.com\/fr\/wp-json\/wp\/v2\/types\/post"}],"author":[{"embeddable":true,"href":"https:\/\/www.europesays.com\/fr\/wp-json\/wp\/v2\/users\/2"}],"replies":[{"embeddable":true,"href":"https:\/\/www.europesays.com\/fr\/wp-json\/wp\/v2\/comments?post=418847"}],"version-history":[{"count":0,"href":"https:\/\/www.europesays.com\/fr\/wp-json\/wp\/v2\/posts\/418847\/revisions"}],"wp:featuredmedia":[{"embeddable":true,"href":"https:\/\/www.europesays.com\/fr\/wp-json\/wp\/v2\/media\/418848"}],"wp:attachment":[{"href":"https:\/\/www.europesays.com\/fr\/wp-json\/wp\/v2\/media?parent=418847"}],"wp:term":[{"taxonomy":"category","embeddable":true,"href":"https:\/\/www.europesays.com\/fr\/wp-json\/wp\/v2\/categories?post=418847"},{"taxonomy":"post_tag","embeddable":true,"href":"https:\/\/www.europesays.com\/fr\/wp-json\/wp\/v2\/tags?post=418847"}],"curies":[{"name":"wp","href":"https:\/\/api.w.org\/{rel}","templated":true}]}}