{"id":418853,"date":"2025-09-26T12:00:14","date_gmt":"2025-09-26T12:00:14","guid":{"rendered":"https:\/\/www.europesays.com\/fr\/418853\/"},"modified":"2025-09-26T12:00:14","modified_gmt":"2025-09-26T12:00:14","slug":"ryder-cup-junior-team-europe-et-sara-brentcheneff-ont-plie-face-aux-etats-unis","status":"publish","type":"post","link":"https:\/\/www.europesays.com\/fr\/418853\/","title":{"rendered":"Ryder Cup junior. Team Europe et Sara Brentcheneff ont pli\u00e9 face aux Etats-Unis"},"content":{"rendered":"<p>Si loin si proche. L\u2019\u00e9quipe europ\u00e9enne a \u00e9chou\u00e9 dans sa qu\u00eate de conserver la Ryder Cup junior sur le sol am\u00e9ricain. Les six Fran\u00e7ais qui composaient Team Europe n\u2019ont pas d\u00e9m\u00e9rit\u00e9 dans les parties de simples qui ont rythm\u00e9 l\u2019ultime journ\u00e9e ce jeudi.<\/p>\n<p>  Une victoire en simple\u2026 qui n\u2019a pas suffi<\/p>\n<p>Sara Brentcheneff \u00e9tait oppos\u00e9e \u00e0 l\u2019Am\u00e9ricaine Amelie Zalsman dans l\u2019avant-derni\u00e8re partie. Un duel que la pensionnaire du Golf Club de Lyon de Villette-d\u2019Anthon a su rendre \u00e0 sens unique en r\u00e9alisant un impeccable aller marqu\u00e9 par deux birdies au 2 et au 3, auxquels s\u2019ajoutaient trois bogeys de l\u2019Am\u00e9ricaine.<\/p>\n<p>De quoi donner un \u00e9cart de cinq trous en faveur de la native de Vienne au moment d\u2019attaquer le retour. M\u00eame si Brentcheneff a offert un point aux Europ\u00e9ens cela restait insuffisant face au quasi sans faute des US dans les parties qui ont pr\u00e9c\u00e9d\u00e9 celle de la jeune golfeuse bas\u00e9e en Nord-Is\u00e8re (7 victoires, 1 d\u00e9faite, 1 nul).<\/p>\n<p>Avant cette ultime journ\u00e9e, qui ne s\u2019est finalement pas d\u00e9roul\u00e9e sur le parcours de Bethpage Black en raison de la pluie, l\u2019Europe ne comptait que deux points de retard sur les Am\u00e9ricains. <a href=\"https:\/\/www.ledauphine.com\/sport\/2025\/09\/24\/brentcheneff-dans-le-coup\" target=\"_blank\" rel=\"noopener\">Brentcheneff avait connu des fortunes diverses lors des parties des deux premiers jours qui panachaient foursomes  et four balls mixtes<\/a>.<\/p>\n<p>Le mardi, la golfeuse ard\u00e9choise accompagn\u00e9e de Benedicte Brent-Petersen avait c\u00e9d\u00e9 face \u00e0 la paire Talley\/Zalsman (4 &amp; 3). L\u2019apr\u00e8s-midi, Sara Brentcheneff et Hugo Le Goff avaient partag\u00e9 les points en foursomes  mixtes. Le mercredi, en four balls mixtes, la m\u00eame paire avait su faire durer le suspense jusqu\u2019\u00e0 l\u2019avant-dernier trou apr\u00e8s avoir pourtant compt\u00e9 jusqu\u2019\u00e0 quatre trous de retard sur la paire yankee Russell\/Talley.<\/p>\n<p>Cette page am\u00e9ricaine referm\u00e9e, Sara Brentcheneff va pouvoir se concentrer sur sa fin de saison, sa derni\u00e8re chez les juniors, avant de basculer sur le circuit professionnel \u00e0 plein temps en 2026.<\/p>\n","protected":false},"excerpt":{"rendered":"Si loin si proche. L\u2019\u00e9quipe europ\u00e9enne a \u00e9chou\u00e9 dans sa qu\u00eate de conserver la Ryder Cup junior sur&hellip;\n","protected":false},"author":2,"featured_media":418854,"comment_status":"","ping_status":"","sticky":false,"template":"","format":"standard","meta":{"footnotes":""},"categories":[1589],"tags":[11,115,73,1866,1472,108,12,54842,517,1864,1865,1863,308,54841],"class_list":{"0":"post-418853","1":"post","2":"type-post","3":"status-publish","4":"format-standard","5":"has-post-thumbnail","7":"category-etats-unis","8":"tag-actualites","9":"tag-edition-bourgoin-jallieu-nord-dauphine","10":"tag-etats-unis","11":"tag-etats-unis-damerique","12":"tag-golf","13":"tag-isere","14":"tag-news","15":"tag-porte-du-rhone","16":"tag-sport","17":"tag-united-states","18":"tag-united-states-of-america","19":"tag-us","20":"tag-usa","21":"tag-villette-danthon"},"share_on_mastodon":{"url":"https:\/\/pubeurope.com\/@fr\/115270492097175349","error":""},"_links":{"self":[{"href":"https:\/\/www.europesays.com\/fr\/wp-json\/wp\/v2\/posts\/418853","targetHints":{"allow":["GET"]}}],"collection":[{"href":"https:\/\/www.europesays.com\/fr\/wp-json\/wp\/v2\/posts"}],"about":[{"href":"https:\/\/www.europesays.com\/fr\/wp-json\/wp\/v2\/types\/post"}],"author":[{"embeddable":true,"href":"https:\/\/www.europesays.com\/fr\/wp-json\/wp\/v2\/users\/2"}],"replies":[{"embeddable":true,"href":"https:\/\/www.europesays.com\/fr\/wp-json\/wp\/v2\/comments?post=418853"}],"version-history":[{"count":0,"href":"https:\/\/www.europesays.com\/fr\/wp-json\/wp\/v2\/posts\/418853\/revisions"}],"wp:featuredmedia":[{"embeddable":true,"href":"https:\/\/www.europesays.com\/fr\/wp-json\/wp\/v2\/media\/418854"}],"wp:attachment":[{"href":"https:\/\/www.europesays.com\/fr\/wp-json\/wp\/v2\/media?parent=418853"}],"wp:term":[{"taxonomy":"category","embeddable":true,"href":"https:\/\/www.europesays.com\/fr\/wp-json\/wp\/v2\/categories?post=418853"},{"taxonomy":"post_tag","embeddable":true,"href":"https:\/\/www.europesays.com\/fr\/wp-json\/wp\/v2\/tags?post=418853"}],"curies":[{"name":"wp","href":"https:\/\/api.w.org\/{rel}","templated":true}]}}