{"id":418861,"date":"2025-09-26T12:04:11","date_gmt":"2025-09-26T12:04:11","guid":{"rendered":"https:\/\/www.europesays.com\/fr\/418861\/"},"modified":"2025-09-26T12:04:11","modified_gmt":"2025-09-26T12:04:11","slug":"les-agriculteurs-francais-dans-la-rue-contre-des-importations-jugees-aberrantes","status":"publish","type":"post","link":"https:\/\/www.europesays.com\/fr\/418861\/","title":{"rendered":"les agriculteurs fran\u00e7ais dans la rue contre des importations jug\u00e9es \u00ab aberrantes \u00bb"},"content":{"rendered":"<p style=\"text-align:justify;\">AA \/ Paris \/ \u00dcmit D\u00f6nmez<\/p>\n<p style=\"text-align:justify;\">La FNSEA, premier syndicat agricole fran\u00e7ais, et les Jeunes Agriculteurs (JA) ont appel\u00e9 ce vendredi \u00e0 une \u00ab grande journ\u00e9e d\u2019action \u00bb dans l\u2019ensemble du pays. Objectif : protester contre le projet d\u2019accord de libre-\u00e9change entre l\u2019Union europ\u00e9enne (UE) et les pays du Mercosur, jug\u00e9 mena\u00e7ant pour les fili\u00e8res agricoles fran\u00e7aises.<\/p>\n<p style=\"text-align:justify;\">Par voie d\u2019un communiqu\u00e9, relay\u00e9 notamment par la presse fran\u00e7aise, la FNSEA explique que cet accord favoriserait l\u2019entr\u00e9e sur le march\u00e9 europ\u00e9en de produits agricoles qui ne respectent pas les normes fran\u00e7aises et europ\u00e9ennes. \u00c0 Versailles, une quinzaine de tracteurs et une centaine d\u2019agriculteurs ont pris position d\u00e8s l\u2019aube devant le ch\u00e2teau.<\/p>\n<p style=\"text-align:justify;\">Les critiques portent principalement sur la possibilit\u00e9 d\u2019importer, sans droits de douane, du b\u0153uf, de la volaille, du sucre ou encore du riz, produits dans des conditions sociales et environnementales jug\u00e9es moins strictes. Bruxelles assure que les volumes import\u00e9s resteront faibles, mais les syndicats d\u00e9noncent une concurrence d\u00e9loyale.<\/p>\n<p style=\"text-align:justify;\">Dans plusieurs r\u00e9gions, les agriculteurs ont multipli\u00e9 les actions symboliques : fumier et paille d\u00e9vers\u00e9s devant la Maison de l\u2019Europe \u00e0 Dijon, blocage d\u2019un restaurant Buffalo Grill en Haute-Sa\u00f4ne, ou encore pr\u00e9sentations publiques de produits import\u00e9s comme des pommes chiliennes ou des noix am\u00e9ricaines. \u00ab On importe de la viande qu\u2019on n\u2019a pas le droit de produire chez nous, alors qu\u2019on a l\u2019agriculture la plus durable au monde \u00bb, a affirm\u00e9 Antoine Fauchet, pr\u00e9sident des JA d\u2019Is-sur-Tille, cit\u00e9 par Le Monde.<\/p>\n<p style=\"text-align:justify;\">Si les syndicats agricoles affichent une opposition commune au trait\u00e9, les modes d\u2019action diff\u00e8rent. La Coordination rurale cherche \u00e0 se distinguer en r\u00e9clamant une audience aupr\u00e8s du premier ministre S\u00e9bastien Lecornu, tandis que la Conf\u00e9d\u00e9ration paysanne pr\u00e9pare une grande manifestation \u00e0 Paris le 14 octobre, \u00ab tracteurs en t\u00eate \u00bb.<\/p>\n<p style=\"text-align:justify;\">Le texte doit encore \u00eatre ratifi\u00e9 par les \u00c9tats membres de l\u2019UE et vot\u00e9 par le Parlement europ\u00e9en, la Commission esp\u00e9rant un feu vert d\u2019ici fin d\u00e9cembre.<\/p>\n<p>                            &#13;<br \/>\n                                <a href=\"https:\/\/www.aa.com.tr\/fr\/p\/abonnement\/1001\" target=\"_blank\" style=\"font-size:12px; color:#444; text-decoration:none;\" rel=\"noopener\">&#13;<br \/>\n                                    Seulement une partie des d\u00e9p\u00eaches, que l&rsquo;Agence Anadolu diffuse \u00e0 ses abonn\u00e9s via le Syst\u00e8me de Diffusion interne (HAS), est diffus\u00e9e sur le site de l&rsquo;AA, de mani\u00e8re r\u00e9sum\u00e9e. <b style=\"color:#1897F7\">Contactez-nous s&rsquo;il vous pla\u00eet pour vous abonner.<\/b>&#13;<br \/>\n                                <\/a>&#13;<\/p>\n","protected":false},"excerpt":{"rendered":"AA \/ Paris \/ \u00dcmit D\u00f6nmez La FNSEA, premier syndicat agricole fran\u00e7ais, et les Jeunes Agriculteurs (JA) ont&hellip;\n","protected":false},"author":2,"featured_media":418862,"comment_status":"","ping_status":"","sticky":false,"template":"","format":"standard","meta":{"footnotes":""},"categories":[1586],"tags":[32274,11,54843,1785,1777,674,1779,54844,1011,27,12,25,1778,364],"class_list":{"0":"post-418861","1":"post","2":"type-post","3":"status-publish","4":"format-standard","5":"has-post-thumbnail","7":"category-europe","8":"tag-accord-ue-mercosur","9":"tag-actualites","10":"tag-agriculteurs-franais","11":"tag-anadolu-ajansi","12":"tag-eu","13":"tag-europe","14":"tag-european-union","15":"tag-fnsea-jeunes-agriculteurs","16":"tag-fr","17":"tag-france","18":"tag-news","19":"tag-republique-francaise","20":"tag-ue","21":"tag-union-europeenne"},"share_on_mastodon":{"url":"https:\/\/pubeurope.com\/@fr\/115270507920263557","error":""},"_links":{"self":[{"href":"https:\/\/www.europesays.com\/fr\/wp-json\/wp\/v2\/posts\/418861","targetHints":{"allow":["GET"]}}],"collection":[{"href":"https:\/\/www.europesays.com\/fr\/wp-json\/wp\/v2\/posts"}],"about":[{"href":"https:\/\/www.europesays.com\/fr\/wp-json\/wp\/v2\/types\/post"}],"author":[{"embeddable":true,"href":"https:\/\/www.europesays.com\/fr\/wp-json\/wp\/v2\/users\/2"}],"replies":[{"embeddable":true,"href":"https:\/\/www.europesays.com\/fr\/wp-json\/wp\/v2\/comments?post=418861"}],"version-history":[{"count":0,"href":"https:\/\/www.europesays.com\/fr\/wp-json\/wp\/v2\/posts\/418861\/revisions"}],"wp:featuredmedia":[{"embeddable":true,"href":"https:\/\/www.europesays.com\/fr\/wp-json\/wp\/v2\/media\/418862"}],"wp:attachment":[{"href":"https:\/\/www.europesays.com\/fr\/wp-json\/wp\/v2\/media?parent=418861"}],"wp:term":[{"taxonomy":"category","embeddable":true,"href":"https:\/\/www.europesays.com\/fr\/wp-json\/wp\/v2\/categories?post=418861"},{"taxonomy":"post_tag","embeddable":true,"href":"https:\/\/www.europesays.com\/fr\/wp-json\/wp\/v2\/tags?post=418861"}],"curies":[{"name":"wp","href":"https:\/\/api.w.org\/{rel}","templated":true}]}}