{"id":418875,"date":"2025-09-26T12:14:21","date_gmt":"2025-09-26T12:14:21","guid":{"rendered":"https:\/\/www.europesays.com\/fr\/418875\/"},"modified":"2025-09-26T12:14:21","modified_gmt":"2025-09-26T12:14:21","slug":"il-arrive-un-moment-ou-il-faut-tourner-la-page","status":"publish","type":"post","link":"https:\/\/www.europesays.com\/fr\/418875\/","title":{"rendered":"\u00ab Il arrive un moment o\u00f9 il faut tourner la page \u00bb"},"content":{"rendered":"<p>Jenson Button va bient\u00f4t prendre du recul sur le sport automobile. Le Britannique de 45 ans, actuellement engag\u00e9 en <a href=\"https:\/\/www.autohebdo.fr\/actualites\/endurance\/wec\" data-internallinksmanager029f6b8e52c=\"57\" title=\"WEC\" target=\"_blank\" rel=\"noopener\">WEC<\/a> chez Cadillac, ne roulera en effet plus en WEC l\u2019an prochain afin de profiter pleinement de sa vie de famille. Le champion du monde de <a href=\"https:\/\/www.autohebdo.fr\/actualites\/f1\" data-internallinksmanager029f6b8e52c=\"1\" title=\"F1\" target=\"_blank\" rel=\"noopener\">Formule 1<\/a> 2009 avec Brawn GP dispute donc ce week-end sa derni\u00e8re course au Japon \u00e0 l\u2019occasion des 6 Heures de Fuji. Un pays qui a une place sp\u00e9ciale dans la carri\u00e8re de l\u2019Anglais, champion Super GT en 2018.<\/p>\n<\/p>\n<p>\u00ab Pour ma part, oui, j\u2019ai v\u00e9cu \u00e9norm\u00e9ment de belles exp\u00e9riences de course au Japon, que ce soit en F1 pendant 16 ans, en Super GT pendant quelques ann\u00e9es ou \u00e9videmment en WEC en 2018 puis ces deux derni\u00e8res saisons \u00bb, a d\u00e9clar\u00e9 Button.<\/p>\n<p>\u00ab Revenir ici a toujours \u00e9t\u00e9 un plaisir. Ce pays compte tellement de passionn\u00e9s de sport automobile, des fans incroyablement investis. C\u2019est vraiment g\u00e9nial de les voir dans le paddock. Le Japon va me manquer, mais il arrive un moment o\u00f9 il faut tourner la page. C\u2019est une p\u00e9riode de ma vie o\u00f9 il se passe beaucoup de choses. \u00bb<\/p>\n<p>\u00ab La famille est aujourd\u2019hui ce qu\u2019il y a de plus important pour moi, et cela demande beaucoup de temps. M\u00eame si le WEC ne compte que huit courses, il accapare \u00e9norm\u00e9ment d\u2019\u00e9nergie. Avec la complexit\u00e9 des voitures et des syst\u00e8mes, je ne pense pas que la plupart des gens mesurent \u00e0 quel point il faut du temps et des efforts en coulisses pour pr\u00e9parer une manche du WEC. \u00c7a va me manquer, mais il y a aussi tellement d\u2019autres choses que j\u2019ai envie de faire et d\u2019accomplir dans ma vie, et j\u2019ai h\u00e2te de les d\u00e9couvrir. \u00bb<\/p>\n<p>Jenson Button essayera de briller une derni\u00e8re fois au Japon ce week-end \u00e0 l\u2019occasion des 6 Heures de Fuji o\u00f9 il est align\u00e9 sur la n\u00ba38 aux c\u00f4t\u00e9s de S\u00e9bastien <a href=\"https:\/\/www.autohebdo.fr\/actualites\/classic\/les-pilotes-francais-en-f1-sebastien-bourdais.html\" data-internallinksmanager029f6b8e52c=\"36\" title=\"Sebastien Bourdais\" target=\"_blank\" rel=\"noopener\">Bourdais<\/a> et Earl Bamber.<\/p>\n<p><strong>\u00c0 LIRE AUSSI &gt; <\/strong><a href=\"https:\/\/www.autohebdo.fr\/actualites\/endurance\/wec\/6h-de-fuji-el2-peugeot-et-akkodis-asp-team-confirment.html\" target=\"_blank\" rel=\"noopener\"><strong>6H de Fuji \u2013 EL2 : Peugeot et Akkodis ASP Team confirment<\/strong><\/a><\/p>\n","protected":false},"excerpt":{"rendered":"Jenson Button va bient\u00f4t prendre du recul sur le sport automobile. Le Britannique de 45 ans, actuellement engag\u00e9&hellip;\n","protected":false},"author":2,"featured_media":418876,"comment_status":"","ping_status":"","sticky":false,"template":"","format":"standard","meta":{"footnotes":""},"categories":[1412],"tags":[1451,1452,1453,1454,1455,1011,27,60],"class_list":{"0":"post-418875","1":"post","2":"type-post","3":"status-publish","4":"format-standard","5":"has-post-thumbnail","7":"category-f1","8":"tag-f1","9":"tag-formula-1","10":"tag-formula1","11":"tag-formule-1","12":"tag-formule1","13":"tag-fr","14":"tag-france","15":"tag-sports"},"share_on_mastodon":{"url":"https:\/\/pubeurope.com\/@fr\/115270547158083275","error":""},"_links":{"self":[{"href":"https:\/\/www.europesays.com\/fr\/wp-json\/wp\/v2\/posts\/418875","targetHints":{"allow":["GET"]}}],"collection":[{"href":"https:\/\/www.europesays.com\/fr\/wp-json\/wp\/v2\/posts"}],"about":[{"href":"https:\/\/www.europesays.com\/fr\/wp-json\/wp\/v2\/types\/post"}],"author":[{"embeddable":true,"href":"https:\/\/www.europesays.com\/fr\/wp-json\/wp\/v2\/users\/2"}],"replies":[{"embeddable":true,"href":"https:\/\/www.europesays.com\/fr\/wp-json\/wp\/v2\/comments?post=418875"}],"version-history":[{"count":0,"href":"https:\/\/www.europesays.com\/fr\/wp-json\/wp\/v2\/posts\/418875\/revisions"}],"wp:featuredmedia":[{"embeddable":true,"href":"https:\/\/www.europesays.com\/fr\/wp-json\/wp\/v2\/media\/418876"}],"wp:attachment":[{"href":"https:\/\/www.europesays.com\/fr\/wp-json\/wp\/v2\/media?parent=418875"}],"wp:term":[{"taxonomy":"category","embeddable":true,"href":"https:\/\/www.europesays.com\/fr\/wp-json\/wp\/v2\/categories?post=418875"},{"taxonomy":"post_tag","embeddable":true,"href":"https:\/\/www.europesays.com\/fr\/wp-json\/wp\/v2\/tags?post=418875"}],"curies":[{"name":"wp","href":"https:\/\/api.w.org\/{rel}","templated":true}]}}