{"id":418881,"date":"2025-09-26T12:17:11","date_gmt":"2025-09-26T12:17:11","guid":{"rendered":"https:\/\/www.europesays.com\/fr\/418881\/"},"modified":"2025-09-26T12:17:11","modified_gmt":"2025-09-26T12:17:11","slug":"ce-nest-pas-moi-nouvelle-bourde-pour-lea-salame-au-journal-de-20-heures-qui-confond-son-invite-avec-claude-gueant","status":"publish","type":"post","link":"https:\/\/www.europesays.com\/fr\/418881\/","title":{"rendered":"\u00ab\u00a0Ce n\u2019est pas moi\u00a0\u00bb\u00a0: nouvelle bourde pour L\u00e9a Salam\u00e9 au journal de 20\u00a0Heures, qui confond son invit\u00e9 avec Claude Gu\u00e9ant"},"content":{"rendered":"<p class=\"paragraph text_align_left lp-f-body-02\">Ce jeudi 25 septembre, une grande partie du journal de 20 Heures, sur France 2, \u00e9tait consacr\u00e9e \u00e0 la condamnation \u00e0 cinq ans de prison de <a href=\"https:\/\/www.leparisien.fr\/politique\/issue-humiliante-fini-le-bling-bling-la-condamnation-de-nicolas-sarkozy-a-la-une-de-la-presse-internationale-26-09-2025-J6ABZBTGGREMFGQ4TE63UUTD4E.php\" target=\"_self\" rel=\"nofollow noopener\">Nicolas Sarkozy<\/a> pour association de malfaiteurs.<\/p>\n<p class=\"paragraph text_align_left lp-f-body-02\">\u00c0 cette occasion, <a href=\"https:\/\/www.leparisien.fr\/culture-loisirs\/tv\/comment-allez-vous-lea-salame-charriee-dans-quelle-epoque-apres-son-interview-de-marion-cotillard-21-09-2025-WF5QWSE3IBEFJE2TXENNHXVYDI.php\" target=\"_self\" rel=\"nofollow noopener\">L\u00e9a Salam\u00e9<\/a>, aux commandes du JT depuis la rentr\u00e9e, recevait sur son plateau <a href=\"https:\/\/www.leparisien.fr\/politique\/nicolas-sarkozy-condamne-henri-guaino-denonce-un-coup-detat-judiciaire-26-09-2025-37PPDEYXKJDGZK3HNOGKTENOPY.php\" target=\"_self\" rel=\"nofollow noopener\">Henri Guaino<\/a>, ancien conseiller sp\u00e9cial du pr\u00e9sident de la R\u00e9publique. Lors de l\u2019interview, elle lui lance alors avec assurance : \u00ab Claude Gu\u00e9ant, un mot sur cette condamnation ? \u00bb.<\/p>\n<p class=\"paragraph text_align_left lp-f-body-02\">Face \u00e0 cette confusion, un moment de silence s\u2019ensuit, avant qu\u2019Henri Guaino ne r\u00e9ponde finalement : \u00ab Non, non, Claude Gu\u00e9ant ce n\u2019est pas moi \u00bb. L\u00e9a Salam\u00e9 s\u2019est rapidement reprise \u00ab Henri Guaino, pardonnez-moi \u00bb.<\/p>\n<blockquote class=\"twitter-tweet\">\n<p lang=\"fr\" dir=\"ltr\">\ud83c\uddeb\ud83c\uddf7\ud83d\udcfa INSOLITE | Moment de confusion pour L\u00e9a Salam\u00e9 : <\/p>\n<p>&#8211; Claude Gu\u00e9ant, encore un mot ?<br \/>&#8211; Ce n\u2019est pas moi<br \/>&#8211; Oh pardon ! Henri Guaino, pardonnez-moi.<\/p>\n<p><a href=\"https:\/\/t.co\/ZS5SgKC5SX\" rel=\"nofollow\">pic.twitter.com\/ZS5SgKC5SX<\/a><\/p>\n<p>\u2014 Cerfia (@CerfiaFR) <a href=\"https:\/\/twitter.com\/CerfiaFR\/status\/1971318091620798829?ref_src=twsrc%5Etfw\" rel=\"nofollow noopener\" target=\"_blank\">September 25, 2025<\/a><\/p><\/blockquote>\n<p>Deux erreurs en l\u2019espace de quelques jours<\/p>\n<p class=\"paragraph text_align_left lp-f-body-02\">Claude Gu\u00e9ant, ex-ministre de l\u2019Int\u00e9rieur, a \u00e9t\u00e9 condamn\u00e9 jeudi par la justice dans le cadre de l\u2019affaire libyenne du financement de la campagne de 2007 de Nicolas Sarkozy, tout comme ce dernier. C\u2019est la premi\u00e8re fois qu\u2019un ancien pr\u00e9sident de la R\u00e9publique sera incarc\u00e9r\u00e9.<\/p>\n<p class=\"paragraph text_align_left lp-f-body-02\">Cette boulette n\u2019est pas pass\u00e9e inaper\u00e7ue, d\u2019autant plus qu\u2019elle intervient quelques jours seulement apr\u00e8s une autre bourde commise par L\u00e9a Salam\u00e9 face \u00e0 Marion Cotillard, suivie d\u2019une question maladroite qui a donn\u00e9 lieu \u00e0 un \u00e9change crisp\u00e9. La journaliste s\u2019\u00e9tait en effet tromp\u00e9e sur la date de sortie du nouveau film de l\u2019actrice, r\u00e9alis\u00e9 par Guillaume Canet. \u00ab Karma \u00bb, pr\u00e9vu pour octobre 2026, a \u00e9t\u00e9 annonc\u00e9 par L\u00e9a Salam\u00e9 comme \u00e9tant diffus\u00e9 cette ann\u00e9e. La pr\u00e9sentatrice avait poursuivi sur sa lanc\u00e9e, en questionnant son invit\u00e9e sur sa vie priv\u00e9e, \u00e9voquant l\u2019annonce de sa s\u00e9paration avec Guillaume Canet, ce qui n\u2019a pas manqu\u00e9 de d\u00e9stabiliser Marion Cotillard.<\/p>\n<p><script async src=\"https:\/\/platform.twitter.com\/widgets.js\" charset=\"utf-8\"><\/script><\/p>\n","protected":false},"excerpt":{"rendered":"Ce jeudi 25 septembre, une grande partie du journal de 20 Heures, sur France 2, \u00e9tait consacr\u00e9e \u00e0&hellip;\n","protected":false},"author":2,"featured_media":418882,"comment_status":"","ping_status":"","sticky":false,"template":"","format":"standard","meta":{"footnotes":""},"categories":[1359],"tags":[872,58,59,1011,27,973,2205],"class_list":{"0":"post-418881","1":"post","2":"type-post","3":"status-publish","4":"format-standard","5":"has-post-thumbnail","7":"category-people","8":"tag-culture-et-loisirs","9":"tag-divertissement","10":"tag-entertainment","11":"tag-fr","12":"tag-france","13":"tag-people","14":"tag-television-medias"},"share_on_mastodon":{"url":"https:\/\/pubeurope.com\/@fr\/115270559007219470","error":""},"_links":{"self":[{"href":"https:\/\/www.europesays.com\/fr\/wp-json\/wp\/v2\/posts\/418881","targetHints":{"allow":["GET"]}}],"collection":[{"href":"https:\/\/www.europesays.com\/fr\/wp-json\/wp\/v2\/posts"}],"about":[{"href":"https:\/\/www.europesays.com\/fr\/wp-json\/wp\/v2\/types\/post"}],"author":[{"embeddable":true,"href":"https:\/\/www.europesays.com\/fr\/wp-json\/wp\/v2\/users\/2"}],"replies":[{"embeddable":true,"href":"https:\/\/www.europesays.com\/fr\/wp-json\/wp\/v2\/comments?post=418881"}],"version-history":[{"count":0,"href":"https:\/\/www.europesays.com\/fr\/wp-json\/wp\/v2\/posts\/418881\/revisions"}],"wp:featuredmedia":[{"embeddable":true,"href":"https:\/\/www.europesays.com\/fr\/wp-json\/wp\/v2\/media\/418882"}],"wp:attachment":[{"href":"https:\/\/www.europesays.com\/fr\/wp-json\/wp\/v2\/media?parent=418881"}],"wp:term":[{"taxonomy":"category","embeddable":true,"href":"https:\/\/www.europesays.com\/fr\/wp-json\/wp\/v2\/categories?post=418881"},{"taxonomy":"post_tag","embeddable":true,"href":"https:\/\/www.europesays.com\/fr\/wp-json\/wp\/v2\/tags?post=418881"}],"curies":[{"name":"wp","href":"https:\/\/api.w.org\/{rel}","templated":true}]}}