{"id":418885,"date":"2025-09-26T12:19:11","date_gmt":"2025-09-26T12:19:11","guid":{"rendered":"https:\/\/www.europesays.com\/fr\/418885\/"},"modified":"2025-09-26T12:19:11","modified_gmt":"2025-09-26T12:19:11","slug":"les-premieres-selections-du-prix-du-meilleur-livre-etranger-2025","status":"publish","type":"post","link":"https:\/\/www.europesays.com\/fr\/418885\/","title":{"rendered":"Les premi\u00e8res s\u00e9lections du prix du meilleur livre \u00e9tranger 2025"},"content":{"rendered":"<p>Les premi\u00e8res s\u00e9lections du prix du meilleur livre \u00e9tranger 2025 ont \u00e9t\u00e9 d\u00e9voil\u00e9es. Alors que la cat\u00e9gorie fiction compte dix titres, la cat\u00e9gorie non-fiction est compos\u00e9e de quatre ouvrages. Les noms des laur\u00e9ats seront r\u00e9v\u00e9l\u00e9s fin novembre.<\/p>\n<p>Les s\u00e9lections<\/p>\n<p><strong>Cat\u00e9gorie fiction<\/strong><\/p>\n<ul>\n<li>Combats de filles\u00a0de <strong>Rita Bullwinkel <\/strong>(La Crois\u00e9e)<\/li>\n<li>Les \u00e9l\u00e9ments\u00a0de <strong>John Boyne<\/strong> (JC Latt\u00e8s)<\/li>\n<li>L\u2019\u00e9trange tumulte de nos vies\u00a0de <strong>Claire Messud<\/strong> (Christian Bourgois)<\/li>\n<li>\u00c9claircie\u00a0de <strong>Carys Davies<\/strong> (Table ronde)<\/li>\n<li>Kairos\u00a0de <strong>Jenny Erpenbeck<\/strong> (Gallimard)<\/li>\n<li>Comme on fixe le soleil\u00a0d<strong>\u2019Alexandra Fuller<\/strong> (Plon)<\/li>\n<li>Les bons voisins\u00a0de <strong>Nina Allan<\/strong> (Tristram)<\/li>\n<li>Les griffes de la for\u00eat\u00a0de <strong>Gabriela Cabez\u00f3n C\u00e1mara<\/strong> (Grasset)<\/li>\n<li>Un monde nouveau<strong>\u00a0<\/strong>de <strong>Jess Row<\/strong> (Albin Michel)\u00a0<\/li>\n<li>Les Vuln\u00e9rables de<strong> Sigrid Nunez<\/strong> (Stock)<\/li>\n<\/ul>\n<p><strong>\u00a0<\/strong><\/p>\n<p><strong>Cat\u00e9gorie non-fiction<\/strong><\/p>\n<ul>\n<li>L\u2019appel\u00a0de <strong>Leila Guerriero <\/strong>(Rivages)<\/li>\n<li>Sur le fil de la violence\u00a0de <strong>Mark O\u2019Connell <\/strong>(Stock)<\/li>\n<li>Le fou de Dieu au bout du monde\u00a0de<strong> Javier Cercas<\/strong> (Actes Sud)<\/li>\n<li>Etty Hillesum, l\u2019histoire de sa vie\u00a0de <strong>Judith Koelemeijer<\/strong> (Seuil)<\/li>\n<\/ul>\n<p>\u00a0<\/p>\n","protected":false},"excerpt":{"rendered":"Les premi\u00e8res s\u00e9lections du prix du meilleur livre \u00e9tranger 2025 ont \u00e9t\u00e9 d\u00e9voil\u00e9es. Alors que la cat\u00e9gorie fiction&hellip;\n","protected":false},"author":2,"featured_media":405287,"comment_status":"","ping_status":"","sticky":false,"template":"","format":"standard","meta":{"footnotes":""},"categories":[1357],"tags":[1379,58,59,1011,27,1380],"class_list":{"0":"post-418885","1":"post","2":"type-post","3":"status-publish","4":"format-standard","5":"has-post-thumbnail","7":"category-livres","8":"tag-books","9":"tag-divertissement","10":"tag-entertainment","11":"tag-fr","12":"tag-france","13":"tag-livres"},"share_on_mastodon":{"url":"https:\/\/pubeurope.com\/@fr\/115270567043559737","error":""},"_links":{"self":[{"href":"https:\/\/www.europesays.com\/fr\/wp-json\/wp\/v2\/posts\/418885","targetHints":{"allow":["GET"]}}],"collection":[{"href":"https:\/\/www.europesays.com\/fr\/wp-json\/wp\/v2\/posts"}],"about":[{"href":"https:\/\/www.europesays.com\/fr\/wp-json\/wp\/v2\/types\/post"}],"author":[{"embeddable":true,"href":"https:\/\/www.europesays.com\/fr\/wp-json\/wp\/v2\/users\/2"}],"replies":[{"embeddable":true,"href":"https:\/\/www.europesays.com\/fr\/wp-json\/wp\/v2\/comments?post=418885"}],"version-history":[{"count":0,"href":"https:\/\/www.europesays.com\/fr\/wp-json\/wp\/v2\/posts\/418885\/revisions"}],"wp:featuredmedia":[{"embeddable":true,"href":"https:\/\/www.europesays.com\/fr\/wp-json\/wp\/v2\/media\/405287"}],"wp:attachment":[{"href":"https:\/\/www.europesays.com\/fr\/wp-json\/wp\/v2\/media?parent=418885"}],"wp:term":[{"taxonomy":"category","embeddable":true,"href":"https:\/\/www.europesays.com\/fr\/wp-json\/wp\/v2\/categories?post=418885"},{"taxonomy":"post_tag","embeddable":true,"href":"https:\/\/www.europesays.com\/fr\/wp-json\/wp\/v2\/tags?post=418885"}],"curies":[{"name":"wp","href":"https:\/\/api.w.org\/{rel}","templated":true}]}}