{"id":418886,"date":"2025-09-26T12:20:24","date_gmt":"2025-09-26T12:20:24","guid":{"rendered":"https:\/\/www.europesays.com\/fr\/418886\/"},"modified":"2025-09-26T12:20:24","modified_gmt":"2025-09-26T12:20:24","slug":"audience-tv-du-jeudi-25-septembre-2025","status":"publish","type":"post","link":"https:\/\/www.europesays.com\/fr\/418886\/","title":{"rendered":"Audience TV du Jeudi 25 septembre 2025"},"content":{"rendered":"<p>TF1 \u00e9crase la concurrence avec HPILa premi\u00e8re cha\u00eene confirme sa position de leader avec une performance exceptionnelle de <a href=\"https:\/\/tv-programme.com\/hpi-serie\/s05e08-supernova-e1086963\" target=\"_blank\" rel=\"noopener\">HPI S05E08 Supernova<\/a>. Cet \u00e9pisode in\u00e9dit de la cinqui\u00e8me saison rassemble <strong>5 647 000 t\u00e9l\u00e9spectateurs<\/strong> et capture <strong>40,54%<\/strong> de part de march\u00e9, d\u00e9montrant une fois de plus la popularit\u00e9 de cette s\u00e9rie polici\u00e8re avec Audrey Fleurot. Cette audience massive place <a href=\"https:\/\/tv-programme.com\/tf1\" target=\"_blank\" rel=\"noopener\">TF1<\/a> dans une position ultra-dominante, creusant un \u00e9cart consid\u00e9rable avec ses concurrents.Le podium des audiences : service public en forceFrance 3 confirme son succ\u00e8s avec les t\u00e9l\u00e9films policiersEn deuxi\u00e8me position, <a href=\"https:\/\/tv-programme.com\/france-3\" target=\"_blank\" rel=\"noopener\">France 3<\/a> r\u00e9alise une solide performance avec <a href=\"https:\/\/tv-programme.com\/meurtres-a-serie\/s09e07-meurtres-au-mont-saint-michel-e811829\" target=\"_blank\" rel=\"noopener\">Meurtres \u00e0&#8230; S09E07 Meurtres au Mont-Saint-Michel<\/a>. Cette rediffusion attire <strong>2 262 000 t\u00e9l\u00e9spectateurs<\/strong> pour <strong>16,24%<\/strong> de part d&rsquo;audience, prouvant l&rsquo;efficacit\u00e9 de cette collection de t\u00e9l\u00e9films policiers ancr\u00e9s dans les r\u00e9gions fran\u00e7aises.France 2 r\u00e9siste avec l&rsquo;informationLa deuxi\u00e8me cha\u00eene du service public compl\u00e8te ce podium tricolore gr\u00e2ce \u00e0 <a href=\"https:\/\/tv-programme.com\/envoye-special-magazine\/envoye-special-e1087469\" target=\"_blank\" rel=\"noopener\">Envoy\u00e9 sp\u00e9cial<\/a>. Le magazine d&rsquo;investigation fid\u00e9lise <strong>1 122 000 t\u00e9l\u00e9spectateurs<\/strong> et obtient <strong>8,06%<\/strong> de part de march\u00e9, confirmant l&rsquo;int\u00e9r\u00eat du public pour les formats journalistiques de qualit\u00e9 en prime time.Les cha\u00eenes traditionnelles dans la courseM6 mise sur ses valeurs s\u00fbres<a href=\"https:\/\/tv-programme.com\/m6\" target=\"_blank\" rel=\"noopener\">M6<\/a> maintient sa strat\u00e9gie \u00e9prouv\u00e9e avec un \u00e9pisode in\u00e9dit d&rsquo;<a href=\"https:\/\/tv-programme.com\/arnaques-magazine\/arnaques-e1087475\" target=\"_blank\" rel=\"noopener\">Arnaques !<\/a> qui attire <strong>980 000 t\u00e9l\u00e9spectateurs<\/strong> pour <strong>7,04%<\/strong> de part d&rsquo;audience. Ce magazine de soci\u00e9t\u00e9 confirme sa place dans le paysage audiovisuel fran\u00e7ais.France 5 capitalise sur le documentaireLa cha\u00eene culturelle du service public mise sur <a href=\"https:\/\/tv-programme.com\/le-monde-perdu-des-mammouths-documentaire\" target=\"_blank\" rel=\"noopener\">Le monde perdu des mammouths<\/a>, une rediffusion qui s\u00e9duit <strong>730 000 t\u00e9l\u00e9spectateurs<\/strong> et r\u00e9alise <strong>5,24%<\/strong> de part de march\u00e9. <a href=\"https:\/\/tv-programme.com\/france-5\" target=\"_blank\" rel=\"noopener\">France 5<\/a> confirme son positionnement sur les contenus \u00e9ducatifs et scientifiques.Arte d\u00e9veloppe sa fiction originale<a href=\"https:\/\/tv-programme.com\/arte\" target=\"_blank\" rel=\"noopener\">Arte<\/a> se distingue avec le lancement de sa nouvelle s\u00e9rie <a href=\"https:\/\/tv-programme.com\/infideles-2025-serie\/s01e01-infideles-e1087484\" target=\"_blank\" rel=\"noopener\">Infid\u00e8les S01E01<\/a>. Cet in\u00e9dit attire <strong>392 000 t\u00e9l\u00e9spectateurs<\/strong> pour <strong>2,81%<\/strong> de part d&rsquo;audience, t\u00e9moignant des ambitions de la cha\u00eene franco-allemande dans la production de fictions originales.La TNT se partage les audiences r\u00e9siduellesLes cha\u00eenes de la t\u00e9l\u00e9vision num\u00e9rique terrestre se disputent des audiences plus modestes mais significatives. <a href=\"https:\/\/tv-programme.com\/w9\" target=\"_blank\" rel=\"noopener\">W9<\/a> tire son \u00e9pingle du jeu avec <a href=\"https:\/\/tv-programme.com\/y-a-que-la-verite-qui-compte-emission\/y-a-que-la-verite-qui-compte-e1082678\" target=\"_blank\" rel=\"noopener\">Y&rsquo;a que la v\u00e9rit\u00e9 qui compte<\/a> qui rassemble <strong>552 000 t\u00e9l\u00e9spectateurs<\/strong> (<strong>3,96%<\/strong>). <a href=\"https:\/\/tv-programme.com\/tmc\" target=\"_blank\" rel=\"noopener\">TMC<\/a> mise sur le cin\u00e9ma populaire avec <a href=\"https:\/\/tv-programme.com\/fast-furious-8-film\" target=\"_blank\" rel=\"noopener\">Fast &amp; Furious 8<\/a> et ses <strong>534 000 t\u00e9l\u00e9spectateurs<\/strong> (<strong>3,83%<\/strong>).Les autres cha\u00eenes TNT se partagent le reste de l&rsquo;audience : <a href=\"https:\/\/tv-programme.com\/tf1-series-films\" target=\"_blank\" rel=\"noopener\">TF1 S\u00e9ries Films<\/a> avec <a href=\"https:\/\/tv-programme.com\/new-york-section-criminelle-serie\/s10e07-le-dernier-vol-d-icare-e328401\" target=\"_blank\" rel=\"noopener\">New York, section criminelle S10E07 Le dernier vol d&rsquo;Icare<\/a> (<strong>321 000 t\u00e9l\u00e9spectateurs<\/strong>), <a href=\"https:\/\/tv-programme.com\/cherie-25\" target=\"_blank\" rel=\"noopener\">Ch\u00e9rie 25<\/a> et <a href=\"https:\/\/tv-programme.com\/invisible-man-film\" target=\"_blank\" rel=\"noopener\">Invisible Man<\/a> (<strong>303 000<\/strong>), ou encore <a href=\"https:\/\/tv-programme.com\/rmc-decouverte\" target=\"_blank\" rel=\"noopener\">RMC D\u00e9couverte<\/a> avec <a href=\"https:\/\/tv-programme.com\/constructions-fatales-documentaire\/les-pires-crashs-d-avion-e1087503\" target=\"_blank\" rel=\"noopener\">Constructions fatales Les pires crashs d&rsquo;avion<\/a> (<strong>249 000<\/strong>).Une soir\u00e9e marqu\u00e9e par la domination de TF1Cette soir\u00e9e du 25 septembre illustre parfaitement les enjeux actuels du paysage audiovisuel fran\u00e7ais. La domination \u00e9crasante de <a href=\"https:\/\/tv-programme.com\/tf1\" target=\"_blank\" rel=\"noopener\">TF1<\/a> avec plus de <strong>40%<\/strong> de part de march\u00e9 contraste avec la fragmentation croissante des audiences sur les autres cha\u00eenes. Malgr\u00e9 cette dispersion, le service public maintient sa pr\u00e9sence significative dans le top 3, d\u00e9montrant la pertinence de sa programmation diversifi\u00e9e entre fiction, information et documentaire.<\/p>\n","protected":false},"excerpt":{"rendered":"TF1 \u00e9crase la concurrence avec HPILa premi\u00e8re cha\u00eene confirme sa position de leader avec une performance exceptionnelle de&hellip;\n","protected":false},"author":2,"featured_media":418887,"comment_status":"","ping_status":"","sticky":false,"template":"","format":"standard","meta":{"footnotes":""},"categories":[1356],"tags":[39020,6394,3949,58,39019,59,1011,27,326,39014,39013,39016,39017,39018,503,39015,502,39022,39021,362,39012,252,1364],"class_list":{"0":"post-418886","1":"post","2":"type-post","3":"status-publish","4":"format-standard","5":"has-post-thumbnail","7":"category-television","8":"tag-a-la-tv","9":"tag-ce-soir-tv","10":"tag-complet","11":"tag-divertissement","12":"tag-en-ce-moment-tv","13":"tag-entertainment","14":"tag-fr","15":"tag-france","16":"tag-gratuit","17":"tag-guide-tele","18":"tag-guide-tv","19":"tag-programme-canalsat","20":"tag-programme-freebox","21":"tag-programme-orange","22":"tag-programme-tele","23":"tag-programme-tnt","24":"tag-programme-tv","25":"tag-que-regarder-a-la-tv","26":"tag-regarder-la-tv","27":"tag-replay","28":"tag-soiree-tv","29":"tag-television","30":"tag-tv"},"share_on_mastodon":{"url":"https:\/\/pubeurope.com\/@fr\/115270570773506327","error":""},"_links":{"self":[{"href":"https:\/\/www.europesays.com\/fr\/wp-json\/wp\/v2\/posts\/418886","targetHints":{"allow":["GET"]}}],"collection":[{"href":"https:\/\/www.europesays.com\/fr\/wp-json\/wp\/v2\/posts"}],"about":[{"href":"https:\/\/www.europesays.com\/fr\/wp-json\/wp\/v2\/types\/post"}],"author":[{"embeddable":true,"href":"https:\/\/www.europesays.com\/fr\/wp-json\/wp\/v2\/users\/2"}],"replies":[{"embeddable":true,"href":"https:\/\/www.europesays.com\/fr\/wp-json\/wp\/v2\/comments?post=418886"}],"version-history":[{"count":0,"href":"https:\/\/www.europesays.com\/fr\/wp-json\/wp\/v2\/posts\/418886\/revisions"}],"wp:featuredmedia":[{"embeddable":true,"href":"https:\/\/www.europesays.com\/fr\/wp-json\/wp\/v2\/media\/418887"}],"wp:attachment":[{"href":"https:\/\/www.europesays.com\/fr\/wp-json\/wp\/v2\/media?parent=418886"}],"wp:term":[{"taxonomy":"category","embeddable":true,"href":"https:\/\/www.europesays.com\/fr\/wp-json\/wp\/v2\/categories?post=418886"},{"taxonomy":"post_tag","embeddable":true,"href":"https:\/\/www.europesays.com\/fr\/wp-json\/wp\/v2\/tags?post=418886"}],"curies":[{"name":"wp","href":"https:\/\/api.w.org\/{rel}","templated":true}]}}