{"id":418898,"date":"2025-09-26T12:26:12","date_gmt":"2025-09-26T12:26:12","guid":{"rendered":"https:\/\/www.europesays.com\/fr\/418898\/"},"modified":"2025-09-26T12:26:12","modified_gmt":"2025-09-26T12:26:12","slug":"les-connaissances-sur-homo-sapiens-bouleversees-par-cette-etude-dun-crane-vieux-dun-million-dannees","status":"publish","type":"post","link":"https:\/\/www.europesays.com\/fr\/418898\/","title":{"rendered":"Les connaissances sur Homo sapiens boulevers\u00e9es par cette \u00e9tude d\u2019un cr\u00e2ne vieux d\u2019un million d\u2019ann\u00e9es"},"content":{"rendered":"<p>        <img decoding=\"async\" loading=\"lazy\" src=\"https:\/\/www.europesays.com\/fr\/wp-content\/uploads\/2025\/09\/0dc0ed4_1658618930420-60d5fe7c3b0000f429ec8e92.jpg\"  width=\"728\" height=\"410\" alt=\"Une illustration de ce \u00e0 quoi aurait pu ressembler Yunxian 2, repr\u00e9sentant de notre proche anc\u00eatre, seulement reconnu comme nouvelle esp\u00e8ce et proche parent de l\u2019homme en 2021.\"\/>  <\/p>\n<p>CHUANG ZHAO via AFP<\/p>\n<p>Une illustration de ce \u00e0 quoi aurait pu ressembler Yunxian 2, repr\u00e9sentant de notre proche anc\u00eatre, seulement reconnu comme nouvelle esp\u00e8ce et proche parent de l\u2019homme en 2021.<\/p>\n<p class=\"asset asset-text\">SCIENCE &#8211; Les humains auraient pu se s\u00e9parer de leurs anc\u00eatres 400\u00a0000\u00a0ans plus t\u00f4t qu\u2019on ne le pensait auparavant. C\u2019est ce que laisse entendre une \u00e9tude scientifique publi\u00e9e ce vendredi 26\u00a0septembre \u00e0 partir de la reconstruction num\u00e9rique d\u2019un cr\u00e2ne d\u2019un million d\u2019ann\u00e9es d\u00e9couvert en Chine en 1990, et <a href=\"https:\/\/www.huffingtonpost.fr\/science\/article\/cette-nouvelle-espece-d-homme-prehistorique-serait-plus-proche-de-nous-que-neandertal_182732.html\" target=\"_blank\" rel=\"noopener\">d\u00e9j\u00e0 \u00e0 l\u2019origine de pr\u00e9c\u00e9dentes avanc\u00e9es sur nos plus proches anc\u00eatres<\/a>.<\/p>\n<p class=\"asset asset-text\">Les conclusions de cette \u00e9tude, publi\u00e9e dans la revue <a href=\"https:\/\/www.science.org\/doi\/10.1126\/science.ado9202\" target=\"_blank\" rel=\"noopener\" title=\"Nouvelle fen\u00eatre\">Science<\/a>, vont encore plus loin en estimant que la s\u00e9paration entre ces esp\u00e8ces aurait lieu en Asie plut\u00f4t qu\u2019en Afrique. De quoi bousculer une grande partie des <a href=\"https:\/\/www.huffingtonpost.fr\/science\/video\/ces-premiers-homo-sapiens-mangeaient-des-escargots-a-tous-les-repas_216133.html\" target=\"_blank\" rel=\"noopener\" title=\"Nouvelle fen\u00eatre\">connaissances sur Homo sapiens<\/a>.<\/p>\n<p class=\"asset asset-text\">Ces r\u00e9v\u00e9lations ont \u00e9t\u00e9 permises par l\u2019\u00e9tude de ce cr\u00e2ne. Baptis\u00e9 Yunxian 2, il \u00e9tait jusqu\u2019ici consid\u00e9r\u00e9 comme appartenant \u00e0 Homo erectus, un <a href=\"https:\/\/www.huffingtonpost.fr\/science\/article\/comment-svante-paabo-prix-nobel-de-medecine-2022-nous-a-reconcilies-avec-neandertal_208494.html\" target=\"_blank\" rel=\"noopener\">anc\u00eatre de notre esp\u00e8ce<\/a>. Mais gr\u00e2ce aux technologies de reconstruction modernes, un groupe de chercheurs men\u00e9 par l\u2019anthropologue au Mus\u00e9e d\u2019histoire naturelle de Londres Chris Stringer a d\u00e9couvert sur le cr\u00e2ne des caract\u00e9ristiques le rapprochant d\u2019autres esp\u00e8ces. Parmi elles, l\u2019Homo longi ou l\u2019Homo sapiens\u00a0; des esp\u00e8ces que l\u2019on pensait n\u2019avoir exist\u00e9 que plus tard dans l\u2019\u00e9volution humaine.<\/p>\n<p class=\"asset asset-text\">\u00ab\u00a0Les fossiles comme Yunxian 2 montrent \u00e0 quel point nous avons encore beaucoup \u00e0 apprendre sur nos origines\u00a0\u00bb, s\u2019enthousiasme d\u2019ailleurs Chris Stinger apr\u00e8s la publication de cette \u00e9tude.<\/p>\n<p class=\"asset asset-text\">Concernant les caract\u00e9ristiques qui ont pouss\u00e9 les chercheurs de cette \u00e9tude \u00e0 parvenir \u00e0 de telles conclusions, une capacit\u00e9 c\u00e9r\u00e9brale a priori plus importante a \u00e9t\u00e9 relev\u00e9e. \u00ab\u00a0Cela change beaucoup de choses\u00a0\u00bb, assure Chris Stringer, membre de l\u2019\u00e9quipe de chercheurs derri\u00e8re cette \u00e9tude. \u00ab\u00a0Cela sugg\u00e8re qu\u2019il y a un million d\u2019ann\u00e9es, nos anc\u00eatres s\u2019\u00e9taient d\u00e9j\u00e0 divis\u00e9s en groupes distincts, ce qui indique une division \u00e9volutive humaine beaucoup plus ancienne et plus complexe qu\u2019on ne le pensait auparavant\u00a0\u00bb, expose-t-il.<\/p>\n<p>    L\u2019Asie de l\u2019Est, berceau de l\u2019\u00e9volution\u00a0?    <\/p>\n<p class=\"asset asset-text\">Si ces conclusions s\u2019av\u00e8rent justes, cela signifierait qu\u2019il pourrait y avoir eu des membres beaucoup plus anciens d\u2019autres hominid\u00e9s primitifs comme <a href=\"https:\/\/www.huffingtonpost.fr\/science\/article\/les-dessins-de-neandertal-de-la-vallee-de-la-loire-sont-les-plus-anciens-jamais-decouverts_219607.html\" target=\"_blank\" rel=\"noopener\">l\u2019Homme de N\u00e9andertal<\/a> ou Homo sapiens. Mais cela \u00ab\u00a0brouille \u00e9galement les pistes\u00a0\u00bb concernant les hypoth\u00e8ses \u00e9tablies de longue date, selon lesquelles les premiers humains se seraient dispers\u00e9s en partant de l\u2019Afrique, a par ailleurs indiqu\u00e9 \u00e0 l\u2019AFP Michael Petraglia, directeur du Centre australien de recherche sur l\u2019\u00e9volution humaine de l\u2019universit\u00e9 Griffith.<\/p>\n<p class=\"asset asset-text\">\u00ab\u00a0Un changement majeur pourrait \u00eatre en train de se produire, l\u2019Asie de l\u2019Est jouant d\u00e9sormais un r\u00f4le cl\u00e9 dans l\u2019\u00e9volution des hominid\u00e9s\u00a0\u00bb, a-t-il estim\u00e9, sans avoir particip\u00e9 \u00e0 l\u2019\u00e9tude d\u00e9voil\u00e9e dans Science.<\/p>\n<p class=\"asset asset-text\">Pour permettre d\u2019avancer sur ces nouvelles pistes, l\u2019\u00e9quipe autour de Chris Stringer s\u2019est notamment servie des techniques avanc\u00e9es de tomodensitom\u00e9trie, d\u2019imagerie par lumi\u00e8re structur\u00e9e et de reconstruction virtuelle pour mod\u00e9liser un Yunxian 2 complet. Pour ce faire, les scientifiques se sont appuy\u00e9s sur un autre cr\u00e2ne similaire pour fa\u00e7onner leur mod\u00e8le, qu\u2019ils ont ensuite compar\u00e9 \u00e0 plus de 100 autres sp\u00e9cimens.<\/p>\n<p class=\"asset asset-text\">\u00ab\u00a0Yunxian 2 pourrait nous aider \u00e0 r\u00e9soudre\u00a0\u00bb le grand flou autour d\u2019un \u00ab\u00a0ensemble confus de fossiles humains datant d\u2019il y a 1\u00a0million \u00e0 300\u00a0000\u00a0ans\u00a0\u00bb, a prolong\u00e9 Chris Stringer dans un communiqu\u00e9 de presse. Il faut dire qu\u2019une s\u00e9rie de recherches r\u00e9centes a chamboul\u00e9 les connaissances sur les origines humaines, \u00e0 l\u2019image de l\u2019Homo longi, seulement reconnu comme nouvelle esp\u00e8ce et proche parent de l\u2019homme en 2021. Une lenteur qui s\u2019explique, comme le signale l\u2019introduction de l\u2019\u00e9tude, par le fait que \u00ab\u00a0la compr\u00e9hension des diff\u00e9rences entre ces lign\u00e9es repose en grande partie sur des cr\u00e2nes rares, souvent endommag\u00e9s et d\u00e9form\u00e9s par le temps\u00a0\u00bb. <\/p>\n","protected":false},"excerpt":{"rendered":"CHUANG ZHAO via AFP Une illustration de ce \u00e0 quoi aurait pu ressembler Yunxian 2, repr\u00e9sentant de notre&hellip;\n","protected":false},"author":2,"featured_media":418899,"comment_status":"","ping_status":"","sticky":false,"template":"","format":"standard","meta":{"footnotes":""},"categories":[7],"tags":[730,1011,27,54845,958,7949,43,40,41,39,42,44],"class_list":{"0":"post-418898","1":"post","2":"type-post","3":"status-publish","4":"format-standard","5":"has-post-thumbnail","7":"category-sciences-et-technologies","8":"tag-archeologie","9":"tag-fr","10":"tag-france","11":"tag-homo-sapiens","12":"tag-paleontologie","13":"tag-prehistoire","14":"tag-science","15":"tag-science-and-technology","16":"tag-sciences","17":"tag-sciences-et-technologies","18":"tag-technologies","19":"tag-technology"},"share_on_mastodon":{"url":"https:\/\/pubeurope.com\/@fr\/115270594467027833","error":""},"_links":{"self":[{"href":"https:\/\/www.europesays.com\/fr\/wp-json\/wp\/v2\/posts\/418898","targetHints":{"allow":["GET"]}}],"collection":[{"href":"https:\/\/www.europesays.com\/fr\/wp-json\/wp\/v2\/posts"}],"about":[{"href":"https:\/\/www.europesays.com\/fr\/wp-json\/wp\/v2\/types\/post"}],"author":[{"embeddable":true,"href":"https:\/\/www.europesays.com\/fr\/wp-json\/wp\/v2\/users\/2"}],"replies":[{"embeddable":true,"href":"https:\/\/www.europesays.com\/fr\/wp-json\/wp\/v2\/comments?post=418898"}],"version-history":[{"count":0,"href":"https:\/\/www.europesays.com\/fr\/wp-json\/wp\/v2\/posts\/418898\/revisions"}],"wp:featuredmedia":[{"embeddable":true,"href":"https:\/\/www.europesays.com\/fr\/wp-json\/wp\/v2\/media\/418899"}],"wp:attachment":[{"href":"https:\/\/www.europesays.com\/fr\/wp-json\/wp\/v2\/media?parent=418898"}],"wp:term":[{"taxonomy":"category","embeddable":true,"href":"https:\/\/www.europesays.com\/fr\/wp-json\/wp\/v2\/categories?post=418898"},{"taxonomy":"post_tag","embeddable":true,"href":"https:\/\/www.europesays.com\/fr\/wp-json\/wp\/v2\/tags?post=418898"}],"curies":[{"name":"wp","href":"https:\/\/api.w.org\/{rel}","templated":true}]}}