{"id":418904,"date":"2025-09-26T12:29:10","date_gmt":"2025-09-26T12:29:10","guid":{"rendered":"https:\/\/www.europesays.com\/fr\/418904\/"},"modified":"2025-09-26T12:29:10","modified_gmt":"2025-09-26T12:29:10","slug":"direct-lappel-a-la-mobilisation-des-agriculteurs-peu-suivi-en-bretagne-quelques-actions-coups-de-poing-sont-survenues-en-france","status":"publish","type":"post","link":"https:\/\/www.europesays.com\/fr\/418904\/","title":{"rendered":"DIRECT &#8211; L&rsquo;appel \u00e0 la mobilisation des agriculteurs peu suivi en Bretagne, quelques actions coups de poing sont survenues en France"},"content":{"rendered":"<p>Une remorque de mo\u00fbt de raisin d\u00e9vers\u00e9e devant les Douanes dans l&rsquo;H\u00e9rault<\/p>\n<p>Pr\u00e8s de B\u00e9ziers, des agriculteurs, accompagn\u00e9s de tracteurs et bennes, ont d\u00e9vers\u00e9 une remorque de mo\u00fbt de raisin devant le b\u00e2timent des Douanes, puis divers d\u00e9chets agricoles devant celui de la Direction d\u00e9partementale des territoires (DDTM) selon l&rsquo;AFP. Ils ont ensuite rencontr\u00e9 des \u00e9lus, et partag\u00e9 croissants et caf\u00e9 avec les policiers, dans une ambiance d\u00e9tendue. \u00ab\u00a0Ce n&rsquo;est qu&rsquo;un avertissement, la prochaine fois, \u00e7a sera plus s\u00e9v\u00e8re, on en a marre de se faire avoir\u00a0\u00bb, a d\u00e9clar\u00e9 \u00e0 l&rsquo;AFP le viticulteur et secr\u00e9taire g\u00e9n\u00e9ral de la FDSEA de l&rsquo;H\u00e9rault, C\u00e9dric Saur. \u00ab\u00a0Ce qu&rsquo;on veut, c&rsquo;est vivre de notre m\u00e9tier. Il est hors de question de subir l&rsquo;agriculture qu&rsquo;on veut nous imposer\u00a0\u00bb.<\/p>\n","protected":false},"excerpt":{"rendered":"Une remorque de mo\u00fbt de raisin d\u00e9vers\u00e9e devant les Douanes dans l&rsquo;H\u00e9rault Pr\u00e8s de B\u00e9ziers, des agriculteurs, accompagn\u00e9s&hellip;\n","protected":false},"author":2,"featured_media":418905,"comment_status":"","ping_status":"","sticky":false,"template":"","format":"standard","meta":{"footnotes":""},"categories":[4],"tags":[11,5825,7507,829,33,765,1011,27,12,25],"class_list":{"0":"post-418904","1":"post","2":"type-post","3":"status-publish","4":"format-standard","5":"has-post-thumbnail","7":"category-france","8":"tag-actualites","9":"tag-agroalimentaire","10":"tag-auray","11":"tag-bretagne","12":"tag-economie","13":"tag-en-continu","14":"tag-fr","15":"tag-france","16":"tag-news","17":"tag-republique-francaise"},"share_on_mastodon":{"url":"https:\/\/pubeurope.com\/@fr\/115270606143171016","error":""},"_links":{"self":[{"href":"https:\/\/www.europesays.com\/fr\/wp-json\/wp\/v2\/posts\/418904","targetHints":{"allow":["GET"]}}],"collection":[{"href":"https:\/\/www.europesays.com\/fr\/wp-json\/wp\/v2\/posts"}],"about":[{"href":"https:\/\/www.europesays.com\/fr\/wp-json\/wp\/v2\/types\/post"}],"author":[{"embeddable":true,"href":"https:\/\/www.europesays.com\/fr\/wp-json\/wp\/v2\/users\/2"}],"replies":[{"embeddable":true,"href":"https:\/\/www.europesays.com\/fr\/wp-json\/wp\/v2\/comments?post=418904"}],"version-history":[{"count":0,"href":"https:\/\/www.europesays.com\/fr\/wp-json\/wp\/v2\/posts\/418904\/revisions"}],"wp:featuredmedia":[{"embeddable":true,"href":"https:\/\/www.europesays.com\/fr\/wp-json\/wp\/v2\/media\/418905"}],"wp:attachment":[{"href":"https:\/\/www.europesays.com\/fr\/wp-json\/wp\/v2\/media?parent=418904"}],"wp:term":[{"taxonomy":"category","embeddable":true,"href":"https:\/\/www.europesays.com\/fr\/wp-json\/wp\/v2\/categories?post=418904"},{"taxonomy":"post_tag","embeddable":true,"href":"https:\/\/www.europesays.com\/fr\/wp-json\/wp\/v2\/tags?post=418904"}],"curies":[{"name":"wp","href":"https:\/\/api.w.org\/{rel}","templated":true}]}}