{"id":418912,"date":"2025-09-26T12:34:27","date_gmt":"2025-09-26T12:34:27","guid":{"rendered":"https:\/\/www.europesays.com\/fr\/418912\/"},"modified":"2025-09-26T12:34:27","modified_gmt":"2025-09-26T12:34:27","slug":"football-de-la-stabilite-avec-encore-deux-jeunes-gardiens-decouvrez-le-groupe-de-las-nancy-lorraine-pour-la-reception-du-stade-de-reims","status":"publish","type":"post","link":"https:\/\/www.europesays.com\/fr\/418912\/","title":{"rendered":"Football. De la stabilit\u00e9, avec encore deux jeunes gardiens\u2026 D\u00e9couvrez le groupe de l\u2019AS Nancy Lorraine pour la r\u00e9ception du Stade de Reims"},"content":{"rendered":"<p>On prend les m\u00eames et on recommence, moins Bakari Camara, puisque l\u2019ASNL \u00e9tait partie \u00e0 Dijon \u00e0 dix-neuf, mardi, pour rencontrer et <a href=\"https:\/\/www.estrepublicain.fr\/sport\/2025\/09\/23\/suivez-la-rencontre-entre-le-fc-annecy-et-l-as-nancy-lorraine\" target=\"_blank\" rel=\"noopener\">pour dominer Annecy<\/a>. Le coach Pablo Correa fait confiance au groupe rentr\u00e9 de Dijon avec les trois points. Un groupe dans lequel on retrouve une nouvelle fois le gardien Almami Tour\u00e9 en doublure du jeune Kenzo No\u00ebl, compte tenu de <a href=\"https:\/\/www.estrepublicain.fr\/sport\/2025\/09\/24\/as-nancy-lorraine-stade-de-reims-enzo-basilio-encore-suspendu-on-vous-explique-pourquoi\" target=\"_blank\" rel=\"noopener\">la suspension d\u2019Enzo Basilio<\/a> et de la blessure de Martin Sourzac. Il ne reste plus qu\u2019\u00e0 esp\u00e9rer, ce vendredi face au Stade de Reims, le m\u00eame r\u00e9sultat que face aux Savoyards\u2026<\/p>\n<p><strong>Le groupe nanc\u00e9ien\u00a0: <\/strong> No\u00ebl, Tour\u00e9, Julloux, Saint-Ruf, Nahounou, Fernandez, Bamba, Carlier, Bouriaud, Exp\u00e9rience, Bouabdeli, Bokangu, Fdaouch, Maouassa, Sidib\u00e9, Ouotro, Evans, Suljic<\/p>\n<p>Absents\u00a0: Camara, Dabasse, El Hansar, Ztouti, Tacafred (choix), Sourzac, Mendy (bless\u00e9s), Basilio (suspendu)<\/p>\n","protected":false},"excerpt":{"rendered":"On prend les m\u00eames et on recommence, moins Bakari Camara, puisque l\u2019ASNL \u00e9tait partie \u00e0 Dijon \u00e0 dix-neuf,&hellip;\n","protected":false},"author":2,"featured_media":418913,"comment_status":"","ping_status":"","sticky":false,"template":"","format":"standard","meta":{"footnotes":""},"categories":[9635],"tags":[1111,11,3703,1704,1777,674,63,1011,27,775,1702,1703,12,25,517,1700],"class_list":{"0":"post-418912","1":"post","2":"type-post","3":"status-publish","4":"format-standard","5":"has-post-thumbnail","7":"category-nancy","8":"tag-actu","9":"tag-actualites","10":"tag-asnl","11":"tag-edition-nancy-et-agglomeration","12":"tag-eu","13":"tag-europe","14":"tag-football","15":"tag-fr","16":"tag-france","17":"tag-grand-est","18":"tag-nancy","19":"tag-nancy-ville-54b","20":"tag-news","21":"tag-republique-francaise","22":"tag-sport","23":"tag-sport-lorrain"},"share_on_mastodon":{"url":"https:\/\/pubeurope.com\/@fr\/115270625828789470","error":""},"_links":{"self":[{"href":"https:\/\/www.europesays.com\/fr\/wp-json\/wp\/v2\/posts\/418912","targetHints":{"allow":["GET"]}}],"collection":[{"href":"https:\/\/www.europesays.com\/fr\/wp-json\/wp\/v2\/posts"}],"about":[{"href":"https:\/\/www.europesays.com\/fr\/wp-json\/wp\/v2\/types\/post"}],"author":[{"embeddable":true,"href":"https:\/\/www.europesays.com\/fr\/wp-json\/wp\/v2\/users\/2"}],"replies":[{"embeddable":true,"href":"https:\/\/www.europesays.com\/fr\/wp-json\/wp\/v2\/comments?post=418912"}],"version-history":[{"count":0,"href":"https:\/\/www.europesays.com\/fr\/wp-json\/wp\/v2\/posts\/418912\/revisions"}],"wp:featuredmedia":[{"embeddable":true,"href":"https:\/\/www.europesays.com\/fr\/wp-json\/wp\/v2\/media\/418913"}],"wp:attachment":[{"href":"https:\/\/www.europesays.com\/fr\/wp-json\/wp\/v2\/media?parent=418912"}],"wp:term":[{"taxonomy":"category","embeddable":true,"href":"https:\/\/www.europesays.com\/fr\/wp-json\/wp\/v2\/categories?post=418912"},{"taxonomy":"post_tag","embeddable":true,"href":"https:\/\/www.europesays.com\/fr\/wp-json\/wp\/v2\/tags?post=418912"}],"curies":[{"name":"wp","href":"https:\/\/api.w.org\/{rel}","templated":true}]}}