{"id":418923,"date":"2025-09-26T12:42:10","date_gmt":"2025-09-26T12:42:10","guid":{"rendered":"https:\/\/www.europesays.com\/fr\/418923\/"},"modified":"2025-09-26T12:42:10","modified_gmt":"2025-09-26T12:42:10","slug":"cest-quoi-cet-helicoptere-qui-a-survole-grenoble-a-basse-altitude-ce-vendredi-matin","status":"publish","type":"post","link":"https:\/\/www.europesays.com\/fr\/418923\/","title":{"rendered":"C&rsquo;est quoi cet h\u00e9licopt\u00e8re qui a survol\u00e9 Grenoble \u00e0 basse altitude ce vendredi matin\u00a0?"},"content":{"rendered":"<p>            Par<br \/>\n        <strong><br \/>\n            <a href=\"https:\/\/actu.fr\/auteur\/lisa-rodrigues\" title=\"Consulter tous les articles de Lisa Rodrigues\" rel=\"nofollow noopener\" target=\"_blank\">Lisa Rodrigues<\/a><br \/>\n        <\/strong><\/p>\n<p>        Publi\u00e9 le<\/p>\n<p>            26 sept. 2025 \u00e0 14h14        <\/p>\n<p>Un <strong>h\u00e9licopt\u00e8re<\/strong> a \u00e9t\u00e9 vu \u00e0 basse altitude survolant le parc Paul-Mistral \u00e0 <a href=\"https:\/\/actu.fr\/auvergne-rhone-alpes\/grenoble_38185\" rel=\"nofollow noopener\" target=\"_blank\">Grenoble<\/a> en pleine matin\u00e9e, vendredi 26 septembre. Non, ce n\u2019est pas une op\u00e9ration de sauvetage des forces de l\u2019ordre, ni les acrobaties d\u2019un pilote un peu trop aventureux, mais un vol op\u00e9r\u00e9 dans le cadre du <a href=\"https:\/\/actu.fr\/auvergne-rhone-alpes\/grenoble_38185\/grenoble-la-tour-perret-va-changer-de-visage-les-travaux-commencent_60348808.html\" rel=\"nofollow noopener\" target=\"_blank\">chantier de r\u00e9novation de la Tour Perret<\/a>.<\/p>\n<p class=\" wall-content\">Une soci\u00e9t\u00e9 d\u2019h\u00e9liportage de la Dr\u00f4me a \u00e9t\u00e9 mandat\u00e9e pour r\u00e9installer au sommet de la tour la boule sommitale pesant 1,3 tonne.<\/p>\n<p>D\u00e9pose \u00e0 80 m\u00e8tres du sol<\/p>\n<p class=\" wall-content\">Le survol du parc par l\u2019h\u00e9licopt\u00e8re n\u2019a dur\u00e9 qu\u2019une partie de la matin\u00e9e, le temps d\u2019amener au sommet les deux pi\u00e8ces n\u00e9cessaires \u2014 la boule en elle-m\u00eame et son socle \u2014 pour y \u00eatre d\u00e9finitivement install\u00e9s \u00e0 80 m\u00e8tres de haut par les ouvriers du chantier.\u00a0<\/p>\n<p>    <a href=\"https:\/\/www.facebook.com\/plugins\/post.php?href=https%3A%2F%2Fwww.facebook.com%2Fjdevecchi%2Fposts%2Fpfbid02P8RGZUBaXb9MVEApgMTKyti1MoPKGMRyoWWrRZToe2wwFCte2tbcQgDdHdDRaGQUl&amp;show_text=true&amp;width=350\" title=\"Ouvrie le lien\" rel=\"nofollow noopener\" target=\"_blank\">Cliquez ici pour visualiser le contenu<\/a><\/p>\n<p class=\" wall-content\">Un <strong>p\u00e9rim\u00e8tre de s\u00e9curit\u00e9<\/strong> a \u00e9t\u00e9 instaur\u00e9 dans le parc le temps de l\u2019op\u00e9ration, d\u00e9crite par la Ville comme \u00ab\u00a0un temps fort du chantier\u00a0\u00bb.<\/p>\n<p>R\u00e9ouverture en 2026<\/p>\n<p class=\" wall-content\">La Tour Perret entre donc dans la derni\u00e8re ligne droite de ses travaux de r\u00e9novation, le b\u00e2timent devant <strong>rouvrir au public au printemps 2026<\/strong>.<\/p>\n<p class=\" wall-content\">Pour rappel, le chantier de la Tour Perret a \u00e9t\u00e9 chiffr\u00e9 \u00e0 15,5 millions d\u2019euros \u2014 cofinanc\u00e9 par la Ville de Grenoble, l\u2019\u00c9tat et le D\u00e9partement de l\u2019Is\u00e8re.<\/p>\n<p class=\" wall-content\">Personnalisez votre actualit\u00e9 en ajoutant vos villes et m\u00e9dias en favori avec <a href=\"https:\/\/moncompte.actu.fr\" title=\"D\u00e9couvez Mon Actu\" rel=\"nofollow noopener\" data-trk=\"{&quot;cta&quot;:{&quot;action&quot;:&quot;https:\\\/\\\/moncompte.actu.fr&quot;,&quot;category&quot;:&quot;mon compte&quot;,&quot;from&quot;:&quot;article footer&quot;,&quot;name&quot;:&quot;Mon actu&quot;,&quot;type&quot;:&quot;cta&quot;}}\" target=\"_blank\">Mon Actu<\/a>.<\/p>\n","protected":false},"excerpt":{"rendered":"Par Lisa Rodrigues Publi\u00e9 le 26 sept. 2025 \u00e0 14h14 Un h\u00e9licopt\u00e8re a \u00e9t\u00e9 vu \u00e0 basse altitude&hellip;\n","protected":false},"author":2,"featured_media":418924,"comment_status":"","ping_status":"","sticky":false,"template":"","format":"standard","meta":{"footnotes":""},"categories":[9566],"tags":[1111,11,2430,1777,674,1011,27,2731,1757,12,2551,25,104],"class_list":{"0":"post-418923","1":"post","2":"type-post","3":"status-publish","4":"format-standard","5":"has-post-thumbnail","7":"category-grenoble","8":"tag-actu","9":"tag-actualites","10":"tag-auvergne-rhone-alpes","11":"tag-eu","12":"tag-europe","13":"tag-fr","14":"tag-france","15":"tag-grenoble","16":"tag-insolite","17":"tag-news","18":"tag-patrimoine","19":"tag-republique-francaise","20":"tag-societe"},"share_on_mastodon":{"url":"https:\/\/pubeurope.com\/@fr\/115270657163238266","error":""},"_links":{"self":[{"href":"https:\/\/www.europesays.com\/fr\/wp-json\/wp\/v2\/posts\/418923","targetHints":{"allow":["GET"]}}],"collection":[{"href":"https:\/\/www.europesays.com\/fr\/wp-json\/wp\/v2\/posts"}],"about":[{"href":"https:\/\/www.europesays.com\/fr\/wp-json\/wp\/v2\/types\/post"}],"author":[{"embeddable":true,"href":"https:\/\/www.europesays.com\/fr\/wp-json\/wp\/v2\/users\/2"}],"replies":[{"embeddable":true,"href":"https:\/\/www.europesays.com\/fr\/wp-json\/wp\/v2\/comments?post=418923"}],"version-history":[{"count":0,"href":"https:\/\/www.europesays.com\/fr\/wp-json\/wp\/v2\/posts\/418923\/revisions"}],"wp:featuredmedia":[{"embeddable":true,"href":"https:\/\/www.europesays.com\/fr\/wp-json\/wp\/v2\/media\/418924"}],"wp:attachment":[{"href":"https:\/\/www.europesays.com\/fr\/wp-json\/wp\/v2\/media?parent=418923"}],"wp:term":[{"taxonomy":"category","embeddable":true,"href":"https:\/\/www.europesays.com\/fr\/wp-json\/wp\/v2\/categories?post=418923"},{"taxonomy":"post_tag","embeddable":true,"href":"https:\/\/www.europesays.com\/fr\/wp-json\/wp\/v2\/tags?post=418923"}],"curies":[{"name":"wp","href":"https:\/\/api.w.org\/{rel}","templated":true}]}}