{"id":418925,"date":"2025-09-26T12:44:26","date_gmt":"2025-09-26T12:44:26","guid":{"rendered":"https:\/\/www.europesays.com\/fr\/418925\/"},"modified":"2025-09-26T12:44:26","modified_gmt":"2025-09-26T12:44:26","slug":"grenoble-une-peine-de-25-ans-de-reclusion-criminelle-requise-a-lencontre-de-melissa-bouasker-accusee-de-meutre-et-tentative-de-meurtre","status":"publish","type":"post","link":"https:\/\/www.europesays.com\/fr\/418925\/","title":{"rendered":"Grenoble. Une peine de 25 ans de r\u00e9clusion criminelle requise\u00a0\u00e0 l&rsquo;encontre de M\u00e9lissa Bouasker accus\u00e9e de meutre et tentative de meurtre"},"content":{"rendered":"<p><a href=\"https:\/\/www.ledauphine.com\/faits-divers-justice\/2025\/09\/22\/isere-grenoble-de-achref-a-melissa-une-vie-de-violence-et-de-traumatismes\" target=\"_blank\" rel=\"noopener\">Le dernier jour du proc\u00e8s de M\u00e9lissa Bouasker<\/a>, une femme transgenre de 29 ans accus\u00e9e du meurtre de son compagnon et d\u2019une tentative de meurtre sur son pr\u00e9c\u00e9dent conjoint, s\u2019est ouvert ce vendredi matin devant la cour d\u2019assises de l\u2019Is\u00e8re avec les r\u00e9quisitions de l\u2019avocat g\u00e9n\u00e9ral Guillaume Georges.<\/p>\n<p>\u00a0<\/p>\n<p>  \u00ab\u00a0Je ne vais pas vous dire que c\u2019est un monstre, mais il y a une dangerosit\u00e9\u00a0\u00bb<\/p>\n<p>Celui-ci a requis, \u00e0 l\u2019encontre de l\u2019accus\u00e9e, une peine de 25 ann\u00e9es de r\u00e9clusion criminelle ainsi qu\u2019un suivi sociojudiciaire d\u2019une p\u00e9riode de 20 ans. \u00ab\u00a0Je ne vais pas vous dire que c\u2019est un monstre, mais il y a une dangerosit\u00e9\u00a0\u00bb, a lanc\u00e9\u00a0 Guillaume Georges aux jur\u00e9s qu\u2019il a entre autres invit\u00e9 \u00e0 garder en m\u00e9moire, lors des d\u00e9lib\u00e9rations, \u00ab\u00a0les m\u00e9canismes mortif\u00e8res identiques qui ont conduit aux deux crimes\u00a0\u00bb, \u00ab\u00a0le caract\u00e8re atroce et sordide du meurtre\u00a0\u00bb et \u00ab\u00a0le risque \u00e9lev\u00e9 de r\u00e9it\u00e9ration\u00a0\u00bb. L&rsquo;avocat g\u00e9n\u00e9ral a \u00e9galement appel\u00e9 la cour d&rsquo;assises \u00e0 ne pas descendre sous le seuil de 20 ann\u00e9es de r\u00e9clusion criminelle.<\/p>\n<p><a href=\"https:\/\/www.ledauphine.com\/faits-divers-justice\/2025\/09\/25\/isere-proces-de-melissa-bouasker-elle-affirme-avoir-ete-debordee-par-la-rage-et-la-colere\" target=\"_blank\" rel=\"noopener\">M\u00e9lissa Bouasker est accus\u00e9e d\u2019avoir, en septembre 2022 \u00e0 Corenc<\/a>, tu\u00e9 Julien, son compagnon, de 41 coups de couteau et d\u2019avoir, en janvier 2021, tent\u00e9 de tuer Gr\u00e9gory, <a href=\"https:\/\/www.ledauphine.com\/faits-divers-justice\/2025\/09\/23\/isere-fontaine-corenc-je-me-retourne-et-je-la-vois-sortir-une-lame-de-sa-poche-deuxieme-jour-du-proces-de-melissa-bouasker\" target=\"_blank\" rel=\"noopener\">son pr\u00e9c\u00e9dent compagnon<\/a>, qui avait \u00e9t\u00e9 gri\u00e8vement bless\u00e9 d\u2019une demi-douzaine de coups de couteau \u00e0 Fontaine. Des faits qui avaient \u00e9t\u00e9 commis, \u00e0 chaque fois, alors que ces hommes venaient de signifier \u00e0 M\u00e9lissa Bouasker leur intention de se s\u00e9parer d\u2019elle.<\/p>\n<p>Le verdict est attendu ce vendredi en fin de journ\u00e9e.<\/p>\n","protected":false},"excerpt":{"rendered":"Le dernier jour du proc\u00e8s de M\u00e9lissa Bouasker, une femme transgenre de 29 ans accus\u00e9e du meurtre de&hellip;\n","protected":false},"author":2,"featured_media":418926,"comment_status":"","ping_status":"","sticky":false,"template":"","format":"standard","meta":{"footnotes":""},"categories":[9566],"tags":[1111,11,2430,112,1777,674,274,107,1011,27,2731,108,1985,12,25],"class_list":{"0":"post-418925","1":"post","2":"type-post","3":"status-publish","4":"format-standard","5":"has-post-thumbnail","7":"category-grenoble","8":"tag-actu","9":"tag-actualites","10":"tag-auvergne-rhone-alpes","11":"tag-edition-grenoble-agglomeration","12":"tag-eu","13":"tag-europe","14":"tag-faits-divers-justice","15":"tag-fil-info","16":"tag-fr","17":"tag-france","18":"tag-grenoble","19":"tag-isere","20":"tag-metropole-de-grenoble","21":"tag-news","22":"tag-republique-francaise"},"share_on_mastodon":{"url":"https:\/\/pubeurope.com\/@fr\/115270665058028096","error":""},"_links":{"self":[{"href":"https:\/\/www.europesays.com\/fr\/wp-json\/wp\/v2\/posts\/418925","targetHints":{"allow":["GET"]}}],"collection":[{"href":"https:\/\/www.europesays.com\/fr\/wp-json\/wp\/v2\/posts"}],"about":[{"href":"https:\/\/www.europesays.com\/fr\/wp-json\/wp\/v2\/types\/post"}],"author":[{"embeddable":true,"href":"https:\/\/www.europesays.com\/fr\/wp-json\/wp\/v2\/users\/2"}],"replies":[{"embeddable":true,"href":"https:\/\/www.europesays.com\/fr\/wp-json\/wp\/v2\/comments?post=418925"}],"version-history":[{"count":0,"href":"https:\/\/www.europesays.com\/fr\/wp-json\/wp\/v2\/posts\/418925\/revisions"}],"wp:featuredmedia":[{"embeddable":true,"href":"https:\/\/www.europesays.com\/fr\/wp-json\/wp\/v2\/media\/418926"}],"wp:attachment":[{"href":"https:\/\/www.europesays.com\/fr\/wp-json\/wp\/v2\/media?parent=418925"}],"wp:term":[{"taxonomy":"category","embeddable":true,"href":"https:\/\/www.europesays.com\/fr\/wp-json\/wp\/v2\/categories?post=418925"},{"taxonomy":"post_tag","embeddable":true,"href":"https:\/\/www.europesays.com\/fr\/wp-json\/wp\/v2\/tags?post=418925"}],"curies":[{"name":"wp","href":"https:\/\/api.w.org\/{rel}","templated":true}]}}