{"id":418927,"date":"2025-09-26T12:45:22","date_gmt":"2025-09-26T12:45:22","guid":{"rendered":"https:\/\/www.europesays.com\/fr\/418927\/"},"modified":"2025-09-26T12:45:22","modified_gmt":"2025-09-26T12:45:22","slug":"chartres-de-bretagne-une-annee-riche-pour-lorchestre-de-chartres-de-bretagne","status":"publish","type":"post","link":"https:\/\/www.europesays.com\/fr\/418927\/","title":{"rendered":"Chartres-de-Bretagne. Une ann\u00e9e riche pour l\u2019orchestre de Chartres-de-Bretagne"},"content":{"rendered":"<p>L\u2019orchestre de Chartres-de-Bretagne, qui a f\u00eat\u00e9 ses 40\u00a0ans en 2022, compte 53\u00a0musiciens. Le partenariat avec l\u2019\u00e9cole intercommunale de musique et de danse Jean-Wiener continue, en accueillant six \u00e9l\u00e8ves en son sein.<\/p>\n<p>Le bureau, partiellement renouvel\u00e9, avec toujours Olivier Rabeau \u00e0 la pr\u00e9sidence, annonce une saison intense en concerts, stages et rencontres amicales.<\/p>\n<p>Au programme de l\u2019ann\u00e9e\u00a0: 26\u00a0septembre, 3 et 4\u00a0octobre, stage de musique\u00a0; 25\u00a0octobre, participation Marathon vert, \u00e0 Rennes\u00a0; 22\u00a0novembre, concert Sainte-C\u00e9cile avec l\u2019ensemble vocal Le diapason au p\u00f4le sud\u00a0; 16 et 17\u00a0janvier 2026, stage de musique\u00a0; 24\u00a0janvier, concert \u00e0 Dinan (C\u00f4tes-d\u2019Armor) pour faire d\u00e9couvrir la musique d\u2019harmonie aupr\u00e8s d\u2019enfants en difficult\u00e9\u00a0; 4, 5 et 6\u00a0avril, accueil de l\u2019harmonie de Vernon (Eure), avec un concert en commun au p\u00f4le sud samedi 4\u00a0avril\u00a0; 30\u00a0mai, co-organisation d\u2019un grand festival d\u2019orchestres d\u2019harmonie \u00e0 la Halle de la Conterie, avec la F\u00e9d\u00e9ration pour la pratique et l\u2019enseignement artistique en Ille-et-Vilaine\u00a0; juin\u00a02026, F\u00eate de la musique et f\u00eate des \u00e9coles.<\/p>\n<p>\u00a0<\/p>\n","protected":false},"excerpt":{"rendered":"L\u2019orchestre de Chartres-de-Bretagne, qui a f\u00eat\u00e9 ses 40\u00a0ans en 2022, compte 53\u00a0musiciens. Le partenariat avec l\u2019\u00e9cole intercommunale de&hellip;\n","protected":false},"author":2,"featured_media":418928,"comment_status":"","ping_status":"","sticky":false,"template":"","format":"standard","meta":{"footnotes":""},"categories":[2821],"tags":[1111,11,5648,829,19962,1777,674,1011,27,12,14196,3086,584,25,14660],"class_list":{"0":"post-418927","1":"post","2":"type-post","3":"status-publish","4":"format-standard","5":"has-post-thumbnail","7":"category-rennes","8":"tag-actu","9":"tag-actualites","10":"tag-annee","11":"tag-bretagne","12":"tag-chartres-de-bretagne","13":"tag-eu","14":"tag-europe","15":"tag-fr","16":"tag-france","17":"tag-news","18":"tag-orchestre","19":"tag-redon","20":"tag-rennes","21":"tag-republique-francaise","22":"tag-riche"},"share_on_mastodon":{"url":"https:\/\/pubeurope.com\/@fr\/115270669128278039","error":""},"_links":{"self":[{"href":"https:\/\/www.europesays.com\/fr\/wp-json\/wp\/v2\/posts\/418927","targetHints":{"allow":["GET"]}}],"collection":[{"href":"https:\/\/www.europesays.com\/fr\/wp-json\/wp\/v2\/posts"}],"about":[{"href":"https:\/\/www.europesays.com\/fr\/wp-json\/wp\/v2\/types\/post"}],"author":[{"embeddable":true,"href":"https:\/\/www.europesays.com\/fr\/wp-json\/wp\/v2\/users\/2"}],"replies":[{"embeddable":true,"href":"https:\/\/www.europesays.com\/fr\/wp-json\/wp\/v2\/comments?post=418927"}],"version-history":[{"count":0,"href":"https:\/\/www.europesays.com\/fr\/wp-json\/wp\/v2\/posts\/418927\/revisions"}],"wp:featuredmedia":[{"embeddable":true,"href":"https:\/\/www.europesays.com\/fr\/wp-json\/wp\/v2\/media\/418928"}],"wp:attachment":[{"href":"https:\/\/www.europesays.com\/fr\/wp-json\/wp\/v2\/media?parent=418927"}],"wp:term":[{"taxonomy":"category","embeddable":true,"href":"https:\/\/www.europesays.com\/fr\/wp-json\/wp\/v2\/categories?post=418927"},{"taxonomy":"post_tag","embeddable":true,"href":"https:\/\/www.europesays.com\/fr\/wp-json\/wp\/v2\/tags?post=418927"}],"curies":[{"name":"wp","href":"https:\/\/api.w.org\/{rel}","templated":true}]}}