{"id":418929,"date":"2025-09-26T12:46:15","date_gmt":"2025-09-26T12:46:15","guid":{"rendered":"https:\/\/www.europesays.com\/fr\/418929\/"},"modified":"2025-09-26T12:46:15","modified_gmt":"2025-09-26T12:46:15","slug":"une-foule-de-spectateurs-pour-le-concert-gratuit-de-luiza-a-rennes","status":"publish","type":"post","link":"https:\/\/www.europesays.com\/fr\/418929\/","title":{"rendered":"une foule de spectateurs pour le concert gratuit de Luiza, \u00e0 Rennes"},"content":{"rendered":"<p>            Par<br \/>\n        <strong><br \/>\n            <a href=\"https:\/\/actu.fr\/auteur\/brian-legoff\" title=\"Consulter tous les articles de Brian Le Goff\" rel=\"nofollow noopener\" target=\"_blank\">Brian Le Goff<\/a><br \/>\n        <\/strong><\/p>\n<p>        Publi\u00e9 le<\/p>\n<p>            26 sept. 2025 \u00e0 14h29        <\/p>\n<p><strong>C\u2019est l\u2019endroit o\u00f9 il fallait \u00eatre,<\/strong> jeudi 25\u00a0septembre 2025, \u00e0 Rennes. Apr\u00e8s la nuit tomb\u00e9e, la d\u00e9sormais c\u00e9l\u00e8bre<strong> Luiza, compositrice et interpr\u00e8te du tube de cet \u00e9t\u00e9 Soleil Bleu, <\/strong>\u00e9tait de retour sur ses terres natales pour un <a href=\"https:\/\/actu.fr\/bretagne\/rennes_35238\/la-chanteuse-de-soleil-bleu-luiza-sera-a-rennes-pour-un-concert-gratuit-ce-jeudi_63210636.html\" rel=\"nofollow noopener\" target=\"_blank\">concert gratuit<\/a> place du Calvaire, dans le centre historique de la capitale bretonne. <a href=\"https:\/\/actu.fr\/rennes\/\" rel=\"nofollow noopener\" target=\"_blank\">Actu Rennes<\/a> \u00e9tait bien s\u00fbr pr\u00e9sent sur place pour vous <strong>partager l\u2019ambiance et \u00e9changer avec<\/strong> les spectateurs \u2013 et m\u00eame le manager de l\u2019artiste.<\/p>\n<p>\u00ab\u2009Le bouche-\u00e0-oreille a fait son effet\u2009\u00bb<\/p>\n<p class=\" wall-content\">Au d\u00e9part, cet \u00e9v\u00e9nement <strong>n\u2019aurait jamais d\u00fb avoir lieu dans cette dimension<\/strong>. \u00ab\u2009En fait, nous sommes copains avec Luiza depuis notre enfance. On a pass\u00e9 notre vie \u00e0 faire la fiesta ensemble et on avait pr\u00e9vu un concert de retrouvailles entre nous. On a pr\u00e9venu quelques voisins et le bouche-\u00e0-oreille a fait son effet\u2009\u00bb, explique <strong>Nicolas Franco<\/strong>, l\u2019un des patrons du restaurant Le Tire Bouchon.<\/p>\n<p>    <img   decoding=\"async\" loading=\"lazy\" src=\"https:\/\/www.europesays.com\/fr\/wp-content\/uploads\/2025\/09\/luiza-concert-rennes-25-septembre-soleil-bleu-17-960x640.jpg\" alt=\"Nicolas Franco, l'un des patrons du restaurant Le Tire Bouchon \u00e0 Renne,s \u00e0 l'origine du concert gratuit de son amie d'enfance Luiza, ce jeudi soir \u00e0 Rennes.\" width=\"960\" height=\"640\"\/><br \/>\n    Nicolas Franco, l\u2019un des patrons du restaurant Le Tire Bouchon \u00e0 Rennes, \u00e0 l\u2019origine du concert gratuit de son amie d\u2019enfance Luiza, ce jeudi soir \u00e0 Rennes. (\u00a9Brian Le Goff \/ actu Rennes)<\/p>\n<p class=\" wall-content\">Le <strong>simple showcase<\/strong> au sein de l\u2019\u00e9tablissement est devenu un <strong>v\u00e9ritable concert<\/strong> gr\u00e2ce \u00e0 la divulgation de l\u2019information dans les m\u00e9dias. \u00ab\u2009Finalement, on a <strong>organis\u00e9 \u00e7a avec la Ville\u2009\u00bb<\/strong>, relate Nicolas Franco.<\/p>\n<p class=\" wall-content\">En effet, <strong>policiers municipaux et agents de s\u00e9curit\u00e9<\/strong> priv\u00e9e s\u00e9curisaient les abords de la place. Une grande sc\u00e8ne a \u00e9t\u00e9 install\u00e9e. <a href=\"https:\/\/actu.fr\/tag\/nathalie-appere\" rel=\"nofollow noopener\" target=\"_blank\">Nathalie App\u00e9r\u00e9<\/a>, maire de Rennes, a m\u00eame rendu visite \u00e0 l\u2019artiste et ses deux musiciens, un peu plus t\u00f4t dans la soir\u00e9e.<\/p>\n<p class=\" wall-content\"><a href=\"https:\/\/www.instagram.com\/p\/DPCdr0zDenn\/embed\" title=\"Ouvrir le lien sur Instagram\" rel=\"nofollow noopener\" target=\"_blank\">Visualiser le contenu sur Instagram<\/a><\/p>\n<p class=\" wall-content\">Du c\u00f4t\u00e9 du public, beaucoup voulaient enfin d\u00e9couvrir l\u2019artiste qu\u2019ils ont tant \u00e9cout\u00e9e tout au long de cet \u00e9t\u00e9 2025 avec le tube Soleil Bleu. \u00c0 l\u2019image de <strong>Val\u00e9rie, 52\u00a0ans et habitante d\u2019Annecy,<\/strong> en formation \u00e0 Rennes, cette semaine\u2009: \u00ab\u2009Je savais qu\u2019elle \u00e9tait d\u2019ici et j\u2019avais envie de la voir en concert, enfin\u2009!\u2009\u00bb<\/p>\n<p>Votre r\u00e9gion, votre actu !<\/p>\n<p>Recevez chaque jour les infos qui comptent pour vous.<\/p>\n<p>\t<a href=\"https:\/\/actu.fr\/newsletter\" class=\"ac-btn ac-btn--corner ac-btn--medium ac-btn--blue800\" rel=\"nofollow noopener\" target=\"_blank\">S&rsquo;incrire<\/a><br \/>\n\u00ab\u2009On conna\u00eet une chanson et on va d\u00e9couvrir les autres\u2009\u00bb<\/p>\n<p class=\" wall-content\"><strong>Blaise, 12\u00a0ans,<\/strong> petite s\u0153ur d\u2019un des meilleurs amis de la chanteuse, \u00e9tait aussi pr\u00e9sente dans le public. \u00ab\u2009J\u2019en ai beaucoup entendu parler et aim\u00e9 son titre Soleil Bleu. Mais c\u2019est la premi\u00e8re fois que je la rencontre. Il y a <strong>de l\u2019excitation et de la joie<\/strong>.\u2009\u00bb<\/p>\n<blockquote class=\"ac-article-quote wall-content\">\n<p>On conna\u00eet une chanson et on va en d\u00e9couvrir d&rsquo;autres.<\/p>\n<p>    <strong>Florence et Sacha <\/strong><br \/>\n        M\u00e8re et fils    <\/p><\/blockquote>\n<p class=\" wall-content\">\u00ab\u2009On a <strong>beaucoup entendu ce titre sur les r\u00e9seaux sociaux<\/strong> et je ne savais m\u00eame pas qu\u2019elle \u00e9tait rennaise. C\u2019est un peu le dernier concert de l\u2019\u00e9t\u00e9 pour nous\u2009\u00bb, s\u2019enthousiasment <strong>Sam, Florentin et Roxane,<\/strong> tous \u00e2g\u00e9s d\u2019une <strong>vingtaine d\u2019ann\u00e9es<\/strong>. \u00ab\u2009On voulait voir ce que \u00e7a donnait en live. C\u2019est un plaisir que de venir et de supporter une future grande chanteuse rennaise\u2009\u00bb, compl\u00e8tent <strong>Jean-Michel et V\u00e9ronique, tous deux \u00e2g\u00e9s de 64\u00a0ans, et Fabienne, 59\u00a0ans<\/strong>. Et qu\u2019importe le temps d\u2019attente \u2013 annonc\u00e9 pour 20h, le concert n\u2019a commenc\u00e9 qu\u2019apr\u00e8s 21h \u2013 la foule n\u2019a cess\u00e9 de se resserrer devant la sc\u00e8ne.<\/p>\n<p class=\" wall-content\">Avec ses deux musiciens,<strong> \u00e0 la trompette et au saxophone,<\/strong> Luiza a interpr\u00e9t\u00e9 une dizaine de titres sur sc\u00e8ne. Un miroir de son m\u00e9tissage culturel o\u00f9 <strong>pop, \u00e9lectro, dub-reggae et influences plus traditionnelles<\/strong> s\u2019entrem\u00ealent.<\/p>\n<p class=\" wall-content\"><a href=\"https:\/\/www.instagram.com\/reel\/DPCtnKmDHSM\/embed\" title=\"Ouvrir le lien sur Instagram\" rel=\"nofollow noopener\" target=\"_blank\">Visualiser le contenu sur Instagram<\/a><\/p>\n<p>\u00ab\u2009On a tr\u00e8s vite senti qu\u2019il se passait quelque chose\u2009\u00bb<\/p>\n<p class=\" wall-content\">L\u2019ambiance \u00e9tait bien \u00e9videmment au rendez-vous. Sur le c\u00f4t\u00e9 de la sc\u00e8ne, <strong>Chet, son manager,<\/strong> se f\u00e9licite pour la r\u00e9ussite de cette soir\u00e9e. \u00ab\u2009Cet \u00e9t\u00e9, on a tr\u00e8s vite senti qu\u2019il se passait quelque chose avec ce titre\u2009\u00bb, retrace celui qui l\u2019accompagne dans sa jeune carri\u00e8re depuis trois ans. \u00ab\u2009Tous les m\u00e9dias voulaient rencontrer la chanteuse du tube de l\u2019\u00e9t\u00e9.<strong> \u00c7a permet \u00e0 pr\u00e9sent d\u2019envisager l\u2019album, qui sortira d\u00e9but 2026,<\/strong> avec d\u2019autres perspectives.\u2009\u00bb<\/p>\n<p class=\" wall-content\">Pour lui, c\u2019est <strong>\u00ab\u2009un bonheur\u2009\u00bb<\/strong> de travailler avec une artiste <strong>\u00ab\u2009qui foisonne autant\u2009\u00bb.<\/strong> Franco-br\u00e9silienne, Luiza a aussi grandi \u00e0 La R\u00e9union. \u00ab\u2009C\u2019est de l\u00e0 que viennent toutes ses \u00e9motions festives. Elle a travers\u00e9 plein d\u2019histoires, alors qu\u2019elle n\u2019a que 30\u00a0ans, et s\u2019en nourrit dans sa musique. Elle a un <strong>bagage artistique tr\u00e8s complet<\/strong> avec une capacit\u00e9 \u00e0 jouer n\u2019importe o\u00f9 dans n\u2019importe quelles conditions. Elle a <strong>appris ce m\u00e9tier par le bon bout<\/strong>.\u2009\u00bb<\/p>\n<blockquote class=\"ac-article-quote wall-content\">\n<p>Cet \u00e9t\u00e9, on a encha\u00een\u00e9 quatre dates par semaine avec des milliers de spectateurs. Mais \u00eatre ici, chez elle \u00e0 Rennes, c&rsquo;est une \u00e9motion hyper particuli\u00e8re. Elle pensait \u00e0 cette rencontre avec le public de chez elle depuis longtemps, au-del\u00e0 des grandes dates d\u00e9j\u00e0 annonc\u00e9es, comme celle de La Cigale, en mai 2026.<\/p>\n<p>    <strong>Chet<\/strong><br \/>\n        Manager de Luiza    <\/p><\/blockquote>\n<p class=\" wall-content\">Apr\u00e8s ce jeudi soir, c\u2019est donc de la <strong>\u00ab\u2009satisfaction\u2009\u00bb<\/strong> qui domine dans l\u2019entourage de l\u2019artiste rennaise, comme \u00ab\u2009depuis le d\u00e9but\u2009\u00bb. \u00ab\u2009Trois ans dans une carri\u00e8re d\u2019un artiste, ce n\u2019est pas du tout long. <strong>On a des producteurs qui ont su mettre des graines un peu partout.<\/strong> Des fois, il y a des acc\u00e9l\u00e9rateurs, comme la t\u00e9l\u00e9 et ce tube de l\u2019\u00e9t\u00e9, mais la plupart des gens dans la musique tournent et font leur m\u00e9tier. C\u2019est son cas et <strong>elle a en plus fait un tube\u2009\u00bb<\/strong>, conclut Chet.<\/p>\n<p>Ces amis annulent leur r\u00e9servation au restaurant pour voir Luiza<\/p>\n<p class=\" wall-content\">Au fil de la soir\u00e9e, la chanteuse aura r\u00e9ussi le <strong>pari de faire d\u00e9couvrir son univers \u00e0 un public h\u00e9t\u00e9roclite,<\/strong> comme ces amis sont tomb\u00e9s sur l\u2019\u00e9v\u00e9nement par hasard en passant sur la place.<\/p>\n<p>    <img   decoding=\"async\" loading=\"lazy\" src=\"https:\/\/www.europesays.com\/fr\/wp-content\/uploads\/2025\/09\/luiza-concert-rennes-25-septembre-soleil-bleu-16-960x640.jpg\" alt=\"...\" width=\"960\" height=\"640\"\/><br \/>\n    Lydwine, Sophie et Guillemette apr\u00e8s le concert gratuit de Luiza, jeudi soir \u00e0 Rennes. (\u00a9 Brian Le Goff \/ actu Rennes)<\/p>\n<p class=\" wall-content\">\u00ab\u2009On a vraiment su \u00e0 19h30 qu\u2019il y avait ce concert alors que l\u2019on se rendait au restaurant.<strong> On a finalement annul\u00e9 notre r\u00e9servation au dernier moment<\/strong> sur le chemin. Elle a une \u00e9nergie incroyable et un mix culturel dingue. On a <strong>voulu en profiter tant qu\u2019elle est accessible<\/strong> pour l\u2019instant, mais qu\u2019en sera-t-il dans six mois\u2009?\u2009\u00bb, glissent <strong>Lydwine, Sophie et Guillemette<\/strong>.<\/p>\n<p class=\" wall-content\">Personnalisez votre actualit\u00e9 en ajoutant vos villes et m\u00e9dias en favori avec <a href=\"https:\/\/moncompte.actu.fr\" title=\"D\u00e9couvez Mon Actu\" rel=\"nofollow noopener\" data-trk=\"{&quot;cta&quot;:{&quot;action&quot;:&quot;https:\\\/\\\/moncompte.actu.fr&quot;,&quot;category&quot;:&quot;mon compte&quot;,&quot;from&quot;:&quot;article footer&quot;,&quot;name&quot;:&quot;Mon actu&quot;,&quot;type&quot;:&quot;cta&quot;}}\" target=\"_blank\">Mon Actu<\/a>.<\/p>\n<p>                    <script async src=\"\/\/www.instagram.com\/embed.js\"><\/script><\/p>\n","protected":false},"excerpt":{"rendered":"Par Brian Le Goff Publi\u00e9 le 26 sept. 2025 \u00e0 14h29 C\u2019est l\u2019endroit o\u00f9 il fallait \u00eatre, jeudi&hellip;\n","protected":false},"author":2,"featured_media":418930,"comment_status":"","ping_status":"","sticky":false,"template":"","format":"standard","meta":{"footnotes":""},"categories":[2821],"tags":[1111,11,829,1697,1777,674,1011,27,1652,873,12,584,25],"class_list":{"0":"post-418929","1":"post","2":"type-post","3":"status-publish","4":"format-standard","5":"has-post-thumbnail","7":"category-rennes","8":"tag-actu","9":"tag-actualites","10":"tag-bretagne","11":"tag-concert","12":"tag-eu","13":"tag-europe","14":"tag-fr","15":"tag-france","16":"tag-loisirs-culture","17":"tag-musique","18":"tag-news","19":"tag-rennes","20":"tag-republique-francaise"},"share_on_mastodon":{"url":"https:\/\/pubeurope.com\/@fr\/115270673583932454","error":""},"_links":{"self":[{"href":"https:\/\/www.europesays.com\/fr\/wp-json\/wp\/v2\/posts\/418929","targetHints":{"allow":["GET"]}}],"collection":[{"href":"https:\/\/www.europesays.com\/fr\/wp-json\/wp\/v2\/posts"}],"about":[{"href":"https:\/\/www.europesays.com\/fr\/wp-json\/wp\/v2\/types\/post"}],"author":[{"embeddable":true,"href":"https:\/\/www.europesays.com\/fr\/wp-json\/wp\/v2\/users\/2"}],"replies":[{"embeddable":true,"href":"https:\/\/www.europesays.com\/fr\/wp-json\/wp\/v2\/comments?post=418929"}],"version-history":[{"count":0,"href":"https:\/\/www.europesays.com\/fr\/wp-json\/wp\/v2\/posts\/418929\/revisions"}],"wp:featuredmedia":[{"embeddable":true,"href":"https:\/\/www.europesays.com\/fr\/wp-json\/wp\/v2\/media\/418930"}],"wp:attachment":[{"href":"https:\/\/www.europesays.com\/fr\/wp-json\/wp\/v2\/media?parent=418929"}],"wp:term":[{"taxonomy":"category","embeddable":true,"href":"https:\/\/www.europesays.com\/fr\/wp-json\/wp\/v2\/categories?post=418929"},{"taxonomy":"post_tag","embeddable":true,"href":"https:\/\/www.europesays.com\/fr\/wp-json\/wp\/v2\/tags?post=418929"}],"curies":[{"name":"wp","href":"https:\/\/api.w.org\/{rel}","templated":true}]}}