{"id":418933,"date":"2025-09-26T12:48:19","date_gmt":"2025-09-26T12:48:19","guid":{"rendered":"https:\/\/www.europesays.com\/fr\/418933\/"},"modified":"2025-09-26T12:48:19","modified_gmt":"2025-09-26T12:48:19","slug":"une-phrase-lancee-a-des-enfants-au-mcdo-choque-une-journaliste","status":"publish","type":"post","link":"https:\/\/www.europesays.com\/fr\/418933\/","title":{"rendered":"une phrase lanc\u00e9e \u00e0 des enfants au McDo choque une journaliste"},"content":{"rendered":"<p>            Par<br \/>\n        <strong><br \/>\n            <a href=\"https:\/\/actu.fr\/auteur\/ivan-capecchi\" title=\"Consulter tous les articles de Ivan CAPECCHI\" target=\"_blank\" rel=\"noopener\">Ivan CAPECCHI<\/a><br \/>\n        <\/strong><\/p>\n<p>        Publi\u00e9 le<\/p>\n<p>            26 sept. 2025 \u00e0 14h24        <\/p>\n<p>Le 22\u00a0f\u00e9vrier 2025, lors d\u2019une <strong>manifestation pro-palestinienne \u00e0 Strasbourg<\/strong>, la journaliste <strong>Nora Bussigny<\/strong> \u2013 infiltr\u00e9e dans ces milieux pour pr\u00e9parer son livre Les Nouveaux Antis\u00e9mites (paru le 17\u00a0septembre 2025) \u2013 a \u00e9t\u00e9 t\u00e9moin d\u2019une sc\u00e8ne marquante. Des manifestants ont cri\u00e9 \u00e0 des enfants install\u00e9s au <strong>McDonald\u2019s de la place Kl\u00e9ber<\/strong>\u2009: \u00ab<strong>\u2009Vous mangez la chair des enfants palestiniens<\/strong>\u2009\u00bb.<\/p>\n<p>Nora Bussigny\u2009: \u00ab\u2009Je n\u2019ai pas sign\u00e9 pour terroriser des enfants\u2009\u00bb<\/p>\n<p class=\" wall-content\">\u00ab\u2009Les familles, effray\u00e9es, se sont <strong>retranch\u00e9es dans le McDonald\u2019s<\/strong>, et les <strong>forces de l\u2019ordre<\/strong> se sont mises devant la porte pour <strong>prot\u00e9ger les familles des manifestants<\/strong>\u2009\u00bb, retrace Nora Bussigny, qui d\u00e9cida ce jour-l\u00e0 de<strong> quitter la mobilisation plus t\u00f4t que pr\u00e9vu<\/strong>.<\/p>\n<p class=\" wall-content\">\u00ab<strong>\u2009Voir la terreur dans les yeux<\/strong> de ces <a href=\"https:\/\/actu.fr\/tag\/enfants\" target=\"_blank\" rel=\"noopener\">enfants<\/a> qui mangeaient un Happy Meal, les voir se pr\u00e9cipiter dans le McDonald\u2019s, prot\u00e9g\u00e9s par les forces de l\u2019ordre, <strong>c\u2019en \u00e9tait trop pour moi<\/strong>. J\u2019ai beau faire de l\u2019immersion,<strong> je n\u2019ai pas sign\u00e9 pour terroriser des enfants<\/strong>\u2009\u00bb, explique-t-elle.<\/p>\n<p class=\" wall-content\">Nous avons tent\u00e9 de contacter le <strong>collectif Palestine 67<\/strong>, organisateur de la manifestation du 22\u00a0f\u00e9vrier 2025, en vain.<\/p>\n<p>Les Nouveaux Antis\u00e9mites, un livre-enqu\u00eate au c\u0153ur des r\u00e9seaux pro-palestiniens<\/p>\n<p class=\" wall-content\">Les Nouveaux Antis\u00e9mites de Nora Bussigny est une <strong>enqu\u00eate immersive<\/strong> men\u00e9e au c\u0153ur de <strong>collectifs d\u2019ultra-gauche<\/strong>, de <strong>r\u00e9seaux pro-palestiniens<\/strong> et de <strong>milieux militants<\/strong> sur les campus en <strong>France<\/strong>, en <strong>Belgique<\/strong> et aux <strong>\u00c9tats-Unis<\/strong>.<\/p>\n<p class=\" wall-content\">L\u2019autrice avance que ces espaces voient \u00e9merger un<strong> antis\u00e9mitisme \u00ab\u2009d\u00e9complex\u00e9\u2009\u00bb<\/strong>, souvent dissimul\u00e9 sous l\u2019\u00e9tiquette d\u2019antisionisme. Elle d\u00e9crit notamment la situation \u00e0 l\u2019<strong>universit\u00e9 Toulouse-Jean-Jaur\u00e8s<\/strong>, o\u00f9 l\u2019antis\u00e9mitisme se manifesterait ouvertement, mais aussi<strong> les slogans scand\u00e9s en manifestation<\/strong>, les<strong> pressions exerc\u00e9es sur des \u00e9tudiants ou militants juifs<\/strong> et les<strong> relais id\u00e9ologiques<\/strong> venus des campus am\u00e9ricains comme Columbia.<\/p>\n<p>Votre r\u00e9gion, votre actu !<\/p>\n<p>Recevez chaque jour les infos qui comptent pour vous.<\/p>\n<p>\t<a href=\"https:\/\/actu.fr\/newsletter\" class=\"ac-btn ac-btn--corner ac-btn--medium ac-btn--blue800\" target=\"_blank\" rel=\"noopener\">S&rsquo;incrire<\/a><\/p>\n<p class=\" wall-content\">Pourquoi un tel focus sur l\u2019extr\u00eame gauche\u2009? \u00ab\u2009C\u2019est une sp\u00e9cialisation\u2009\u00bb, explique Nora Bussigny qui, dans son pr\u00e9c\u00e9dent livre-enqu\u00eate, s\u2019\u00e9tait attaqu\u00e9 au <strong>mouvement woke<\/strong>. \u00ab\u2009[Dans mon dernier livre],<strong> j\u2019\u00e9voque \u00e9galement l\u2019extr\u00eame droite<\/strong> et je pr\u00e9cise comment l\u2019antis\u00e9mitisme d\u2019extr\u00eame droite et d\u2019extr\u00eame gauche est le m\u00eame, <strong>c\u2019est juste le costume qui est diff\u00e9rent<\/strong>\u2009\u00bb, ajoute-t-elle.<\/p>\n<p class=\" wall-content\">Personnalisez votre actualit\u00e9 en ajoutant vos villes et m\u00e9dias en favori avec <a href=\"https:\/\/moncompte.actu.fr\" title=\"D\u00e9couvez Mon Actu\" rel=\"nofollow noopener\" data-trk=\"{&quot;cta&quot;:{&quot;action&quot;:&quot;https:\\\/\\\/moncompte.actu.fr&quot;,&quot;category&quot;:&quot;mon compte&quot;,&quot;from&quot;:&quot;article footer&quot;,&quot;name&quot;:&quot;Mon actu&quot;,&quot;type&quot;:&quot;cta&quot;}}\" target=\"_blank\">Mon Actu<\/a>.<\/p>\n","protected":false},"excerpt":{"rendered":"Par Ivan CAPECCHI Publi\u00e9 le 26 sept. 2025 \u00e0 14h24 Le 22\u00a0f\u00e9vrier 2025, lors d\u2019une manifestation pro-palestinienne \u00e0&hellip;\n","protected":false},"author":2,"featured_media":175297,"comment_status":"","ping_status":"","sticky":false,"template":"","format":"standard","meta":{"footnotes":""},"categories":[2820],"tags":[1111,11,1777,674,1011,27,775,5643,1272,12,25,104,640],"class_list":{"0":"post-418933","1":"post","2":"type-post","3":"status-publish","4":"format-standard","5":"has-post-thumbnail","7":"category-strasbourg","8":"tag-actu","9":"tag-actualites","10":"tag-eu","11":"tag-europe","12":"tag-fr","13":"tag-france","14":"tag-grand-est","15":"tag-guerre-israel-hamas","16":"tag-manifestations","17":"tag-news","18":"tag-republique-francaise","19":"tag-societe","20":"tag-strasbourg"},"share_on_mastodon":{"url":"https:\/\/pubeurope.com\/@fr\/115270681151922536","error":""},"_links":{"self":[{"href":"https:\/\/www.europesays.com\/fr\/wp-json\/wp\/v2\/posts\/418933","targetHints":{"allow":["GET"]}}],"collection":[{"href":"https:\/\/www.europesays.com\/fr\/wp-json\/wp\/v2\/posts"}],"about":[{"href":"https:\/\/www.europesays.com\/fr\/wp-json\/wp\/v2\/types\/post"}],"author":[{"embeddable":true,"href":"https:\/\/www.europesays.com\/fr\/wp-json\/wp\/v2\/users\/2"}],"replies":[{"embeddable":true,"href":"https:\/\/www.europesays.com\/fr\/wp-json\/wp\/v2\/comments?post=418933"}],"version-history":[{"count":0,"href":"https:\/\/www.europesays.com\/fr\/wp-json\/wp\/v2\/posts\/418933\/revisions"}],"wp:featuredmedia":[{"embeddable":true,"href":"https:\/\/www.europesays.com\/fr\/wp-json\/wp\/v2\/media\/175297"}],"wp:attachment":[{"href":"https:\/\/www.europesays.com\/fr\/wp-json\/wp\/v2\/media?parent=418933"}],"wp:term":[{"taxonomy":"category","embeddable":true,"href":"https:\/\/www.europesays.com\/fr\/wp-json\/wp\/v2\/categories?post=418933"},{"taxonomy":"post_tag","embeddable":true,"href":"https:\/\/www.europesays.com\/fr\/wp-json\/wp\/v2\/tags?post=418933"}],"curies":[{"name":"wp","href":"https:\/\/api.w.org\/{rel}","templated":true}]}}