{"id":418942,"date":"2025-09-26T12:53:12","date_gmt":"2025-09-26T12:53:12","guid":{"rendered":"https:\/\/www.europesays.com\/fr\/418942\/"},"modified":"2025-09-26T12:53:12","modified_gmt":"2025-09-26T12:53:12","slug":"asphalte-va-ouvrir-une-boutique-dans-le-centre-ville","status":"publish","type":"post","link":"https:\/\/www.europesays.com\/fr\/418942\/","title":{"rendered":"Asphalte va ouvrir une boutique dans le centre-ville"},"content":{"rendered":"<p>Le cofondateur et dirigeant de la marque de v\u00eatements Asphalte, William Hauvette, l\u2019avait annonc\u00e9 en f\u00e9vrier dernier sur sa page LinkedIn. \u00ab\u00a0Le premier magasin Asphalte a ouvert (\u2026) \u00e0 Paris et il cartonne. On a mis 8 ans \u00e0 ouvrir notre premi\u00e8re boutique et on est maintenant bien conscients de tout ce que \u00e7a apporte \u00e0 la marque, en plus de fid\u00e9liser et de renforcer le lien avec nos clients et d\u2019en convaincre de nouveaux. Loin de nous l\u2019id\u00e9e d\u2019ouvrir 100 boutiques en France dans les prochaines ann\u00e9es, mais on a quand m\u00eame un drapeau \u00e0 planter dans les grandes villes fran\u00e7aises (\u2026). On pr\u00e9voit une \u00e0 deux ouvertures par an dans les prochaines ann\u00e9es\u00a0\u00bb, avait-il alors annonc\u00e9. Et c\u2019est \u00e0 Bordeaux, la ville o\u00f9 est bas\u00e9e l\u2019entreprise depuis sa cr\u00e9ation en 2016, que cette seconde adresse sera situ\u00e9e. L\u2019entreprise\u00a0emploie dans la capitale girondine une soixantaine de personnes aujourd\u2019hui. Rendez-vous \u00e0 partir du 4\u00a0octobre au 5, rue Louis-Combes, en plein centre-ville.<\/p>\n","protected":false},"excerpt":{"rendered":"Le cofondateur et dirigeant de la marque de v\u00eatements Asphalte, William Hauvette, l\u2019avait annonc\u00e9 en f\u00e9vrier dernier sur&hellip;\n","protected":false},"author":2,"featured_media":418943,"comment_status":"","ping_status":"","sticky":false,"template":"","format":"standard","meta":{"footnotes":""},"categories":[2817],"tags":[1111,11,1997,1777,674,1011,27,12,2219,25],"class_list":{"0":"post-418942","1":"post","2":"type-post","3":"status-publish","4":"format-standard","5":"has-post-thumbnail","7":"category-bordeaux","8":"tag-actu","9":"tag-actualites","10":"tag-bordeaux","11":"tag-eu","12":"tag-europe","13":"tag-fr","14":"tag-france","15":"tag-news","16":"tag-nouvelle-aquitaine","17":"tag-republique-francaise"},"share_on_mastodon":{"url":"https:\/\/pubeurope.com\/@fr\/115270700600759807","error":""},"_links":{"self":[{"href":"https:\/\/www.europesays.com\/fr\/wp-json\/wp\/v2\/posts\/418942","targetHints":{"allow":["GET"]}}],"collection":[{"href":"https:\/\/www.europesays.com\/fr\/wp-json\/wp\/v2\/posts"}],"about":[{"href":"https:\/\/www.europesays.com\/fr\/wp-json\/wp\/v2\/types\/post"}],"author":[{"embeddable":true,"href":"https:\/\/www.europesays.com\/fr\/wp-json\/wp\/v2\/users\/2"}],"replies":[{"embeddable":true,"href":"https:\/\/www.europesays.com\/fr\/wp-json\/wp\/v2\/comments?post=418942"}],"version-history":[{"count":0,"href":"https:\/\/www.europesays.com\/fr\/wp-json\/wp\/v2\/posts\/418942\/revisions"}],"wp:featuredmedia":[{"embeddable":true,"href":"https:\/\/www.europesays.com\/fr\/wp-json\/wp\/v2\/media\/418943"}],"wp:attachment":[{"href":"https:\/\/www.europesays.com\/fr\/wp-json\/wp\/v2\/media?parent=418942"}],"wp:term":[{"taxonomy":"category","embeddable":true,"href":"https:\/\/www.europesays.com\/fr\/wp-json\/wp\/v2\/categories?post=418942"},{"taxonomy":"post_tag","embeddable":true,"href":"https:\/\/www.europesays.com\/fr\/wp-json\/wp\/v2\/tags?post=418942"}],"curies":[{"name":"wp","href":"https:\/\/api.w.org\/{rel}","templated":true}]}}