{"id":418946,"date":"2025-09-26T12:55:17","date_gmt":"2025-09-26T12:55:17","guid":{"rendered":"https:\/\/www.europesays.com\/fr\/418946\/"},"modified":"2025-09-26T12:55:17","modified_gmt":"2025-09-26T12:55:17","slug":"39eme-edition-du-festival-jazz-sur-son-31-haute-garonne","status":"publish","type":"post","link":"https:\/\/www.europesays.com\/fr\/418946\/","title":{"rendered":"39\u00e8me \u00e9dition du festival Jazz sur son 31 &#8211; Haute Garonne"},"content":{"rendered":"<p>                    <img width=\"2560\" height=\"1707\" src=\"https:\/\/www.europesays.com\/fr\/wp-content\/uploads\/2025\/09\/2-Les-Grandes-Bouches-\u00a9-scaled.jpg\" class=\"img-fluid landscape wp-post-image\" alt=\"La soir\u00e9e d\u2019ouverture, enti\u00e8rement gratuite, se tiendra le 8 octobre au Pavillon R\u00e9publique, \u00e0 l\u2019H\u00f4tel du D\u00e9partement avec Les grandes bouches\" itemprop=\"image\" decoding=\"async\" fetchpriority=\"high\"  \/>                    <\/p>\n<p itemprop=\"name\">\n                                                La soir\u00e9e d\u2019ouverture, enti\u00e8rement gratuite, se tiendra le 8 octobre au Pavillon R\u00e9publique, \u00e0 l\u2019H\u00f4tel du D\u00e9partement avec Les grandes bouches<br \/>\n                         Cr\u00e9dits :<br \/>\n                            Les grandes bouches\n                                                <\/p>\n<p><strong>Le festival Jazz sur son 31 revient pour sa 39\u00e8me \u00e9dition du 8 au 19 octobre 2025 dans tout le d\u00e9partement. Port\u00e9 par le Conseil d\u00e9partemental, cet \u00e9v\u00e9nement proposera 49 manifestations dans 33 communes de Haute-Garonne, dont 40 gratuites.<\/strong>&#13;<br \/>\n&#13;<br \/>\nCette \u00e9dition met \u00e0 l&rsquo;honneur la sc\u00e8ne locale avec 26 formations haut-garonnaises sur les 35 groupes programm\u00e9s. Six formations nationales et trois internationales compl\u00e8tent l&rsquo;affiche.&#13;<br \/>\n&#13;<br \/>\n<strong>Une ouverture en fanfare<\/strong>&#13;<br \/>\n&#13;<br \/>\nLa soir\u00e9e d&rsquo;ouverture gratuite aura lieu le 8 octobre au Pavillon R\u00e9publique, \u00e0 l&rsquo;H\u00f4tel du D\u00e9partement. Elle mettra en sc\u00e8ne le projet \u00ab\u00a0Les Grandes Bouches \/ Cuba Collectif + Invit\u00e9s\u00a0\u00bb, m\u00ealant jazz cubain et chanson.&#13;<br \/>\n&#13;<br \/>\nParmi les temps forts, la Halle aux Grains accueillera Electro Deluxe Big Band le 11 octobre. Kyle Eastwood 5tet se produira \u00e0 Altigone, tandis qu&rsquo;Airelle Besson et Lionel Suarez investiront la Salle Nougaro.&#13;<br \/>\n&#13;<br \/>\nLa sc\u00e8ne locale sera repr\u00e9sent\u00e9e par Zingab\u00e9 Afrobeat, Lakhdar Hanou, le collectif Troisi\u00e8me Face, Cuarteto Tafi, le trio d&rsquo;\u00c9tienne Manchon ou encore Bedmakers.&#13;<br \/>\n&#13;<br \/>\n<strong>Actions culturelles et proximit\u00e9<\/strong>&#13;<br \/>\n&#13;<br \/>\nLe festival propose aussi des actions d\u00e9di\u00e9es aux publics sp\u00e9cifiques. Legraux Tobrogo\u00ef animera des \u00ab\u00a0Le\u00e7ons de jazz\u00a0\u00bb dans quatre coll\u00e8ges du d\u00e9partement et dans les conservatoires d&rsquo;Auterive.&#13;<br \/>\n&#13;<br \/>\nLes groupes Gra!n, Cuarteto Tafi et Sweetest choice se produiront dans des structures m\u00e9dico-sociales comme les Maisons des solidarit\u00e9s, Ehpad ou IME.&#13;<br \/>\n&#13;<br \/>\n\u00ab\u00a0Plus qu&rsquo;un simple rendez-vous musical, le festival Jazz sur son 31 incarne pleinement notre ambition d&rsquo;une culture vivante, accessible au plus grand nombre\u00a0\u00bb, souligne S\u00e9bastien Vincini, pr\u00e9sident du Conseil d\u00e9partemental.<\/p>\n<p>                Cet article est r\u00e9serv\u00e9 aux abonn\u00e9s.<\/p>\n<p class=\"signature\" itemscope=\"\" itemprop=\"Author\" itemtype=\"http:\/\/schema.org\/Person\">\n                MS31\n            <\/p>\n","protected":false},"excerpt":{"rendered":"La soir\u00e9e d\u2019ouverture, enti\u00e8rement gratuite, se tiendra le 8 octobre au Pavillon R\u00e9publique, \u00e0 l\u2019H\u00f4tel du D\u00e9partement avec&hellip;\n","protected":false},"author":2,"featured_media":418947,"comment_status":"","ping_status":"","sticky":false,"template":"","format":"standard","meta":{"footnotes":""},"categories":[2816],"tags":[1111,11,1777,674,1011,27,12,2680,301,25,2312],"class_list":{"0":"post-418946","1":"post","2":"type-post","3":"status-publish","4":"format-standard","5":"has-post-thumbnail","7":"category-toulouse","8":"tag-actu","9":"tag-actualites","10":"tag-eu","11":"tag-europe","12":"tag-fr","13":"tag-france","14":"tag-news","15":"tag-occitanie","16":"tag-premium","17":"tag-republique-francaise","18":"tag-toulouse"},"share_on_mastodon":{"url":"https:\/\/pubeurope.com\/@fr\/115270708906685999","error":""},"_links":{"self":[{"href":"https:\/\/www.europesays.com\/fr\/wp-json\/wp\/v2\/posts\/418946","targetHints":{"allow":["GET"]}}],"collection":[{"href":"https:\/\/www.europesays.com\/fr\/wp-json\/wp\/v2\/posts"}],"about":[{"href":"https:\/\/www.europesays.com\/fr\/wp-json\/wp\/v2\/types\/post"}],"author":[{"embeddable":true,"href":"https:\/\/www.europesays.com\/fr\/wp-json\/wp\/v2\/users\/2"}],"replies":[{"embeddable":true,"href":"https:\/\/www.europesays.com\/fr\/wp-json\/wp\/v2\/comments?post=418946"}],"version-history":[{"count":0,"href":"https:\/\/www.europesays.com\/fr\/wp-json\/wp\/v2\/posts\/418946\/revisions"}],"wp:featuredmedia":[{"embeddable":true,"href":"https:\/\/www.europesays.com\/fr\/wp-json\/wp\/v2\/media\/418947"}],"wp:attachment":[{"href":"https:\/\/www.europesays.com\/fr\/wp-json\/wp\/v2\/media?parent=418946"}],"wp:term":[{"taxonomy":"category","embeddable":true,"href":"https:\/\/www.europesays.com\/fr\/wp-json\/wp\/v2\/categories?post=418946"},{"taxonomy":"post_tag","embeddable":true,"href":"https:\/\/www.europesays.com\/fr\/wp-json\/wp\/v2\/tags?post=418946"}],"curies":[{"name":"wp","href":"https:\/\/api.w.org\/{rel}","templated":true}]}}