{"id":418950,"date":"2025-09-26T12:57:40","date_gmt":"2025-09-26T12:57:40","guid":{"rendered":"https:\/\/www.europesays.com\/fr\/418950\/"},"modified":"2025-09-26T12:57:40","modified_gmt":"2025-09-26T12:57:40","slug":"un-marche-de-rien-qui-fleure-bon-le-favoritisme","status":"publish","type":"post","link":"https:\/\/www.europesays.com\/fr\/418950\/","title":{"rendered":"un \u00ab march\u00e9 de rien \u00bb qui fleure bon le favoritisme"},"content":{"rendered":"<p>Y a\u2011t\u2010il eu favoritisme ou pas dans l\u2019attribution, en juin 2016, d\u2019un march\u00e9 public de 50 000 euros pour la r\u00e9organisation du service de presse de la M\u00e9tropole europ\u00e9enne de Lille (MEL) \u00e0 Constance RP, la soci\u00e9t\u00e9 unipersonnelle de Constance Tembremande\u202f? La Cour d\u2019appel de Douai a consacr\u00e9 plus d\u2019une journ\u00e9e d\u2019audience pour ce \u00ab\u202fmarch\u00e9 de rien\u202f\u00bb, selon l\u2019expression de Bruno Cassette, l\u2019ancien directeur g\u00e9n\u00e9ral des services (DGS) de la MEL). Un \u00ab\u202fmarch\u00e9 de rien\u202f\u00bb par comparaison aux centaines de march\u00e9s publics dot\u00e9s de montants autrement plus importants trait\u00e9s chaque ann\u00e9e par la collectivit\u00e9. Mais un march\u00e9 sensible aussi parce qu\u2019il porte sur l\u2019image de l\u2019institution et qu\u2019il \u00e9mane du pr\u00e9sident.<\/p>\n<p>Tout laisse \u00e0 penser que le march\u00e9 \u00e9tait cousu de fil blanc. La proximit\u00e9 \u2013 relative mais r\u00e9elle \u2013 de Constance Tembremande avec Damien Castelain, ses liens privil\u00e9gi\u00e9s avec diff\u00e9rents salari\u00e9s de la MEL, la formulation du cahier des charges qui \u00e9pousait \u00e9trangement les termes de l\u2019offre de services spontan\u00e9e envoy\u00e9e par Constance Tembremande \u00e0 son \u00ab\u202fTr\u00e8s cher pr\u00e9sident \u00bb\u2026 Lors d\u2019une perquisition, des documents internes \u00e0 la MEL (dossiers ou communiqu\u00e9s de presse, fichiers de journalistes\u2026) ont m\u00eame \u00e9t\u00e9 retrouv\u00e9s sur l\u2019ordinateur personnel de Constance Tembremande alors qu\u2019elle n\u2019avait pas encore \u00e9t\u00e9 auditionn\u00e9e pour d\u00e9crocher le march\u00e9\u202f!<\/p>\n<p>https:\/\/www.mediacites.fr\/justice\/lille\/2025\/09\/23\/la-grosse-bourde-qui-condamne-deja-le-president-de-la-metropole-de-lille\/<br \/>\u00ab\u202fMa vie a \u00e9t\u00e9 bris\u00e9e\u202f\u00bb<br \/>La chronologie implacable, mise au jour par les enqu\u00eateurs, met \u00e0 mal les pr\u00e9venus. L\u2019avocat g\u00e9n\u00e9ral Antoine Berthelot se fait incisif en\u00a0\u2026<\/p>\n<p>Nous vous offrons l\u2019acc\u00e8s \u00e0 cet article<\/p>\n<p>Et \u00e0 toutes nos enqu\u00eates pendant deux jours\u00a0\u00a0! <br \/>Oui, on est g\u00e9n\u00e9reux \ud83d\ude09 Mais pensez aussi \u00e0 <a href=\"https:\/\/www.mediacites.fr\/sabonner\/\" target=\"_blank\" style=\"color:#fff\" rel=\"noopener\">vous abonner<\/a>\u00a0\u00a0!<\/p>\n<p>\t\tEn renseignant votre adresse, vous acceptez nos <a href=\"https:\/\/www.mediacites.fr\/conditions-generales-d-utilisation\/\" target=\"_blank\" rel=\"noopener\">conditions g\u00e9n\u00e9rales d\u2019utilisation<\/a>. <br \/>Mediacit\u00e9s s\u2019engage \u00e0 ne pas c\u00e9der votre adresse \u00e0 des tiers. En cas d\u2019\u00e9chec, \u00e9crivez \u00e0 <a href=\"https:\/\/www.mediacites.fr\/enquete\/lille\/2025\/09\/24\/proces-castelain-un-marche-de-rien-qui-fleure-bon-le-favoritisme\/mailto:contact@mediacites.fr\" target=\"_blank\" rel=\"noopener\">contact@mediacites.fr<\/a><\/p>\n<ul>\n<li>J\u2019acc\u00e8de aux 4 \u00e9ditions de Mediacit\u00e9s (Lille, Lyon, Nantes et Toulouse)<\/li>\n<li>Je d\u00e9couvre un m\u00e9dia 100 % ind\u00e9pendant, avec 0 % de publicit\u00e9<\/li>\n<\/ul>\n<p>Envie de lire la\u00a0suite\u202f?<\/p>\n<p class=\"price\">1\u20ac le premier mois<\/p>\n<p class=\"description\">Puis 7,90\u20ac par\u00a0mois<\/p>\n<p><a class=\"button button--green\" href=\"https:\/\/www.mediacites.fr\/sabonner\/?sub=55\" style=\"margin-top:22px;font-size:13px;\" target=\"_blank\" rel=\"noopener\">Je teste\u202f! <\/a><\/p>\n<ul>\n<li>Acc\u00e8s aux 4 \u00e9ditions de Mediacit\u00e9s (Lille, Lyon, Nantes et Toulouse)<\/li>\n<li>100 % ind\u00e9pendant, avec 0 % de publicit\u00e9<\/li>\n<li>R\u00e9siliation facile \u00e0 tout moment<\/li>\n<\/ul>\n<p>Mediacit\u00e9s offre l\u2019acc\u00e8s \u00e0 cet article aux lecteurs de News2Com<\/p>\n<p>Et \u00e0 toutes nos enqu\u00eates pendant deux jours\u00a0\u00a0! <br \/>Oui, on est g\u00e9n\u00e9reux \ud83d\ude09 Mais pensez aussi \u00e0 <a href=\"https:\/\/www.mediacites.fr\/sabonner\/\" target=\"_blank\" style=\"color:#fff\" rel=\"noopener\">vous abonner<\/a>\u00a0\u00a0!<\/p>\n<p>\t\tEn renseignant votre adresse, vous acceptez nos <a href=\"https:\/\/www.mediacites.fr\/conditions-generales-d-utilisation\/\" target=\"_blank\" rel=\"noopener\">conditions g\u00e9n\u00e9rales d\u2019utilisation<\/a>. <br \/>Mediacit\u00e9s s\u2019engage \u00e0 ne pas c\u00e9der votre adresse \u00e0 des tiers. En cas d\u2019\u00e9chec, \u00e9crivez \u00e0 <a href=\"https:\/\/www.mediacites.fr\/enquete\/lille\/2025\/09\/24\/proces-castelain-un-marche-de-rien-qui-fleure-bon-le-favoritisme\/mailto:contact@mediacites.fr\" target=\"_blank\" rel=\"noopener\">contact@mediacites.fr<\/a><\/p>\n<ul>\n<li>J\u2019acc\u00e8de aux 4 \u00e9ditions de Mediacit\u00e9s (Lille, Lyon, Nantes et Toulouse)<\/li>\n<li>Je d\u00e9couvre un m\u00e9dia 100 % ind\u00e9pendant, avec 0 % de publicit\u00e9<\/li>\n<\/ul>\n","protected":false},"excerpt":{"rendered":"Y a\u2011t\u2010il eu favoritisme ou pas dans l\u2019attribution, en juin 2016, d\u2019un march\u00e9 public de 50 000 euros&hellip;\n","protected":false},"author":2,"featured_media":418951,"comment_status":"","ping_status":"","sticky":false,"template":"","format":"standard","meta":{"footnotes":""},"categories":[2815],"tags":[1111,11,54014,54248,54846,54847,1067,54249,1777,674,54848,1011,27,811,1307,34826,54849,12,54850,54851,25],"class_list":{"0":"post-418950","1":"post","2":"type-post","3":"status-publish","4":"format-standard","5":"has-post-thumbnail","7":"category-lille","8":"tag-actu","9":"tag-actualites","10":"tag-anticor","11":"tag-bruno-cassette","12":"tag-constance-tembremande","13":"tag-detournements-fonds-publics","14":"tag-enquete","15":"tag-eric-darques","16":"tag-eu","17":"tag-europe","18":"tag-favoritisme","19":"tag-fr","20":"tag-france","21":"tag-hauts-de-france","22":"tag-lille","23":"tag-mel","24":"tag-metropole-de-lille","25":"tag-news","26":"tag-prise-illegale-dinterets","27":"tag-proces-castelain","28":"tag-republique-francaise"},"share_on_mastodon":{"url":"https:\/\/pubeurope.com\/@fr\/115270716434936814","error":""},"_links":{"self":[{"href":"https:\/\/www.europesays.com\/fr\/wp-json\/wp\/v2\/posts\/418950","targetHints":{"allow":["GET"]}}],"collection":[{"href":"https:\/\/www.europesays.com\/fr\/wp-json\/wp\/v2\/posts"}],"about":[{"href":"https:\/\/www.europesays.com\/fr\/wp-json\/wp\/v2\/types\/post"}],"author":[{"embeddable":true,"href":"https:\/\/www.europesays.com\/fr\/wp-json\/wp\/v2\/users\/2"}],"replies":[{"embeddable":true,"href":"https:\/\/www.europesays.com\/fr\/wp-json\/wp\/v2\/comments?post=418950"}],"version-history":[{"count":0,"href":"https:\/\/www.europesays.com\/fr\/wp-json\/wp\/v2\/posts\/418950\/revisions"}],"wp:featuredmedia":[{"embeddable":true,"href":"https:\/\/www.europesays.com\/fr\/wp-json\/wp\/v2\/media\/418951"}],"wp:attachment":[{"href":"https:\/\/www.europesays.com\/fr\/wp-json\/wp\/v2\/media?parent=418950"}],"wp:term":[{"taxonomy":"category","embeddable":true,"href":"https:\/\/www.europesays.com\/fr\/wp-json\/wp\/v2\/categories?post=418950"},{"taxonomy":"post_tag","embeddable":true,"href":"https:\/\/www.europesays.com\/fr\/wp-json\/wp\/v2\/tags?post=418950"}],"curies":[{"name":"wp","href":"https:\/\/api.w.org\/{rel}","templated":true}]}}