{"id":418956,"date":"2025-09-26T13:00:17","date_gmt":"2025-09-26T13:00:17","guid":{"rendered":"https:\/\/www.europesays.com\/fr\/418956\/"},"modified":"2025-09-26T13:00:17","modified_gmt":"2025-09-26T13:00:17","slug":"le-procureur-de-marseille-alerte-sur-les-connexions-franco-belges","status":"publish","type":"post","link":"https:\/\/www.europesays.com\/fr\/418956\/","title":{"rendered":"le procureur de Marseille alerte sur les connexions franco-belges"},"content":{"rendered":"<p>Une cinquantaine de Belges soup\u00e7onn\u00e9s d&rsquo;\u00eatre impliqu\u00e9s dans le trafic de drogue ont \u00e9t\u00e9 arr\u00eat\u00e9s ces derniers mois dans le sud de la France, a d\u00e9clar\u00e9 le procureur de Marseille, Nicolas Bessone, lors d&rsquo;une visite \u00e0 Bruxelles ax\u00e9e sur la coop\u00e9ration franco-belge dans ce domaine.<\/p>\n<p>Depuis deux ans, des connexions transfrontali\u00e8res ont \u00e9t\u00e9 mises en \u00e9vidence, notamment entre des narcotrafiquants du quartier bruxellois du Peterbos et ceux de certaines cit\u00e9s marseillaises, et de mani\u00e8re g\u00e9n\u00e9rale la Belgique s&rsquo;inqui\u00e8te d&rsquo;une \u00ab\u00a0exportation\u00a0\u00bb sur son territoire des violences arm\u00e9es li\u00e9es au trafic.<\/p>\n<p>\u00ab\u00a0Il y a quelques Marseillais install\u00e9s \u00e0 Bruxelles pour se livrer au narcotrafic\u00a0\u00bb, a dit Nicolas Bessone, interrog\u00e9 par la cha\u00eene RTBF.<\/p>\n<p>Mais d\u00e9sormais il est aussi \u00e9tabli que des criminels belges s\u00e9vissent sur le sol fran\u00e7ais, pour \u00e9couler de la drogue ou participer aux violences li\u00e9es au contr\u00f4le des zones de deal.<\/p>\n<p>Selon le procureur fran\u00e7ais, une cinquantaine de Belges, dont environ vingt Bruxellois, ont \u00e9t\u00e9 arr\u00eat\u00e9s ces derniers mois \u00ab\u00a0dans le grand sud, entre les fronti\u00e8res espagnole et italienne\u00a0\u00bb, soit la zone de comp\u00e9tence du tribunal de Marseille en terme de criminalit\u00e9 organis\u00e9e.<\/p>\n<p>Il s&rsquo;agit \u00ab\u00a0essentiellement de petites mains du trafic\u00a0\u00bb, a-il soulign\u00e9.<\/p>\n<p>Mais parmi ces interpell\u00e9s figurent aussi \u00ab\u00a0deux Belges arr\u00eat\u00e9s arm\u00e9s de Kalachnikov, venus pour ex\u00e9cuter un contrat\u00a0\u00bb. M. Bessone n&rsquo;a pas pr\u00e9cis\u00e9 si ces suspects \u00e9taient recherch\u00e9s dans le cadre d&rsquo;enqu\u00eate(s) en France ou en Belgique.<\/p>\n<p>A l&rsquo;issue d&rsquo;une visite de travail de deux jours \u00e0 l&rsquo;invitation du procureur de Bruxelles, Julien Moinil, Nicolas Bessone a fait \u00e9tat d&rsquo;un \u00ab\u00a0certain nombre de similitudes\u00a0\u00bb entre la capitale belge et Marseille.<\/p>\n<p>Il a relev\u00e9 que l'\u00a0\u00bbultraviolence assez d\u00e9complex\u00e9e\u00a0\u00bb s\u00e9vissait \u00e9galement \u00e0 Bruxelles pour le contr\u00f4le des zones de deal, donnant lieu \u00e0 des r\u00e8glements de compte \u00e0 l&rsquo;arme de guerre. Il a aussi \u00e9voqu\u00e9 \u00ab\u00a0le rajeunissement des auteurs et des victimes\u00a0\u00bb de ces attaques arm\u00e9es.<\/p>\n<p>\u00ab\u00a0Il est important que les autorit\u00e9s belges prennent conscience du ph\u00e9nom\u00e8ne pour \u00e9viter le nombre d&rsquo;assassinats\u00a0\u00bb d\u00e9plor\u00e9s \u00e0 Marseille soit \u00ab\u00a050 en 2023\u00a0\u00bb, a-t-il rappel\u00e9.<\/p>\n<p>\u00ab\u00a0N&rsquo;h\u00e9sitez pas \u00e0 durcir et \u00e0 adapter votre l\u00e9gislation \u00e0 la hauteur de la menace\u00a0\u00bb, a aussi lanc\u00e9 M. Bessone sur la RTBF.<\/p>\n<p>\u00ab\u00a0Est-ce qu&rsquo;on estime que c&rsquo;est cette contre-soci\u00e9t\u00e9 qui s&rsquo;\u00e9rige en face de l&rsquo;Etat qu&rsquo;on veut pour notre jeunesse ? Il faut des moyens.\u00a0\u00bb<\/p>\n<p>En f\u00e9vrier 2025 la capitale belge avait \u00e9t\u00e9 secou\u00e9e par une intense s\u00e9rie de fusillades li\u00e9es au narcotrafic, dont au moins une mortelle. A la mi-ao\u00fbt le parquet de Bruxelles avait fait \u00e9tat de deux morts dans une nouvelle s\u00e9rie d&rsquo;une vingtaine de fusillades en l&rsquo;espace de cinq semaines.<\/p>\n<p>\u00a0<\/p>\n<p>\u00a9 Agence France-Presse<\/p>\n<p>photo archive<\/p>\n","protected":false},"excerpt":{"rendered":"Une cinquantaine de Belges soup\u00e7onn\u00e9s d&rsquo;\u00eatre impliqu\u00e9s dans le trafic de drogue ont \u00e9t\u00e9 arr\u00eat\u00e9s ces derniers mois&hellip;\n","protected":false},"author":2,"featured_media":418957,"comment_status":"","ping_status":"","sticky":false,"template":"","format":"standard","meta":{"footnotes":""},"categories":[2814],"tags":[1111,11,828,1777,674,1011,27,884,8721,12,16083,5511,882,25],"class_list":{"0":"post-418956","1":"post","2":"type-post","3":"status-publish","4":"format-standard","5":"has-post-thumbnail","7":"category-marseille","8":"tag-actu","9":"tag-actualites","10":"tag-belgique","11":"tag-eu","12":"tag-europe","13":"tag-fr","14":"tag-france","15":"tag-marseille","16":"tag-narcotrafic","17":"tag-news","18":"tag-nicolas-bedos","19":"tag-procureur","20":"tag-provence-alpes-cote-dazur","21":"tag-republique-francaise"},"share_on_mastodon":{"url":"https:\/\/pubeurope.com\/@fr\/115270728140636338","error":""},"_links":{"self":[{"href":"https:\/\/www.europesays.com\/fr\/wp-json\/wp\/v2\/posts\/418956","targetHints":{"allow":["GET"]}}],"collection":[{"href":"https:\/\/www.europesays.com\/fr\/wp-json\/wp\/v2\/posts"}],"about":[{"href":"https:\/\/www.europesays.com\/fr\/wp-json\/wp\/v2\/types\/post"}],"author":[{"embeddable":true,"href":"https:\/\/www.europesays.com\/fr\/wp-json\/wp\/v2\/users\/2"}],"replies":[{"embeddable":true,"href":"https:\/\/www.europesays.com\/fr\/wp-json\/wp\/v2\/comments?post=418956"}],"version-history":[{"count":0,"href":"https:\/\/www.europesays.com\/fr\/wp-json\/wp\/v2\/posts\/418956\/revisions"}],"wp:featuredmedia":[{"embeddable":true,"href":"https:\/\/www.europesays.com\/fr\/wp-json\/wp\/v2\/media\/418957"}],"wp:attachment":[{"href":"https:\/\/www.europesays.com\/fr\/wp-json\/wp\/v2\/media?parent=418956"}],"wp:term":[{"taxonomy":"category","embeddable":true,"href":"https:\/\/www.europesays.com\/fr\/wp-json\/wp\/v2\/categories?post=418956"},{"taxonomy":"post_tag","embeddable":true,"href":"https:\/\/www.europesays.com\/fr\/wp-json\/wp\/v2\/tags?post=418956"}],"curies":[{"name":"wp","href":"https:\/\/api.w.org\/{rel}","templated":true}]}}