{"id":418958,"date":"2025-09-26T13:01:10","date_gmt":"2025-09-26T13:01:10","guid":{"rendered":"https:\/\/www.europesays.com\/fr\/418958\/"},"modified":"2025-09-26T13:01:10","modified_gmt":"2025-09-26T13:01:10","slug":"lyon-les-motards-organisent-une-nouvelle-grande-manifestation-ce-week-end","status":"publish","type":"post","link":"https:\/\/www.europesays.com\/fr\/418958\/","title":{"rendered":"Lyon : les motards organisent une nouvelle grande manifestation ce week-end\u00a0"},"content":{"rendered":"<p>Les motards vont se rassembler, samedi 27 septembre, sur la place des Terreaux \u00e0 Lyon. \u00c0 l&rsquo;appel de la F\u00e9d\u00e9ration fran\u00e7aise des motards en col\u00e8re (FFMC), ils vont protester contre la Zone \u00e0 faibles \u00e9missions (ZFE).<\/p>\n<p>Fini la place Bellecour, les deux-roues vont investir <b>la place des Terreaux<\/b>. Samedi 27 septembre, <b>la F\u00e9d\u00e9ration fran\u00e7aise des motards en col\u00e8re<\/b> (FFMC) du Rh\u00f4ne organise un nouveau rassemblement statique dans le centre-ville de Lyon.<\/p>\n<p>Ces derniers veulent protester contre <b>la Zone \u00e0 faibles \u00e9missions<\/b> (ZFE) mise en place \u00e0 Lyon.<\/p>\n<p>La\u00a0F\u00e9d\u00e9ration fran\u00e7aise des motards en col\u00e8re appellent donc les motards et tous les usagers de la route \u00e0 manifester sur la place des Terreaux, <b>\u00e0 14h<\/b>, ce samedi 27 septembre.<\/p>\n<p><img loading=\"lazy\" decoding=\"async\" src=\"https:\/\/www.europesays.com\/fr\/wp-content\/uploads\/2025\/09\/1758891670_927_img\" width=\"350\" height=\"200\" border=\"0\" title=\"Le balcon de l'H\u00c3\u00b4tel de Ville de Lyon\"\/><\/p>\n<p>\u25baSoci\u00e9t\u00e9<\/p>\n<p style=\"font-size: 22px;\"><b>Lyon : retoqu\u00e9e par la justice, la mairie retire les drapeaux palestiniens<\/b><\/p>\n<p>Sur d\u00e9cision du tribunal administratif, la Ville&#8230;<\/p>\n<p><\/p>\n","protected":false},"excerpt":{"rendered":"Les motards vont se rassembler, samedi 27 septembre, sur la place des Terreaux \u00e0 Lyon. \u00c0 l&rsquo;appel de&hellip;\n","protected":false},"author":2,"featured_media":418959,"comment_status":"","ping_status":"","sticky":false,"template":"","format":"standard","meta":{"footnotes":""},"categories":[1889],"tags":[1111,11,2430,1777,674,1011,27,2428,3747,12,24442,3919,25,54853],"class_list":{"0":"post-418958","1":"post","2":"type-post","3":"status-publish","4":"format-standard","5":"has-post-thumbnail","7":"category-lyon","8":"tag-actu","9":"tag-actualites","10":"tag-auvergne-rhone-alpes","11":"tag-eu","12":"tag-europe","13":"tag-fr","14":"tag-france","15":"tag-lyon","16":"tag-motards","17":"tag-news","18":"tag-place-des-terreaux","19":"tag-rassemblement","20":"tag-republique-francaise","21":"tag-zone-faibles-missions"},"share_on_mastodon":{"url":"https:\/\/pubeurope.com\/@fr\/115270732464169986","error":""},"_links":{"self":[{"href":"https:\/\/www.europesays.com\/fr\/wp-json\/wp\/v2\/posts\/418958","targetHints":{"allow":["GET"]}}],"collection":[{"href":"https:\/\/www.europesays.com\/fr\/wp-json\/wp\/v2\/posts"}],"about":[{"href":"https:\/\/www.europesays.com\/fr\/wp-json\/wp\/v2\/types\/post"}],"author":[{"embeddable":true,"href":"https:\/\/www.europesays.com\/fr\/wp-json\/wp\/v2\/users\/2"}],"replies":[{"embeddable":true,"href":"https:\/\/www.europesays.com\/fr\/wp-json\/wp\/v2\/comments?post=418958"}],"version-history":[{"count":0,"href":"https:\/\/www.europesays.com\/fr\/wp-json\/wp\/v2\/posts\/418958\/revisions"}],"wp:featuredmedia":[{"embeddable":true,"href":"https:\/\/www.europesays.com\/fr\/wp-json\/wp\/v2\/media\/418959"}],"wp:attachment":[{"href":"https:\/\/www.europesays.com\/fr\/wp-json\/wp\/v2\/media?parent=418958"}],"wp:term":[{"taxonomy":"category","embeddable":true,"href":"https:\/\/www.europesays.com\/fr\/wp-json\/wp\/v2\/categories?post=418958"},{"taxonomy":"post_tag","embeddable":true,"href":"https:\/\/www.europesays.com\/fr\/wp-json\/wp\/v2\/tags?post=418958"}],"curies":[{"name":"wp","href":"https:\/\/api.w.org\/{rel}","templated":true}]}}