{"id":418964,"date":"2025-09-26T13:05:13","date_gmt":"2025-09-26T13:05:13","guid":{"rendered":"https:\/\/www.europesays.com\/fr\/418964\/"},"modified":"2025-09-26T13:05:13","modified_gmt":"2025-09-26T13:05:13","slug":"dans-quelles-conditions-sera-incarcere-lancien-president","status":"publish","type":"post","link":"https:\/\/www.europesays.com\/fr\/418964\/","title":{"rendered":"dans quelles conditions sera incarc\u00e9r\u00e9 l&rsquo;ancien pr\u00e9sident ?"},"content":{"rendered":"\n<p class=\"c-chapo \">\n  Nicolas Sarkozy, condamn\u00e9 jeudi \u00e0 cinq ans de prison ferme dans l&rsquo;affaire du fonds libyen, devrait purger sa peine \u00e0 la prison de la Sant\u00e9.\n<\/p>\n<p>            lire plus tard<\/p>\n<p id=\"dialog__title\" class=\"dialog__title\">Pour sauvegarder cet article, connectez-vous ou cr\u00e9ez un compte franceinfo<\/p>\n<p class=\"dialog__description\">Sans paiement. Sans abonnement.<\/p>\n<p>        Fermer la fen\u00eatre d\u2019activation des notifications France Info<\/p>\n<p>            cr\u00e9er votre compte<\/p>\n<p>            se connecter<\/p>\n<p>        Fermer la fen\u00eatre de pr\u00e9sentation<\/p>\n<p>    <img loading=\"lazy\" decoding=\"async\" class=\"signature__image lazyload\" width=\"100\" height=\"100\" data- alt=\"\" src=\"https:\/\/www.europesays.com\/fr\/wp-content\/uploads\/2025\/05\/64a7df4c5fe71_placeholder-36b69ec8.png\"\/><\/p>\n<p>    Publi\u00e9 le 26\/09\/2025 14:33<\/p>\n<p>      Mis \u00e0 jour le 26\/09\/2025 14:35<\/p>\n<p>        Temps de lecture : 4min<\/p>\n<p>    <img decoding=\"async\"  alt=\"Nicolas Sarkozy avant sa condamnation dans l'affaire des soup\u00e7ons de financement libyen de sa campagne pr\u00e9sidentielle victorieuse en 2007. (JULIEN DE ROSA \/ AFP)\" width=\"432\" height=\"243\" src=\"https:\/\/www.europesays.com\/fr\/wp-content\/uploads\/2025\/09\/000-76pa6vj-68d536cd07b36574196801.jpg\" fetchpriority=\"high\"\/><\/p>\n<p>      Nicolas Sarkozy avant sa condamnation dans l&rsquo;affaire des soup\u00e7ons de financement libyen de sa campagne pr\u00e9sidentielle victorieuse en 2007. (JULIEN DE ROSA \/ AFP)<\/p>\n<p>Nicolas Sarkozy passera bien par la case prison. Sa condamnation <a href=\"https:\/\/www.franceinfo.fr\/politique\/affaire\/financement-de-la-campagne-de-sarkozy\/nicolas-sarkozy-brice-hortefeux-claude-gueant-decouvrez-toutes-les-condamnations-du-proces-sur-les-soupcons-de-financement-libyen-de-la-campagne-de-2007_7508887.html\" target=\"_blank\" rel=\"noopener nofollow\">dans l&rsquo;affaire du financement libyen de sa campagne de 2007<\/a> jeudi 25 septembre, a \u00e9t\u00e9 assortie d\u2019une ex\u00e9cution provisoire : malgr\u00e9 son appel, il ira bien derri\u00e8re les barreaux. Il conna\u00eetra la date et les d\u00e9tails de son incarc\u00e9ration le 13 octobre et saura notamment o\u00f9 il purgera sa peine.<\/p>\n<p>Vraisemblablement, il sera envoy\u00e9 au centre p\u00e9nitentiaire de la Sant\u00e9, \u00e0 Paris, dans un quartier sp\u00e9cial : le quartier des personnes vuln\u00e9rables. Il s&rsquo;agit d&rsquo;une une zone isol\u00e9e qui n&rsquo;a pas forc\u00e9ment vocation \u00e0 accueillir des stars, mais plut\u00f4t des personnes dont la s\u00e9curit\u00e9 pourrait \u00eatre menac\u00e9e au contact des autres prisonniers. Le but est donc d&rsquo;\u00e9viter que l&rsquo;ancien pr\u00e9sident d&rsquo;\u00eatre rackett\u00e9 ou violent\u00e9.<\/p>\n<p>On l&rsquo;appelle le quartier des VIP car 17 personnalit\u00e9s politiques, m\u00e9diatiques, sensibles y sont \u00e9crou\u00e9es. Les couloirs de ce quartier ont aussi vu passer des c\u00e9l\u00e9brit\u00e9s comme Pierre Palmade, <a href=\"https:\/\/www.franceinfo.fr\/politique\/affaire\/affaire-balkany\/comment-va-se-derouler-la-detention-de-patrick-balkany-a-la-prison-de-la-sante_3615545.html\" rel=\"nofollow noopener\" target=\"_blank\">Patrick Balkany<\/a> ou encore Bernard Tapie. Nicolas Sarkozy passera, lui aussi, ses nuits seul dans sa cellule. Presque un luxe, quand on conna\u00eet le probl\u00e8me de <a href=\"https:\/\/www.franceinfo.fr\/faits-divers\/surpopulation-carcerale-vider-les-prisons-serait-la-veritable-revolution-estime-la-controleuse-generale-des-lieux-de-privation-de-liberte_7410361.html\" rel=\"nofollow noopener\" target=\"_blank\">surpopulation carc\u00e9rale<\/a>. En France, 84\u00a0177 personnes sont incarc\u00e9r\u00e9es pour seulement 62\u00a0348 places dans les prisons fran\u00e7aises, soit une densit\u00e9 carc\u00e9rale globale de 135% qui d\u00e9passait m\u00eame les 200% dans 28 \u00e9tablissements ou quartiers p\u00e9nitentiaires et 150% dans 63 autres.<\/p>\n<p>\u00c0 part cette faveur, les conditions de d\u00e9tention seront les m\u00eames que pour les autres d\u00e9tenus : une cellule entre 9 et 12 m2 avec un lit, une armoire, une douche et \u00e9ventuellement une t\u00e9l\u00e9vision ou un r\u00e9frig\u00e9rateur, accord\u00e9s aux d\u00e9tenus qui en ont les moyens. Il aura \u00e9galement droit \u00e0 trois visites par semaine, comme tout le monde.<\/p>\n<p>L&rsquo;ex-pr\u00e9sident b\u00e9n\u00e9ficiera d&rsquo;une heure de promenade par jour, dans une cour sp\u00e9ciale pour \u00e9viter de croiser les autres prisonniers. Il sera seul ou avec un d\u00e9tenu, jug\u00e9 compatible. Une vigilance accrue est mise en place pour \u00e9viter tout risque de suicide, menace ou violence, parce que selon une source qui conna\u00eet bien cette prison, il y a toujours le risque d&rsquo;\u00eatre pris \u00e0 partie par un d\u00e9tenu d&rsquo;un quartier voisin.<\/p>\n<p>Nicolas Sarkozy est sur le principe un d\u00e9tenu classique, mais il n&rsquo;en demeure pas moins un ancien pr\u00e9sident. Son incarc\u00e9ration est donc un v\u00e9ritable enjeu de s\u00e9curit\u00e9 pour l&rsquo;administration carc\u00e9rale qui fait face pour la premi\u00e8re fois \u00e0 ce cas de figure. L&rsquo;administration p\u00e9nitentiaire pourrait donc sugg\u00e9rer de le placer \u00e0 l&rsquo;isolement.<\/p>\n<p>\u00ab\u00a0Si [Nicolas Sarkozy] est plac\u00e9 \u00e0 l&rsquo;isolement, il n&rsquo;y aura aucun contact avec le reste de la population p\u00e9nale\u00a0\u00bb, indique vendredi \u00e0 franceinfo la secr\u00e9taire g\u00e9n\u00e9rale du SNDP-CFDT, Flavie Rault. Si ce r\u00e9gime de d\u00e9tention est choisi, \u00ab\u00a0les contacts seront uniquement avec le personnel p\u00e9nitentiaire et les proches qui lui rendront visite\u00a0\u00bb, pr\u00e9cise celle qui dirige le syndicat national des directeurs p\u00e9nitentiaires. \u00ab\u00a0\u00c0 titre d\u00e9rogatoire, il est possible d&rsquo;envisager que certaines personnes plac\u00e9es \u00e0 l&rsquo;isolement puissent b\u00e9n\u00e9ficier de certaines activit\u00e9s, sur autorisation, avec d&rsquo;autres personnes d\u00e9tenues\u00a0\u00bb, poursuit-elle.<\/p>\n<p>\u00ab\u00a0Si on est sur un quartier dit &lsquo;vuln\u00e9rable&rsquo;, on est dans quelque chose qui est collectif. La promenade, les temps d&rsquo;activit\u00e9 tels que le sport sont des choses en collectif. Ce serait le cas si monsieur Sarkozy avait vocation \u00e0 rejoindre ce type de secteur\u00a0\u00bb, d\u00e9taille Flavie Rault. Dans les deux cas, \u00e0 l&rsquo;isolement ou en quartier vuln\u00e9rable, \u00ab\u00a0les cellules sont identiques, elles ont le m\u00eame mobilier, les m\u00eames accessoires. On va pouvoir avoir la douche en cellule, la cabine t\u00e9l\u00e9phonique en cellule\u00a0\u00bb.<\/p>\n","protected":false},"excerpt":{"rendered":"Nicolas Sarkozy, condamn\u00e9 jeudi \u00e0 cinq ans de prison ferme dans l&rsquo;affaire du fonds libyen, devrait purger sa&hellip;\n","protected":false},"author":2,"featured_media":418965,"comment_status":"","ping_status":"","sticky":false,"template":"","format":"standard","meta":{"footnotes":""},"categories":[1888],"tags":[1111,1928,11,1927,1777,674,1011,27,12,1926,626,1925,25],"class_list":{"0":"post-418964","1":"post","2":"type-post","3":"status-publish","4":"format-standard","5":"has-post-thumbnail","7":"category-paris","8":"tag-actu","9":"tag-actu-paris","10":"tag-actualites","11":"tag-actualites-paris","12":"tag-eu","13":"tag-europe","14":"tag-fr","15":"tag-france","16":"tag-news","17":"tag-news-paris","18":"tag-paris","19":"tag-paris-news","20":"tag-republique-francaise"},"share_on_mastodon":{"url":"https:\/\/pubeurope.com\/@fr\/115270748469672594","error":""},"_links":{"self":[{"href":"https:\/\/www.europesays.com\/fr\/wp-json\/wp\/v2\/posts\/418964","targetHints":{"allow":["GET"]}}],"collection":[{"href":"https:\/\/www.europesays.com\/fr\/wp-json\/wp\/v2\/posts"}],"about":[{"href":"https:\/\/www.europesays.com\/fr\/wp-json\/wp\/v2\/types\/post"}],"author":[{"embeddable":true,"href":"https:\/\/www.europesays.com\/fr\/wp-json\/wp\/v2\/users\/2"}],"replies":[{"embeddable":true,"href":"https:\/\/www.europesays.com\/fr\/wp-json\/wp\/v2\/comments?post=418964"}],"version-history":[{"count":0,"href":"https:\/\/www.europesays.com\/fr\/wp-json\/wp\/v2\/posts\/418964\/revisions"}],"wp:featuredmedia":[{"embeddable":true,"href":"https:\/\/www.europesays.com\/fr\/wp-json\/wp\/v2\/media\/418965"}],"wp:attachment":[{"href":"https:\/\/www.europesays.com\/fr\/wp-json\/wp\/v2\/media?parent=418964"}],"wp:term":[{"taxonomy":"category","embeddable":true,"href":"https:\/\/www.europesays.com\/fr\/wp-json\/wp\/v2\/categories?post=418964"},{"taxonomy":"post_tag","embeddable":true,"href":"https:\/\/www.europesays.com\/fr\/wp-json\/wp\/v2\/tags?post=418964"}],"curies":[{"name":"wp","href":"https:\/\/api.w.org\/{rel}","templated":true}]}}