{"id":418968,"date":"2025-09-26T13:07:53","date_gmt":"2025-09-26T13:07:53","guid":{"rendered":"https:\/\/www.europesays.com\/fr\/418968\/"},"modified":"2025-09-26T13:07:53","modified_gmt":"2025-09-26T13:07:53","slug":"trois-boutiques-ephemeres-a-decouvrir-en-ce-moment-a-paris-2","status":"publish","type":"post","link":"https:\/\/www.europesays.com\/fr\/418968\/","title":{"rendered":"Trois boutiques \u00e9ph\u00e9m\u00e8res \u00e0 d\u00e9couvrir en ce moment \u00e0 Paris"},"content":{"rendered":"<p>\n                                    <b>Publi\u00e9 le<\/b><br \/>\n                                    <\/p>\n<p>                                        26 septembre 2025<\/p>\n<p class=\"article-content col-md-8 offset-md-1\">\n                                A l&rsquo;occasion de la rentr\u00e9e, Paris se transforme une nouvelle fois en terrain de jeu pour les marques, qui multiplient les adresses \u00e9ph\u00e9m\u00e8res afin de mettre en avant les exp\u00e9riences in\u00e9dites.\u00a0<\/p>\n<p class=\"col-md-10 exergue\">Le Monde B\u00e9ryl : immersion artistique et retail<\/p>\n<p><img decoding=\"async\" class=\"news-image\" style=\"width:100%;\" src=\"https:\/\/www.europesays.com\/fr\/wp-content\/uploads\/2025\/09\/190a.jpg\" alt=\"Le monde B\u00e9ryl\" loading=\"lazy\"\/>Le monde B\u00e9ryl &#8211; DR<\/p>\n<p class=\"col-md-8 offset-md-1 article-content--texte\">Le Monde B\u00e9ryl installe son premier pop-up autonome au 24, rue Saint-Roch, dans le Ier arrondissement, \u00e0 l\u2019occasion de la Fashion Week femme, \u00e0 partir du 24 septembre. Il ouvrira ses portes jusqu&rsquo;au 4 novembre, pour Art Basel. Sur deux niveaux, la boutique propose les collections Pre-Fall 2025 et automne-hiver 2025, avec des mod\u00e8les comme la botte et la mule Mica, la Victoria en deux hauteurs de talon et la cuissarde Luna, ainsi que des pi\u00e8ces embl\u00e9matiques revisit\u00e9es dans de nouveaux coloris.<\/p>\n<p>Le pop-up pr\u00e9sente \u00e9galement la premi\u00e8re collaboration cr\u00e9ative de la marque avec une artiste, autour de trois silhouettes exclusives en pr\u00e9commande, ainsi que d\u2019autres collaborations, comme Fournier Fine &amp; Rare, librairie sp\u00e9cialis\u00e9e dans les ouvrages rares. Au programme : performances, rencontres et \u00e9v\u00e9nements immersifs imagin\u00e9s par Janina Pedan, fid\u00e8le collaboratrice de la maison.<\/p>\n<p class=\"col-md-8 offset-md-1 article-content--texte\">Parall\u00e8lement, la sortie du premier num\u00e9ro de Beauty in Movement accompagne l\u2019exp\u00e9rience, avec des visuels de Camille Henrot, Louise Giovanelli, Miranda Fengyuan Zhang et Eva Helene Pade, ainsi que des objets exclusifs comme tote bags, bo\u00eetes d\u2019allumettes et stickers.<\/p>\n<p class=\"col-md-10 exergue\">Barbour s&rsquo;installe dans le Marais\u00a0<\/p>\n<p><img decoding=\"async\" class=\"news-image\" style=\"width:100%;\" src=\"https:\/\/www.europesays.com\/fr\/wp-content\/uploads\/2025\/09\/656e.jpg\" alt=\"La boutique \u00e9ph\u00e9m\u00e8re Barbour\" loading=\"lazy\"\/>La boutique \u00e9ph\u00e9m\u00e8re Barbour &#8211; DR<\/p>\n<p class=\"col-md-8 offset-md-1 article-content--texte\">Barbour a ouvert une nouvelle boutique \u00e9ph\u00e9m\u00e8re le 14 juillet dernier, au 72, rue du Temple, dans le Marais, jusqu\u2019au 20 janvier 2026. L\u2019espace met en avant les collections automne-hiver 2025, dont les produits de la campagne \u00ab\u00a0Ode to Ayrshire\u00a0\u00bb, hommage aux tartans embl\u00e9matiques de la marque.<\/p>\n<p>La boutique pr\u00e9sente \u00e9galement la capsule Re-Loved, avec vestes et bobs restaur\u00e9s \u00e0 la main dans l\u2019usine historique de South Shields en Angleterre. Les visiteurs peuvent d\u00e9couvrir des produits personnalis\u00e9s, b\u00e9n\u00e9ficier de cadeaux \u00e0 l\u2019achat et explorer l\u2019histoire de plus d\u2019un si\u00e8cle de savoir-faire britannique.<\/p>\n<p>La fourchette de prix est tr\u00e8s large et s&rsquo;adresse \u00e0 tous les porte-monnaie, avec des tarifs allant de 50 \u00e0 500 euros.\u00a0<\/p>\n<p class=\"col-md-10 exergue\">Birkenstock : artisanat et culture au c\u0153ur du Marais<\/p>\n<p><img decoding=\"async\" class=\"news-image\" style=\"width:100%;\" src=\"https:\/\/www.europesays.com\/fr\/wp-content\/uploads\/2025\/09\/7353.jpg\" alt=\"l'Atelier Birkenstock\" loading=\"lazy\"\/>l&rsquo;Atelier Birkenstock &#8211; DR<\/p>\n<p class=\"col-md-8 offset-md-1 article-content--texte\">Du 17 septembre au 21 novembre, pour faire honneur \u00e0 250\u00a0ans de savoir-faire, Birkenstock cr\u00e9e l\u2019Atelier,\u00a0install\u00e9 au 51, rue de Turenne. Ce pop-up met en avant l\u2019artisanat allemand, l\u2019histoire de la marque et la cr\u00e9ativit\u00e9, avec un programme culturel comprenant conf\u00e9rences, musique live, ateliers cr\u00e9atifs et rituels de bien-\u00eatre. Un caf\u00e9 et une biblioth\u00e8que compl\u00e8tent l\u2019espace, o\u00f9 la gamme Birkenstock Care Essentials, compos\u00e9e de quatre produits naturels et v\u00e9ganes, est \u00e9galement propos\u00e9e.<br \/>\u00a0\n                            <\/p>\n<p>\n                                Tous droits de reproduction et de repr\u00e9sentation r\u00e9serv\u00e9s.<br \/>\u00a9 2025 FashionNetwork.com\n                            <\/p>\n","protected":false},"excerpt":{"rendered":"Publi\u00e9 le 26 septembre 2025 A l&rsquo;occasion de la rentr\u00e9e, Paris se transforme une nouvelle fois en terrain&hellip;\n","protected":false},"author":2,"featured_media":418846,"comment_status":"","ping_status":"","sticky":false,"template":"","format":"standard","meta":{"footnotes":""},"categories":[1888],"tags":[11,2424,537,2423,1777,674,1011,27,2425,985,12,2298,626,2426,2427,25,2421,2422],"class_list":{"0":"post-418968","1":"post","2":"type-post","3":"status-publish","4":"format-standard","5":"has-post-thumbnail","7":"category-paris","8":"tag-actualites","9":"tag-beaute","10":"tag-contact","11":"tag-cosmetiques","12":"tag-eu","13":"tag-europe","14":"tag-fr","15":"tag-france","16":"tag-luxe","17":"tag-mode","18":"tag-news","19":"tag-parfum","20":"tag-paris","21":"tag-professionnel","22":"tag-professionnels","23":"tag-republique-francaise","24":"tag-reseau","25":"tag-textile"},"share_on_mastodon":{"url":"https:\/\/pubeurope.com\/@fr\/115270759560987145","error":""},"_links":{"self":[{"href":"https:\/\/www.europesays.com\/fr\/wp-json\/wp\/v2\/posts\/418968","targetHints":{"allow":["GET"]}}],"collection":[{"href":"https:\/\/www.europesays.com\/fr\/wp-json\/wp\/v2\/posts"}],"about":[{"href":"https:\/\/www.europesays.com\/fr\/wp-json\/wp\/v2\/types\/post"}],"author":[{"embeddable":true,"href":"https:\/\/www.europesays.com\/fr\/wp-json\/wp\/v2\/users\/2"}],"replies":[{"embeddable":true,"href":"https:\/\/www.europesays.com\/fr\/wp-json\/wp\/v2\/comments?post=418968"}],"version-history":[{"count":0,"href":"https:\/\/www.europesays.com\/fr\/wp-json\/wp\/v2\/posts\/418968\/revisions"}],"wp:featuredmedia":[{"embeddable":true,"href":"https:\/\/www.europesays.com\/fr\/wp-json\/wp\/v2\/media\/418846"}],"wp:attachment":[{"href":"https:\/\/www.europesays.com\/fr\/wp-json\/wp\/v2\/media?parent=418968"}],"wp:term":[{"taxonomy":"category","embeddable":true,"href":"https:\/\/www.europesays.com\/fr\/wp-json\/wp\/v2\/categories?post=418968"},{"taxonomy":"post_tag","embeddable":true,"href":"https:\/\/www.europesays.com\/fr\/wp-json\/wp\/v2\/tags?post=418968"}],"curies":[{"name":"wp","href":"https:\/\/api.w.org\/{rel}","templated":true}]}}