{"id":418969,"date":"2025-09-26T13:09:14","date_gmt":"2025-09-26T13:09:14","guid":{"rendered":"https:\/\/www.europesays.com\/fr\/418969\/"},"modified":"2025-09-26T13:09:14","modified_gmt":"2025-09-26T13:09:14","slug":"paris-a-perdu-pres-dun-million-dhabitants-en-un-siecle","status":"publish","type":"post","link":"https:\/\/www.europesays.com\/fr\/418969\/","title":{"rendered":"Paris a perdu pr\u00e8s d\u2019un million d\u2019habitants en un si\u00e8cle"},"content":{"rendered":"<p><img loading=\"lazy\" decoding=\"async\" alt=\"\u00a9 Shutterstock - En 1925, la capitale fr\u00f4lait les trois millions d\u2019habitants. Aujourd\u2019hui, ils ne sont plus que 2,1 millions. Une chute qui refl\u00e8te l\u2019histoire sociale et urbaine de Paris.\" data-zoom-src=\"https:\/\/www.europesays.com\/fr\/wp-content\/uploads\/2025\/09\/initial-paris-population.jpg\" data-zoomable=\"\" height=\"702\" src=\"https:\/\/www.europesays.com\/fr\/wp-content\/uploads\/2025\/09\/initial-paris-population.jpg\" width=\"1248\"\/>  <\/p>\n<p class=\"article-desc\">\u00a9 Shutterstock &#8211; En 1925, la capitale fr\u00f4lait les trois millions d\u2019habitants. Aujourd\u2019hui, ils ne sont plus que 2,1 millions. Une chute qui refl\u00e8te l\u2019histoire sociale et urbaine de Paris. <\/p>\n<p>Au lendemain de la <strong>Premi\u00e8re Guerre mondiale<\/strong>, Paris conna\u00eet son <a href=\"https:\/\/mesinfos.fr\/ile-de-france\/demographie-deux-fois-plus-de-naissances-que-de-deces-en-ile-de-france-219222.html\" rel=\"noopener nofollow\" target=\"_blank\">\u00e2ge d\u2019or d\u00e9mographique<\/a>. En 1921, la ville atteint un record de <strong>2,9 millions d\u2019habitants<\/strong>, un chiffre qui se maintient jusqu\u2019aux ann\u00e9es 1950. Les rues sont bond\u00e9es, les logements satur\u00e9s, et la capitale vit au rythme de l\u2019arriv\u00e9e constante de jeunes provinciaux, de migrants venus d\u2019Alg\u00e9rie, des colonies fran\u00e7aises ou de l\u2019\u00e9tranger. Cette effervescence contribue au dynamisme \u00e9conomique et culturel de l\u2019entre-deux-guerres, mais place aussi la ville au bord de l\u2019asphyxie.\u00a0 <\/p>\n<p>La d\u00e9croissance engag\u00e9e d\u00e8s les ann\u00e9es 1950 <\/p>\n<p>\u00c0 partir des ann\u00e9es 1950, le mouvement s\u2019inverse. <strong>Paris perd progressivement des habitants<\/strong>, jusqu\u2019\u00e0 tomber \u00e0 <strong>deux millions au d\u00e9but des ann\u00e9es 1980<\/strong>. L\u2019exode vers la banlieue, la construction de grands ensembles en p\u00e9riph\u00e9rie et la transformation du tissu urbain expliquent ce reflux. Les familles quittent le centre-ville, trop cher et trop exigu, au profit de logements plus grands et plus accessibles dans la proche couronne. La capitale, autrefois en croissance constante, entre dans une p\u00e9riode de stagnation. <\/p>\n<p>Une ville cosmopolite qui se renouvelle <\/p>\n<p>En 1926, seuls un tiers des<a href=\"https:\/\/mesinfos.fr\/75000-paris\/journees-du-patrimoine-2025-10-lieux-secrets-a-explorer-a-paris-228021.html\" rel=\"noopener nofollow\" target=\"_blank\"> Parisiens<\/a> \u00e9taient n\u00e9s dans la capitale selon la derni\u00e8re \u00e9tude de l\u2019Institut national d\u2019\u00e9tudes d\u00e9mographiques (Ined) publi\u00e9e cette semaine. Un si\u00e8cle plus tard, la proportion est quasiment la m\u00eame : 30 %. Si le volume de population a diminu\u00e9, <strong>la diversit\u00e9 est rest\u00e9e une constante<\/strong>. <strong>En 2020, un quart des habitants sont n\u00e9s \u00e0 l\u2019\u00e9tranger<\/strong>, contre environ 10 % dans l\u2019entre-deux-guerres. Paris continue donc d\u2019attirer de nouveaux arrivants, m\u00eame si elle n\u2019assure plus la m\u00eame croissance d\u00e9mographique.<\/p>\n<p>  Un d\u00e9ficit d\u2019enfants et beaucoup de c\u00e9libataires <\/p>\n<p>L\u2019une des explications \u00e0 la baisse de population tient \u00e0 la structure familiale. D\u00e9j\u00e0 en 1925, la natalit\u00e9 parisienne \u00e9tait faible, les enfants moins nombreux qu\u2019en province, et les adultes c\u00e9libataires surrepr\u00e9sent\u00e9s. Aujourd\u2019hui encore, la capitale accueille une majorit\u00e9 de jeunes actifs et de c\u00e9libataires, mais reste <strong>peu adapt\u00e9e aux familles<\/strong>, qui pr\u00e9f\u00e8rent s\u2019installer en <strong>banlieue<\/strong> ou en <strong>province<\/strong>. Les faibles des naissances, conjugu\u00e9e \u00e0 la hausse des prix immobiliers, entretient la tendance \u00e0 la baisse. <\/p>\n<p>Des in\u00e9galit\u00e9s inchang\u00e9es <\/p>\n<p>La g\u00e9ographie sociale de la capitale n\u2019a gu\u00e8re \u00e9volu\u00e9. Dans l\u2019entre-deux-guerres, l\u2019<strong>ouest concentrait d\u00e9j\u00e0 les classes ais\u00e9es<\/strong> et leurs domestiques, tandis que l\u2019<strong>est abritait les familles ouvri\u00e8res<\/strong>. Un si\u00e8cle plus tard, le clivage demeure, mais s\u2019exprime d\u00e9sormais dans l\u2019acc\u00e8s au logement et dans la s\u00e9gr\u00e9gation r\u00e9sidentielle. Paris, plus petite par sa population, reste une ville profond\u00e9ment in\u00e9galitaire.<\/p>\n<p> Une capitale en perte d\u2019habitants mais pas d\u2019attractivit\u00e9 <\/p>\n<p>Si <strong>Paris a perdu pr\u00e8s d\u2019un million d\u2019habitants en un si\u00e8cle<\/strong>, elle reste une destination majeure pour les \u00e9tudiants, les artistes et les migrants du monde entier. <strong>La capitale conserve son pouvoir d\u2019attraction<\/strong>, mais ne parvient plus \u00e0 retenir les familles qui la quittent pour trouver plus d\u2019espace ailleurs. Paris n\u2019est donc pas une ville d\u00e9peupl\u00e9e, mais une ville qui change de visage et dont la vitalit\u00e9 repose d\u00e9sormais davantage sur les flux que sur la croissance interne.<\/p>\n","protected":false},"excerpt":{"rendered":"\u00a9 Shutterstock &#8211; En 1925, la capitale fr\u00f4lait les trois millions d\u2019habitants. Aujourd\u2019hui, ils ne sont plus que&hellip;\n","protected":false},"author":2,"featured_media":418970,"comment_status":"","ping_status":"","sticky":false,"template":"","format":"standard","meta":{"footnotes":""},"categories":[1888],"tags":[11,6969,1777,674,1011,27,12,626,25],"class_list":{"0":"post-418969","1":"post","2":"type-post","3":"status-publish","4":"format-standard","5":"has-post-thumbnail","7":"category-paris","8":"tag-actualites","9":"tag-demographie","10":"tag-eu","11":"tag-europe","12":"tag-fr","13":"tag-france","14":"tag-news","15":"tag-paris","16":"tag-republique-francaise"},"share_on_mastodon":{"url":"https:\/\/pubeurope.com\/@fr\/115270763700826135","error":""},"_links":{"self":[{"href":"https:\/\/www.europesays.com\/fr\/wp-json\/wp\/v2\/posts\/418969","targetHints":{"allow":["GET"]}}],"collection":[{"href":"https:\/\/www.europesays.com\/fr\/wp-json\/wp\/v2\/posts"}],"about":[{"href":"https:\/\/www.europesays.com\/fr\/wp-json\/wp\/v2\/types\/post"}],"author":[{"embeddable":true,"href":"https:\/\/www.europesays.com\/fr\/wp-json\/wp\/v2\/users\/2"}],"replies":[{"embeddable":true,"href":"https:\/\/www.europesays.com\/fr\/wp-json\/wp\/v2\/comments?post=418969"}],"version-history":[{"count":0,"href":"https:\/\/www.europesays.com\/fr\/wp-json\/wp\/v2\/posts\/418969\/revisions"}],"wp:featuredmedia":[{"embeddable":true,"href":"https:\/\/www.europesays.com\/fr\/wp-json\/wp\/v2\/media\/418970"}],"wp:attachment":[{"href":"https:\/\/www.europesays.com\/fr\/wp-json\/wp\/v2\/media?parent=418969"}],"wp:term":[{"taxonomy":"category","embeddable":true,"href":"https:\/\/www.europesays.com\/fr\/wp-json\/wp\/v2\/categories?post=418969"},{"taxonomy":"post_tag","embeddable":true,"href":"https:\/\/www.europesays.com\/fr\/wp-json\/wp\/v2\/tags?post=418969"}],"curies":[{"name":"wp","href":"https:\/\/api.w.org\/{rel}","templated":true}]}}