{"id":419004,"date":"2025-09-26T13:30:23","date_gmt":"2025-09-26T13:30:23","guid":{"rendered":"https:\/\/www.europesays.com\/fr\/419004\/"},"modified":"2025-09-26T13:30:23","modified_gmt":"2025-09-26T13:30:23","slug":"alejandro-mono-gonzalez-fresque-sur-liberation","status":"publish","type":"post","link":"https:\/\/www.europesays.com\/fr\/419004\/","title":{"rendered":"Alejandro \u00abMono\u00bb Gonz\u00e1lez, fresque s\u00fbr \u2013 Lib\u00e9ration"},"content":{"rendered":"<p class=\"sc-cPiKLX AiZTS text-element\">Le \u00absinge\u00bb. Il s\u2019agite, s\u2019\u00e9chine dans les arcanes du march\u00e9 aux puces au centre de Santiago du Chili, un samedi matin. Alejandro Mono Gonz\u00e1lez, 78 ans, converse avec ses coll\u00e8gues des \u00e9tals voisins, remet en place le cadre d\u2019une s\u00e9rigraphie ou \u00e9change avec les clients de son \u00e9choppe, dont beaucoup ignorent qu\u2019il est un peintre muraliste connu dans le monde entier. Rencontrer \u00abMono\u00bb (\u00absinge\u00bb en espagnol, \u00abun surnom donn\u00e9 \u00e0 l\u2019\u00e9cole primaire parce que j\u2019\u00e9tais hyperactif, \u00e7a me poursuit encore\u00bb) est chose ais\u00e9e : il stationne presque tous les week-ends dans le m\u00eame hangar qui accueille parfois concerts et happenings divers. Le coincer pour une interview en est une autre. Ce fils d\u2019un ouvrier et d\u2019une travailleuse agricole, membres du PC, issu de Curic\u00f3, \u00e0 200 bornes au sud de la capitale chilienne, ne se sert de son t\u00e9l\u00e9phone que pour poster sur Instagram et r\u00e9pondre aux mails, les ann\u00e9es bissextiles. <\/p>\n<p class=\"sc-cPiKLX AiZTS text-element\">Finalement, apr\u00e8s six tentatives, il emm\u00e8ne dans son atelier, \u00e0 l\u2019autre bout du march\u00e9, joyeux fatras ouvert \u00e0 toutes les brises. \u00abPlus que les ventes, j\u2019aime la fa\u00e7on dont nous cr\u00e9ons ici un public. Pendant que je regarde passer les meubles, il y a un dialogue permanent. Je suis comme un passeur\u00bb, jure-t-il. Jean macul\u00e9, tee-shirt bleu \u00e9lim\u00e9 et moustache touffue, il s\u2019assied \u00e0 c\u00f4t\u00e9 d\u2019une de ses affiches pour les Jeunesses communistes datant de 1971, qui figuraient l\u2019an dernier dans une expo sur le design latino-am\u00e9ricain au <a href=\"https:\/\/www.liberation.fr\/cu &lt;div style=\" clear:=\"\" both=\"\" rel=\"nofollow noopener\" target=\"_blank\"><\/p>\n","protected":false},"excerpt":{"rendered":"Le \u00absinge\u00bb. Il s\u2019agite, s\u2019\u00e9chine dans les arcanes du march\u00e9 aux puces au centre de Santiago du Chili,&hellip;\n","protected":false},"author":2,"featured_media":419005,"comment_status":"","ping_status":"","sticky":false,"template":"","format":"standard","meta":{"footnotes":""},"categories":[1358],"tags":[1348,1384,1385,40896,1386,58,59,1011,27],"class_list":{"0":"post-419004","1":"post","2":"type-post","3":"status-publish","4":"format-standard","5":"has-post-thumbnail","7":"category-arts-et-design","8":"tag-arts","9":"tag-arts-and-design","10":"tag-arts-et-design","11":"tag-chili","12":"tag-design","13":"tag-divertissement","14":"tag-entertainment","15":"tag-fr","16":"tag-france"},"share_on_mastodon":{"url":"https:\/\/pubeurope.com\/@fr\/115270845927729745","error":""},"_links":{"self":[{"href":"https:\/\/www.europesays.com\/fr\/wp-json\/wp\/v2\/posts\/419004","targetHints":{"allow":["GET"]}}],"collection":[{"href":"https:\/\/www.europesays.com\/fr\/wp-json\/wp\/v2\/posts"}],"about":[{"href":"https:\/\/www.europesays.com\/fr\/wp-json\/wp\/v2\/types\/post"}],"author":[{"embeddable":true,"href":"https:\/\/www.europesays.com\/fr\/wp-json\/wp\/v2\/users\/2"}],"replies":[{"embeddable":true,"href":"https:\/\/www.europesays.com\/fr\/wp-json\/wp\/v2\/comments?post=419004"}],"version-history":[{"count":0,"href":"https:\/\/www.europesays.com\/fr\/wp-json\/wp\/v2\/posts\/419004\/revisions"}],"wp:featuredmedia":[{"embeddable":true,"href":"https:\/\/www.europesays.com\/fr\/wp-json\/wp\/v2\/media\/419005"}],"wp:attachment":[{"href":"https:\/\/www.europesays.com\/fr\/wp-json\/wp\/v2\/media?parent=419004"}],"wp:term":[{"taxonomy":"category","embeddable":true,"href":"https:\/\/www.europesays.com\/fr\/wp-json\/wp\/v2\/categories?post=419004"},{"taxonomy":"post_tag","embeddable":true,"href":"https:\/\/www.europesays.com\/fr\/wp-json\/wp\/v2\/tags?post=419004"}],"curies":[{"name":"wp","href":"https:\/\/api.w.org\/{rel}","templated":true}]}}