{"id":419025,"date":"2025-09-26T13:42:10","date_gmt":"2025-09-26T13:42:10","guid":{"rendered":"https:\/\/www.europesays.com\/fr\/419025\/"},"modified":"2025-09-26T13:42:10","modified_gmt":"2025-09-26T13:42:10","slug":"a-lyon-un-debut-de-campagne-municipale-tendu-entre-jean-michel-aulas-et-les-ecologistes","status":"publish","type":"post","link":"https:\/\/www.europesays.com\/fr\/419025\/","title":{"rendered":"\u00c0 Lyon, un d\u00e9but de campagne municipale tendu entre Jean-Michel Aulas et les \u00e9cologistes"},"content":{"rendered":"<p>L\u2019annonce officielle de la candidature de Jean-Michel Aulas aux prochaines municipales occupait tous les esprits jeudi au conseil municipal, o\u00f9 un s\u00e9nateur \u00e9cologiste a point\u00e9 du doigt deux sondages command\u00e9s par le clan de l\u2019homme d\u2019affaires.<\/p>\n<p class=\"fig-paragraph\">Il n\u2019aura donc fallu que quelques heures pour que la joute s\u2019envenime. \u00c0 six mois du scrutin municipal,\u00a0<a href=\"http:\/\/www.lefigaro.fr\/lyon\/municipales-jean-michel-aulas-officialise-sa-candidature-dans-une-lettre-aux-lyonnais-et-lance-son-mouvement-20250925\" data-fig-type=\"NewsFlash\" data-gtm-custom-categorie=\"navigation\" data-gtm-custom-action=\"crossclick\" data-gtm-custom-label=\"Contextuel\" data-gtm-event=\"customEventSPE\" data-fig-domain=\"LEFIGARO\" target=\"_blank\" rel=\"noopener\">l\u2019annonce d\u2019entr\u00e9e en campagne de Jean-Michel Aulas, jeudi matin,<\/a>\u00a0a cristallis\u00e9 les tensions de la classe politique lyonnaise, r\u00e9unie en conseil municipal. Moins de 24 heures plus tard, un premier courrier d\u2019avocat a \u00e9t\u00e9 envoy\u00e9 par l\u2019homme d\u2019affaires de 76 ans au pr\u00e9sident de la m\u00e9tropole,\u00a0<a href=\"http:\/\/www.lefigaro.fr\/lyon\/lyon-bruno-bernard-un-president-de-metropole-puissant-mais-meconnu-20230324\" data-fig-type=\"Article\" data-gtm-custom-categorie=\"navigation\" data-gtm-custom-action=\"crossclick\" data-gtm-custom-label=\"Contextuel\" data-gtm-event=\"customEventSPE\" data-fig-domain=\"LEFIGARO\" target=\"_blank\" rel=\"noopener\">Bruno Bernard<\/a>, et au s\u00e9nateur\u00a0<a href=\"http:\/\/www.lefigaro.fr\/lyon\/un-climat-de-violences-inacceptables-a-lyon-des-elus-alertent-sur-le-nouveau-centre-de-retention-des-etrangers-20230419\" data-fig-type=\"NewsFlash\" data-gtm-custom-categorie=\"navigation\" data-gtm-custom-action=\"crossclick\" data-gtm-custom-label=\"Contextuel\" data-gtm-event=\"customEventSPE\" data-fig-domain=\"LEFIGARO\" target=\"_blank\" rel=\"noopener\">Thomas Dossus<\/a>\u00a0qui l\u2019accuse d\u2019avoir pay\u00e9 des\u00a0<a href=\"http:\/\/www.lefigaro.fr\/lyon\/municipales-a-lyon-un-nouveau-sondage-place-jean-michel-aulas-en-principal-opposant-des-ecologistes-20250408\" data-fig-type=\"NewsFlash\" data-gtm-custom-categorie=\"navigation\" data-gtm-custom-action=\"crossclick\" data-gtm-custom-label=\"Contextuel\" data-gtm-event=\"customEventSPE\" data-fig-domain=\"LEFIGARO\" target=\"_blank\" rel=\"noopener\">sondages<\/a>\u00a0avec sa holding familiale, ce qui est interdit par le code \u00e9lectoral. Des accusations diffamatoires selon \u00abJMA\u00bb, qui assure avoir pay\u00e9 les \u00e9tudes sur ses fonds personnels.<\/p>\n<p class=\"fig-paragraph\">La premi\u00e8re banderille avait \u00e9t\u00e9 plant\u00e9e d\u00e8s le d\u00e9but du conseil municipal du jeudi 25 septembre. Chef de file de l\u2019opposition de droite,\u00a0<a href=\"http:\/\/www.lefigaro.fr\/lyon\/municipales-a-lyon-pierre-oliver-denonce-des-intimidations-des-equipes-d-aulas-et-porte-plainte-20250519\" data-fig-type=\"NewsFlash\" data-gtm-custom-categorie=\"navigation\" data-gtm-custom-action=\"crossclick\" data-gtm-custom-label=\"Contextuel\" data-gtm-event=\"customEventSPE\" data-fig-domain=\"LEFIGARO\" target=\"_blank\" rel=\"noopener\">Pierre Oliver<\/a>\u00a0(LR) avait tenu \u00e0 lancer la campagne de Jean-Michel Aulas lors de la traditionnelle intervention pr\u00e9alable aux d\u00e9bats accord\u00e9e aux diff\u00e9rents groupes politiques. \u00abAutour de moi, vous voyez des personnalit\u00e9s issues d\u2019horizons divers qui ont choisi de d\u00e9passer leurs appartenances pour se f\u00e9d\u00e9rer autour d\u2019un projet commun, a-t-il lanc\u00e9 tout sourire en r\u00e9f\u00e9rence \u00e0 la r\u00e9organisation des groupes de droite et du centre sous la banni\u00e8re commune \u00abC\u0153ur lyonnais\u00bb, du nom du mouvement de leur champion. En mars 2026, les Lyonnais devront choisir entre deux visions. Celle d\u2019une politique dogmatique ou celle d\u2019un projet rassembleur, conscient des enjeux et attentif \u00e0 ne laisser personne de c\u00f4t\u00e9\u00a0\u00bb.<\/p>\n<p>                                    <a class=\"fig-a11y-skip a11y-hidden\" href=\"#fig-a11y-skip-main-inarticle\"><br \/>\n        Passer la publicit\u00e9<br \/>\n    <\/a><\/p>\n<p class=\"fig-paragraph\">Il s\u2019est heurt\u00e9 \u00e0 un rappel \u00e0 l\u2019ordre formel cinglant du maire de Lyon,\u00a0<a href=\"http:\/\/www.lefigaro.fr\/lyon\/lyon-le-maire-gregory-doucet-depose-plainte-apres-des-commentaires-islamophobes-visant-sa-video-de-rentree-a-la-duchere-20250915\" data-fig-type=\"NewsFlash\" data-gtm-custom-categorie=\"navigation\" data-gtm-custom-action=\"crossclick\" data-gtm-custom-label=\"Contextuel\" data-gtm-event=\"customEventSPE\" data-fig-domain=\"LEFIGARO\" target=\"_blank\" rel=\"noopener\">Gr\u00e9gory Doucet<\/a>\u00a0(EELV), par ailleurs candidat \u00e0 sa r\u00e9\u00e9lection. \u00abCes interventions pr\u00e9alables ne sont pas destin\u00e9es \u00e0 faire campagne, l\u2019a repris l\u2019\u00e9dile. Nous sommes en p\u00e9riode de r\u00e9serve \u00e9lectorale. Chaque acte de campagne doit se faire dans un cadre bien d\u00e9termin\u00e9 et ce conseil municipal n\u2019en est pas un\u00bb. \u00abCe que vous venez de faire ce matin n\u2019est rien de moins que l\u2019utilisation des moyens municipaux pour mener campagne, c\u2019est absolument interdit, cela peut m\u00eame \u00eatre un motif d\u2019invalidation des comptes de campagne\u00bb, a encore grond\u00e9\u00a0<a href=\"http:\/\/www.lefigaro.fr\/lyon\/a-lyon-gregory-doucet-renvoie-son-adjointe-a-la-culture-20240514\" data-fig-type=\"NewsFlash\" data-gtm-custom-categorie=\"navigation\" data-gtm-custom-action=\"crossclick\" data-gtm-custom-label=\"Contextuel\" data-gtm-event=\"customEventSPE\" data-fig-domain=\"LEFIGARO\" target=\"_blank\" rel=\"noopener\">Nathalie Perrin-Gilbert<\/a>, ex-adjointe \u00e0 la culture dissidente et elle aussi candidate pour 2026.<\/p>\n<p>\u00abSur quoi allez-vous vous mettre d\u2019accord\u00a0?\u00bb<\/p>\n<p class=\"fig-paragraph\">Le maire de Lyon n\u2019a en revanche pas repris son alli\u00e9e,\u00a0<a href=\"http:\/\/www.lefigaro.fr\/lyon\/grand-chelem-pour-la-gauche-a-lyon-premiere-percee-du-rn-dans-le-rhone-20240708\" data-fig-type=\"NewsFlash\" data-gtm-custom-categorie=\"navigation\" data-gtm-custom-action=\"crossclick\" data-gtm-custom-label=\"Contextuel\" data-gtm-event=\"customEventSPE\" data-fig-domain=\"LEFIGARO\" target=\"_blank\" rel=\"noopener\">Sandrine Runel<\/a>\u00a0(PS), quand elle a attaqu\u00e9 l\u2019alliance de la droite et du centre derri\u00e8re Jean-Michel Aulas. \u00abHier encore, ces groupes s\u2019\u00e9charpaient sur les budgets (&#8230;) Aujourd\u2019hui, sans explication, vous pr\u00e9tendez marcher main dans la main pour gouverner Lyon. Mais sur quoi allez-vous vous mettre d\u2019accord, sur quelle ligne politique\u00a0?, a-t-elle interrog\u00e9. Il y a, ici, une seule addition d\u2019int\u00e9r\u00eats et d\u2019ambitions personnelles\u00bb. Les \u00e9cologistes avaient d\u00e9j\u00e0 tanc\u00e9 plus t\u00f4t dans la semaine cet attelage, exhumant les critiques formul\u00e9es il y a cinq ans par le chef de file actuel de Renaissance,\u00a0<a href=\"http:\/\/www.lefigaro.fr\/lyon\/lyon-premier-bain-de-foule-pour-jean-michel-aulas-apres-son-adoubement-par-la-droite-et-le-centre-20250923\" data-fig-type=\"NewsFlash\" data-gtm-custom-categorie=\"navigation\" data-gtm-custom-action=\"crossclick\" data-gtm-custom-label=\"Contextuel\" data-gtm-event=\"customEventSPE\" data-fig-domain=\"LEFIGARO\" target=\"_blank\" rel=\"noopener\">Thomas Rudigoz<\/a>, contre l\u2019alliance de second tour de\u00a0<a href=\"http:\/\/www.lefigaro.fr\/lyon\/il-etait-souriant-discutait-s-arretait-gerard-collomb-un-politique-proche-de-son-quartier-a-lyon-20231128\" data-fig-type=\"NewsFlash\" data-gtm-custom-categorie=\"navigation\" data-gtm-custom-action=\"crossclick\" data-gtm-custom-label=\"Contextuel\" data-gtm-event=\"customEventSPE\" data-fig-domain=\"LEFIGARO\" target=\"_blank\" rel=\"noopener\">G\u00e9rard Collomb<\/a>\u00a0avec la droite.<\/p>\n<p class=\"fig-paragraph\">Dans la \u00abLettre aux Lyonnais\u00bb qu\u2019il a publi\u00e9e jeudi matin, Jean-Michel Aulas annon\u00e7ait son intention d\u2019aller \u00e0 la rencontre des habitants pour \u00e9tablir un programme issu de la \u00absoci\u00e9t\u00e9 civile\u00bb. \u00abJe ne suis pas le candidat des partis\u00bb n\u2019a de cesse de r\u00e9p\u00e9ter celui qui a re\u00e7u l\u2019onction de\u00a0<a href=\"http:\/\/www.lefigaro.fr\/lyon\/municipales-2026-a-lyon-jean-michel-aulas-va-se-lancer-dans-l-aventure-soutenu-par-lr-20250904\" data-fig-type=\"NewsFlash\" data-gtm-custom-categorie=\"navigation\" data-gtm-custom-action=\"crossclick\" data-gtm-custom-label=\"Contextuel\" data-gtm-event=\"customEventSPE\" data-fig-domain=\"LEFIGARO\" target=\"_blank\" rel=\"noopener\">Laurent Wauquiez<\/a>\u00a0et\u00a0<a href=\"http:\/\/www.lefigaro.fr\/lyon\/jean-michel-aulas-recu-par-attal-et-l-elysee-pour-evoquer-sa-candidature-aux-municipales-a-lyon-20250320\" data-fig-type=\"NewsFlash\" data-gtm-custom-categorie=\"navigation\" data-gtm-custom-action=\"crossclick\" data-gtm-custom-label=\"Contextuel\" data-gtm-event=\"customEventSPE\" data-fig-domain=\"LEFIGARO\" target=\"_blank\" rel=\"noopener\">Gabriel Attal<\/a>\u00a0ces derniers jours. Il a r\u00e9p\u00e9t\u00e9 son intention de pr\u00e9senter une liste faite pour moiti\u00e9 de candidats \u00e9trangers \u00e0 la politique.<\/p>\n<p class=\"fig-body-link\">\n            \u00c0 lire aussi<br \/>\n        <a class=\"fig-body-link__link fig-premium-mark\" href=\"http:\/\/www.lefigaro.fr\/lyon\/a-lyon-la-droite-et-le-centre-misent-sur-la-notoriete-de-jean-michel-aulas-pour-agreger-les-rancoeurs-anti-ecolo-20250925\" data-fig-type=\"NewsFlash\" data-gtm-custom-categorie=\"navigation\" data-gtm-custom-action=\"crossclick\" data-gtm-custom-label=\"Contextuel\" data-gtm-event=\"customEventSPE\" data-fig-domain=\"LEFIGARO\" target=\"_blank\" rel=\"noopener\">\u00c0 Lyon, la droite et le centre misent sur la notori\u00e9t\u00e9 de Jean-Michel Aulas pour agr\u00e9ger les ranc\u0153urs anti-\u00e9colo<br \/>\n    <\/a>\n<\/p>\n<p class=\"fig-paragraph\">Celui qui n\u2019a de cesse de\u00a0<a href=\"http:\/\/www.lefigaro.fr\/lyon\/embouteillages-sans-fin-jean-michel-aulas-attaque-les-ecologistes-lyonnais-qui-l-invitent-a-prendre-le-metro-20250123\" data-fig-type=\"NewsFlash\" data-gtm-custom-categorie=\"navigation\" data-gtm-custom-action=\"crossclick\" data-gtm-custom-label=\"Contextuel\" data-gtm-event=\"customEventSPE\" data-fig-domain=\"LEFIGARO\" target=\"_blank\" rel=\"noopener\">pester contre les embouteillages<\/a>, attribu\u00e9s aux nombreux travaux d\u2019am\u00e9nagements cyclables et \u00e0 la r\u00e9duction de l\u2019espace accord\u00e9 aux voitures par la majorit\u00e9 \u00e9cologiste, a trouv\u00e9 un certain \u00e9cho chez les \u00e9lecteurs de droite et du centre ces derniers mois. La notori\u00e9t\u00e9 de l\u2019homme aux sept titres de champions de France avec le club de football de l\u2019Olympique Lyonnais a achev\u00e9 d\u2019en faire l\u2019homme providentiel aux yeux de LR et de Renaissance, en mal de champion l\u00e9gitime, pour \u00abd\u00e9loger les \u00e9colos de la mairie\u00bb, selon la formule de Pierre Oliver.<\/p>\n<p>Sondages et courriers d\u2019avocats<\/p>\n<p class=\"fig-paragraph\">Progressant pas \u00e0 pas avec l\u2019aide de son cabinet de conseil parisien, Jean-Michel Aulas a avanc\u00e9 m\u00e9thodiquement ses pions ces derniers mois, distillant les sondages command\u00e9s par ses soins. Ces \u00e9tudes d\u2019opinion command\u00e9es aux\u00a0<a href=\"https:\/\/video.lefigaro.fr\/figaro\/politique\/lyon-jean-michel-aulas-talonne-gregory-doucet-dans-un-premier-sondage-sur-les-municipales-20250317\" data-fig-type=\"Video\" data-gtm-custom-categorie=\"navigation\" data-gtm-custom-action=\"crossclick\" data-gtm-custom-label=\"Contextuel\" data-gtm-event=\"customEventSPE\" data-fig-domain=\"LEFIGARO\" target=\"_blank\" rel=\"noopener\">instituts Cluster 17<\/a>\u00a0en mars et Toluna Harris Interactive en juin sont aujourd\u2019hui cibl\u00e9es par le s\u00e9nateur \u00e9cologiste local Thomas Dossus (EELV). L\u2019\u00e9lu souligne qu\u2019elles n\u2019ont pas \u00e9t\u00e9 command\u00e9es par Jean-Michel Aulas mais sa holding familiale Holnest, comme le mentionnent effectivement les notices de ces deux sondages, consult\u00e9es par Le Figaro.<\/p>\n<p>                                    <a class=\"fig-a11y-skip a11y-hidden\" href=\"#fig-a11y-skip-main-inarticle_mtf\"><br \/>\n        Passer la publicit\u00e9<br \/>\n    <\/a><\/p>\n<p class=\"fig-paragraph\">\u00abAlors que le droit \u00e9lectoral prohibe toute contribution, en num\u00e9raire ou en nature, de personnes morales autres que les partis et groupements politiques au profit d\u2019un candidat, ce financement interroge\u00bb, poursuit Thomas Dossus dans un communiqu\u00e9 de presse relay\u00e9 jeudi apr\u00e8s-midi. L\u2019\u00e9lu y feint de s\u2019interroger sur \u00abla nature r\u00e9elle de cette d\u00e9pense de pr\u00e9campagne\u00bb. \u00abPourrait-elle \u00eatre qualifi\u00e9e de cadeau en nature, de la part d\u2019une soci\u00e9t\u00e9, interdite par le code \u00e9lectoral\u00a0?, poursuit-il. La question reste pos\u00e9e\u00a0: un multimillionnaire est-il au-dessus des lois pour s\u2019acheter une campagne \u00e9lectorale\u00a0?\u00bb<\/p>\n<p class=\"fig-body-link\">\n            \u00c0 lire aussi<br \/>\n        <a class=\"fig-body-link__link fig-premium-mark\" href=\"http:\/\/www.lefigaro.fr\/lyon\/l-hypothese-d-un-duel-entre-jean-michel-aulas-et-gregory-doucet-relance-les-municipales-a-lyon-20250417\" data-fig-type=\"NewsFlash\" data-gtm-custom-categorie=\"navigation\" data-gtm-custom-action=\"crossclick\" data-gtm-custom-label=\"Contextuel\" data-gtm-event=\"customEventSPE\" data-fig-domain=\"LEFIGARO\" target=\"_blank\" rel=\"noopener\">L\u2019hypoth\u00e8se d\u2019un duel entre Jean-Michel Aulas et Gr\u00e9gory Doucet relance les municipales \u00e0 Lyon<br \/>\n    <\/a>\n<\/p>\n<p class=\"fig-paragraph\">Des all\u00e9gations \u00abdiffamatoires\u00bb pour l\u2019entourage du nouveau candidat \u00e0 la mairie. \u00abLes sondages ont \u00e9t\u00e9 pay\u00e9s par Jean-Michel Aulas sur ses fonds propres\u00bb, assure un proche. \u00abLes relev\u00e9s bancaires personnels de notre client en attestent\u00bb, \u00e9crivent ses avocats. Car la r\u00e9plique de clan \u00abJMA\u00bb s\u2019est accompagn\u00e9e d\u2019un courrier de mise en demeure adress\u00e9 ce vendredi matin \u00e0 Thomas Dossus mais aussi \u00e0 Bruno Bernard, le pr\u00e9sident de la m\u00e9tropole de Lyon.<\/p>\n<p class=\"fig-paragraph\">\u00abNous vous mettons formellement et d\u00e9finitivement en demeure de cesser imm\u00e9diatement toute diffusion ou r\u00e9it\u00e9ration de propos mensongers concernant Monsieur Jean-Michel Aulas, indique le courrier, \u00e9voquant des \u00abpoursuites judiciaires\u00bb \u00absans d\u00e9lai\u00bb dans le cas inverse. Nous vous invitons \u00e0 la plus grande prudence dans vos futures prises de parole\u00bb. De quoi tendre une campagne qui d\u00e9marre \u00e0 peine, avant m\u00eame le premier meeting du candidat Aulas, ce vendredi soir dans le quartier de la confluence.<\/p>\n","protected":false},"excerpt":{"rendered":"L\u2019annonce officielle de la candidature de Jean-Michel Aulas aux prochaines municipales occupait tous les esprits jeudi au conseil&hellip;\n","protected":false},"author":2,"featured_media":419026,"comment_status":"","ping_status":"","sticky":false,"template":"","format":"standard","meta":{"footnotes":""},"categories":[4],"tags":[11,4188,1011,27,5227,12,25],"class_list":{"0":"post-419025","1":"post","2":"type-post","3":"status-publish","4":"format-standard","5":"has-post-thumbnail","7":"category-france","8":"tag-actualites","9":"tag-elections-municipales","10":"tag-fr","11":"tag-france","12":"tag-jean-michel-aulas","13":"tag-news","14":"tag-republique-francaise"},"share_on_mastodon":{"url":"https:\/\/pubeurope.com\/@fr\/115270893204444499","error":""},"_links":{"self":[{"href":"https:\/\/www.europesays.com\/fr\/wp-json\/wp\/v2\/posts\/419025","targetHints":{"allow":["GET"]}}],"collection":[{"href":"https:\/\/www.europesays.com\/fr\/wp-json\/wp\/v2\/posts"}],"about":[{"href":"https:\/\/www.europesays.com\/fr\/wp-json\/wp\/v2\/types\/post"}],"author":[{"embeddable":true,"href":"https:\/\/www.europesays.com\/fr\/wp-json\/wp\/v2\/users\/2"}],"replies":[{"embeddable":true,"href":"https:\/\/www.europesays.com\/fr\/wp-json\/wp\/v2\/comments?post=419025"}],"version-history":[{"count":0,"href":"https:\/\/www.europesays.com\/fr\/wp-json\/wp\/v2\/posts\/419025\/revisions"}],"wp:featuredmedia":[{"embeddable":true,"href":"https:\/\/www.europesays.com\/fr\/wp-json\/wp\/v2\/media\/419026"}],"wp:attachment":[{"href":"https:\/\/www.europesays.com\/fr\/wp-json\/wp\/v2\/media?parent=419025"}],"wp:term":[{"taxonomy":"category","embeddable":true,"href":"https:\/\/www.europesays.com\/fr\/wp-json\/wp\/v2\/categories?post=419025"},{"taxonomy":"post_tag","embeddable":true,"href":"https:\/\/www.europesays.com\/fr\/wp-json\/wp\/v2\/tags?post=419025"}],"curies":[{"name":"wp","href":"https:\/\/api.w.org\/{rel}","templated":true}]}}