{"id":419039,"date":"2025-09-26T13:49:11","date_gmt":"2025-09-26T13:49:11","guid":{"rendered":"https:\/\/www.europesays.com\/fr\/419039\/"},"modified":"2025-09-26T13:49:11","modified_gmt":"2025-09-26T13:49:11","slug":"charles-ollivon-ne-reprendra-pas-la-competition-avec-toulon-dimanche-contre-bayonne","status":"publish","type":"post","link":"https:\/\/www.europesays.com\/fr\/419039\/","title":{"rendered":"Charles Ollivon ne reprendra pas la comp\u00e9tition avec Toulon dimanche contre Bayonne"},"content":{"rendered":"<p>Sergio Parisse, l\u2019entra\u00eeneur adjoint du RCT, a expliqu\u00e9 que le troisi\u00e8me-ligne international, victime d\u2019une rupture du ligament crois\u00e9 du genou, n\u2019est \u00abvraiment pas loin de rejouer au rugby\u00bb.<\/p>\n<p class=\"fig-paragraph\">Son retour \u00e0 la comp\u00e9tition est tout proche, mais pas cette semaine. Victime d\u2019une rupture du ligament crois\u00e9 du genou d\u00e9but janvier,\u00a0<a href=\"http:\/\/www.lefigaro.fr\/sports\/rugby\/top-14\/top-14-charles-ollivon-de-retour-avec-toulon-neuf-mois-apres-sa-grave-blessure-20250919\" data-fig-type=\"NewsFlash\" data-gtm-custom-categorie=\"navigation\" data-gtm-custom-action=\"crossclick\" data-gtm-custom-label=\"Contextuel\" data-gtm-event=\"customEventSPE\" data-fig-domain=\"LEFIGARO\" target=\"_blank\" rel=\"noopener\">Charles Ollivon<\/a>, bien que pr\u00e9sent dans le groupe varois, ne reprendra pas la comp\u00e9tition, dimanche (21h05), sur la pelouse de l\u2019Aviron Bayonnais. C\u2019est ce qu\u2019a expliqu\u00e9 en conf\u00e9rence de presse\u00a0<a href=\"http:\/\/www.lefigaro.fr\/sports\/rugby\/6-nations\/six-nations-parisse-dominguez-canale-ces-5-italiens-qui-ont-marque-le-championnat-francais-20240224\" data-fig-type=\"NewsFlash\" data-gtm-custom-categorie=\"navigation\" data-gtm-custom-action=\"crossclick\" data-gtm-custom-label=\"Contextuel\" data-gtm-event=\"customEventSPE\" data-fig-domain=\"LEFIGARO\" target=\"_blank\" rel=\"noopener\">Sergio Parisse<\/a>, entra\u00eeneur de la touche varoise\u00a0: \u00abOn est \u00e0 l\u2019\u00e9coute de lui. Quand tu as eu une blessure comme \u00e7a, aussi longue, tu n\u2019es pas \u00e0 une semaine pr\u00e8s pour reprendre. Je peux juste vous dire qu\u2019il a de bonnes sensations. Il n\u2019est vraiment pas loin de rejouer au rugby.\u00bb La semaine derni\u00e8re, le flanker toulonnais \u00e9tait d\u00e9j\u00e0 dans le groupe retenu pour affronter La Rochelle mais il n\u2019avait pas \u00e9t\u00e9 align\u00e9 parmi les 23 joueurs retenus sur la feuille de match.\u00a0<a href=\"http:\/\/www.lefigaro.fr\/sports\/rugby\/top-14\/critique-pour-avoir-maintenu-le-match-de-top-14-toulon-la-rochelle-le-prefet-du-var-se-defend-20250922\" data-fig-type=\"NewsFlash\" data-gtm-custom-categorie=\"navigation\" data-gtm-custom-action=\"crossclick\" data-gtm-custom-label=\"Contextuel\" data-gtm-event=\"customEventSPE\" data-fig-domain=\"LEFIGARO\" target=\"_blank\" rel=\"noopener\">La rencontre avait, de toute fa\u00e7on, \u00e9tait report\u00e9e<\/a>\u00a0en raison des pluies diluviennes qui s\u2019\u00e9taient abattues sur le Var.<\/p>\n","protected":false},"excerpt":{"rendered":"Sergio Parisse, l\u2019entra\u00eeneur adjoint du RCT, a expliqu\u00e9 que le troisi\u00e8me-ligne international, victime d\u2019une rupture du ligament crois\u00e9&hellip;\n","protected":false},"author":2,"featured_media":419040,"comment_status":"","ping_status":"","sticky":false,"template":"","format":"standard","meta":{"footnotes":""},"categories":[9619],"tags":[1111,11,41986,1777,674,1011,27,12,882,3461,25,10405,2310],"class_list":{"0":"post-419039","1":"post","2":"type-post","3":"status-publish","4":"format-standard","5":"has-post-thumbnail","7":"category-toulon","8":"tag-actu","9":"tag-actualites","10":"tag-charles-ollivon","11":"tag-eu","12":"tag-europe","13":"tag-fr","14":"tag-france","15":"tag-news","16":"tag-provence-alpes-cote-dazur","17":"tag-rct","18":"tag-republique-francaise","19":"tag-rugby-club-toulonnais","20":"tag-toulon"},"share_on_mastodon":{"url":"https:\/\/pubeurope.com\/@fr\/115270920677270101","error":""},"_links":{"self":[{"href":"https:\/\/www.europesays.com\/fr\/wp-json\/wp\/v2\/posts\/419039","targetHints":{"allow":["GET"]}}],"collection":[{"href":"https:\/\/www.europesays.com\/fr\/wp-json\/wp\/v2\/posts"}],"about":[{"href":"https:\/\/www.europesays.com\/fr\/wp-json\/wp\/v2\/types\/post"}],"author":[{"embeddable":true,"href":"https:\/\/www.europesays.com\/fr\/wp-json\/wp\/v2\/users\/2"}],"replies":[{"embeddable":true,"href":"https:\/\/www.europesays.com\/fr\/wp-json\/wp\/v2\/comments?post=419039"}],"version-history":[{"count":0,"href":"https:\/\/www.europesays.com\/fr\/wp-json\/wp\/v2\/posts\/419039\/revisions"}],"wp:featuredmedia":[{"embeddable":true,"href":"https:\/\/www.europesays.com\/fr\/wp-json\/wp\/v2\/media\/419040"}],"wp:attachment":[{"href":"https:\/\/www.europesays.com\/fr\/wp-json\/wp\/v2\/media?parent=419039"}],"wp:term":[{"taxonomy":"category","embeddable":true,"href":"https:\/\/www.europesays.com\/fr\/wp-json\/wp\/v2\/categories?post=419039"},{"taxonomy":"post_tag","embeddable":true,"href":"https:\/\/www.europesays.com\/fr\/wp-json\/wp\/v2\/tags?post=419039"}],"curies":[{"name":"wp","href":"https:\/\/api.w.org\/{rel}","templated":true}]}}