{"id":419045,"date":"2025-09-26T13:52:16","date_gmt":"2025-09-26T13:52:16","guid":{"rendered":"https:\/\/www.europesays.com\/fr\/419045\/"},"modified":"2025-09-26T13:52:16","modified_gmt":"2025-09-26T13:52:16","slug":"padelshot-ouvre-un-nouveau-club-a-rouen-barentin","status":"publish","type":"post","link":"https:\/\/www.europesays.com\/fr\/419045\/","title":{"rendered":"PadelShot ouvre un nouveau club \u00e0 Rouen-Barentin"},"content":{"rendered":"<p>Apr\u00e8s Caen en 2021, <strong>PadelShot<\/strong> poursuit son implantation en Normandie avec l\u2019ouverture d\u2019un deuxi\u00e8me complexe, cette fois \u00e0 <strong>Rouen-Barentin<\/strong>. L\u2019enseigne continue de d\u00e9velopper son concept autour du jeu, du partage et de la convivialit\u00e9.<\/p>\n<p>Un club pens\u00e9 pour tous<\/p>\n<p>Le site comptera <strong>11 pistes de padel<\/strong>, dont une en simple, ce qui reste rare en France. L\u2019offre s\u2019articule autour :<\/p>\n<ul class=\"wp-block-list\">\n<li>de terrains int\u00e9rieurs et ext\u00e9rieurs accessibles \u00e0 tous,<\/li>\n<li>d\u2019un club house avec bar et restauration,<\/li>\n<li>d\u2019animations r\u00e9guli\u00e8res (tournois, initiations, afterworks),<\/li>\n<li>et d\u2019une formule d\u00e9di\u00e9e aux entreprises (s\u00e9minaires, team buildings, \u00e9v\u00e9nements).<\/li>\n<\/ul>\n<p><img title=\"PadelShot ouvre un nouveau club \u00e0 Rouen-Barentin | Padel Magazine\" loading=\"lazy\" decoding=\"async\" width=\"2000\" height=\"1333\" data-id=\"269124\" src=\"https:\/\/www.europesays.com\/fr\/wp-content\/uploads\/2025\/09\/IMGL3690.jpg\" alt=\"PadelShot ouvre un nouveau club \u00e0 Rouen-Barentin\" class=\"wp-image-269124\"  \/><img title=\"IMGL4102 | Padel Magazine\" loading=\"lazy\" decoding=\"async\" width=\"1365\" height=\"768\" data-id=\"269121\" src=\"https:\/\/www.europesays.com\/fr\/wp-content\/uploads\/2025\/09\/IMGL4102.jpg\" alt=\"\" class=\"wp-image-269121\"  \/><img title=\"PadelShot ouvre un nouveau club \u00e0 Rouen-Barentin | Padel Magazine\" loading=\"lazy\" decoding=\"async\" width=\"2000\" height=\"1125\" data-id=\"269122\" src=\"https:\/\/www.europesays.com\/fr\/wp-content\/uploads\/2025\/09\/IMGL3617.jpg\" alt=\"PadelShot ouvre un nouveau club \u00e0 Rouen-Barentin\" class=\"wp-image-269122\"  \/><img title=\"PadelShot ouvre un nouveau club \u00e0 Rouen-Barentin | Padel Magazine\" loading=\"lazy\" decoding=\"async\" width=\"2000\" height=\"1333\" data-id=\"269123\" src=\"https:\/\/www.europesays.com\/fr\/wp-content\/uploads\/2025\/09\/IMGL3656.jpg\" alt=\"PadelShot ouvre un nouveau club \u00e0 Rouen-Barentin\" class=\"wp-image-269123\"  \/>Un nouvel acteur pour l\u2019agglom\u00e9ration rouennaise<\/p>\n<p>Situ\u00e9 dans une zone dynamique, le club a pour objectif de devenir un <strong>lieu de pratique et de rencontre<\/strong> pour les habitants de la r\u00e9gion. L\u2019ouverture est pr\u00e9vue le <strong>3 octobre<\/strong>, avec des <strong>portes ouvertes et s\u00e9ances d\u00e9couvertes gratuites<\/strong>.<\/p>\n<p>PadelShot, un acteur national en pleine croissance<\/p>\n<p><strong>Fond\u00e9e en 2018<\/strong>, PadelShot est aujourd\u2019hui l\u2019un des <strong>acteurs majeurs du padel en France<\/strong>. Avec <strong>10 clubs r\u00e9partis dans l\u2019Hexagone<\/strong>, l\u2019enseigne propose une exp\u00e9rience compl\u00e8te autour du padel : infrastructures premium, accueil chaleureux, animations vari\u00e9es et services sur-mesure pour les particuliers comme pour les entreprises.<\/p>\n<p>Pour Alexandre Maes, responsable d\u2019exploitation, ce projet normand s\u2019inscrit dans une dynamique nationale :<\/p>\n<blockquote class=\"wp-block-quote is-layout-flow wp-block-quote-is-layout-flow\">\n<p>\u00ab Avec Rouen-Barentin, nous voulons proposer un padel accessible, o\u00f9 chacun, d\u00e9butant ou confirm\u00e9, puisse progresser et partager. \u00bb<\/p>\n<\/blockquote>\n<p><img loading=\"lazy\" decoding=\"async\" data-del=\"avatar\" alt=\"Communiqu\u00e9 de presse\" src=\"https:\/\/www.europesays.com\/fr\/wp-content\/uploads\/2025\/04\/Green-and-Gold-Simple-Charity-Event-Press-Release-Document-1-150x150.png\" class=\"avatar pp-user-avatar avatar-100 photo \" height=\"100\" width=\"100\"\/><\/p>\n<p class=\"related-title\">Sur le m\u00eame sujet<\/p>\n","protected":false},"excerpt":{"rendered":"Apr\u00e8s Caen en 2021, PadelShot poursuit son implantation en Normandie avec l\u2019ouverture d\u2019un deuxi\u00e8me complexe, cette fois \u00e0&hellip;\n","protected":false},"author":2,"featured_media":419046,"comment_status":"","ping_status":"","sticky":false,"template":"","format":"standard","meta":{"footnotes":""},"categories":[9587],"tags":[1111,11,1777,674,1011,27,12,5161,23648,54858,25,9590],"class_list":{"0":"post-419045","1":"post","2":"type-post","3":"status-publish","4":"format-standard","5":"has-post-thumbnail","7":"category-rouen","8":"tag-actu","9":"tag-actualites","10":"tag-eu","11":"tag-europe","12":"tag-fr","13":"tag-france","14":"tag-news","15":"tag-normandie","16":"tag-ouverture-complexe","17":"tag-padelshot-rouen-barentin","18":"tag-republique-francaise","19":"tag-rouen"},"share_on_mastodon":{"url":"https:\/\/pubeurope.com\/@fr\/115270933127933641","error":""},"_links":{"self":[{"href":"https:\/\/www.europesays.com\/fr\/wp-json\/wp\/v2\/posts\/419045","targetHints":{"allow":["GET"]}}],"collection":[{"href":"https:\/\/www.europesays.com\/fr\/wp-json\/wp\/v2\/posts"}],"about":[{"href":"https:\/\/www.europesays.com\/fr\/wp-json\/wp\/v2\/types\/post"}],"author":[{"embeddable":true,"href":"https:\/\/www.europesays.com\/fr\/wp-json\/wp\/v2\/users\/2"}],"replies":[{"embeddable":true,"href":"https:\/\/www.europesays.com\/fr\/wp-json\/wp\/v2\/comments?post=419045"}],"version-history":[{"count":0,"href":"https:\/\/www.europesays.com\/fr\/wp-json\/wp\/v2\/posts\/419045\/revisions"}],"wp:featuredmedia":[{"embeddable":true,"href":"https:\/\/www.europesays.com\/fr\/wp-json\/wp\/v2\/media\/419046"}],"wp:attachment":[{"href":"https:\/\/www.europesays.com\/fr\/wp-json\/wp\/v2\/media?parent=419045"}],"wp:term":[{"taxonomy":"category","embeddable":true,"href":"https:\/\/www.europesays.com\/fr\/wp-json\/wp\/v2\/categories?post=419045"},{"taxonomy":"post_tag","embeddable":true,"href":"https:\/\/www.europesays.com\/fr\/wp-json\/wp\/v2\/tags?post=419045"}],"curies":[{"name":"wp","href":"https:\/\/api.w.org\/{rel}","templated":true}]}}