{"id":419047,"date":"2025-09-26T13:53:39","date_gmt":"2025-09-26T13:53:39","guid":{"rendered":"https:\/\/www.europesays.com\/fr\/419047\/"},"modified":"2025-09-26T13:53:39","modified_gmt":"2025-09-26T13:53:39","slug":"un-proces-tendu-pour-lex-president-du-fcr","status":"publish","type":"post","link":"https:\/\/www.europesays.com\/fr\/419047\/","title":{"rendered":"un proc\u00e8s tendu pour l&rsquo;ex-pr\u00e9sident du FCR"},"content":{"rendered":"<p>Il a beau se d\u00e9rouler au tribunal correctionnel, ce proc\u00e8s a une saveur bien particuli\u00e8re, jeudi 25\u00a0septembre. Parce qu&rsquo;il concerne un club, le FC Rouen, adul\u00e9 par ses fans les fameux \u00ab\u00a0culs rouges\u00a0\u00bb et suivi par de nombreux supporters en Seine-Maritime. Parce que les espoirs suscit\u00e9s par la mont\u00e9e du club en National ont \u00e9t\u00e9 balay\u00e9s par des suspicions de manipulations frauduleuses. Parce que la personnalit\u00e9 du pr\u00e9venu, Charles Maarek, attire les m\u00e9dias. Parce&#8230;<\/p>\n","protected":false},"excerpt":{"rendered":"Il a beau se d\u00e9rouler au tribunal correctionnel, ce proc\u00e8s a une saveur bien particuli\u00e8re, jeudi 25\u00a0septembre. Parce&hellip;\n","protected":false},"author":2,"featured_media":419048,"comment_status":"","ping_status":"","sticky":false,"template":"","format":"standard","meta":{"footnotes":""},"categories":[9587],"tags":[1111,11,1777,674,1011,27,12,5161,25,9590],"class_list":{"0":"post-419047","1":"post","2":"type-post","3":"status-publish","4":"format-standard","5":"has-post-thumbnail","7":"category-rouen","8":"tag-actu","9":"tag-actualites","10":"tag-eu","11":"tag-europe","12":"tag-fr","13":"tag-france","14":"tag-news","15":"tag-normandie","16":"tag-republique-francaise","17":"tag-rouen"},"share_on_mastodon":{"url":"https:\/\/pubeurope.com\/@fr\/115270936385996469","error":""},"_links":{"self":[{"href":"https:\/\/www.europesays.com\/fr\/wp-json\/wp\/v2\/posts\/419047","targetHints":{"allow":["GET"]}}],"collection":[{"href":"https:\/\/www.europesays.com\/fr\/wp-json\/wp\/v2\/posts"}],"about":[{"href":"https:\/\/www.europesays.com\/fr\/wp-json\/wp\/v2\/types\/post"}],"author":[{"embeddable":true,"href":"https:\/\/www.europesays.com\/fr\/wp-json\/wp\/v2\/users\/2"}],"replies":[{"embeddable":true,"href":"https:\/\/www.europesays.com\/fr\/wp-json\/wp\/v2\/comments?post=419047"}],"version-history":[{"count":0,"href":"https:\/\/www.europesays.com\/fr\/wp-json\/wp\/v2\/posts\/419047\/revisions"}],"wp:featuredmedia":[{"embeddable":true,"href":"https:\/\/www.europesays.com\/fr\/wp-json\/wp\/v2\/media\/419048"}],"wp:attachment":[{"href":"https:\/\/www.europesays.com\/fr\/wp-json\/wp\/v2\/media?parent=419047"}],"wp:term":[{"taxonomy":"category","embeddable":true,"href":"https:\/\/www.europesays.com\/fr\/wp-json\/wp\/v2\/categories?post=419047"},{"taxonomy":"post_tag","embeddable":true,"href":"https:\/\/www.europesays.com\/fr\/wp-json\/wp\/v2\/tags?post=419047"}],"curies":[{"name":"wp","href":"https:\/\/api.w.org\/{rel}","templated":true}]}}