{"id":419051,"date":"2025-09-26T13:55:17","date_gmt":"2025-09-26T13:55:17","guid":{"rendered":"https:\/\/www.europesays.com\/fr\/419051\/"},"modified":"2025-09-26T13:55:17","modified_gmt":"2025-09-26T13:55:17","slug":"isere-tony-parker-ne-viendra-pas-ce-week-end-a-grenoble-sa-seance-de-dedicaces-repoussee","status":"publish","type":"post","link":"https:\/\/www.europesays.com\/fr\/419051\/","title":{"rendered":"Is\u00e8re. Tony Parker ne viendra pas ce week-end \u00e0 Grenoble, sa s\u00e9ance de d\u00e9dicaces repouss\u00e9e"},"content":{"rendered":"<p>Initialement attendu <a href=\"https:\/\/www.ledauphine.com\/culture-loisirs\/2025\/09\/11\/isere-grenoble-tony-parker-en-dedicace-exceptionnelle-chez-decitre-a-grenoble\" target=\"_blank\" rel=\"noopener\">ce samedi 28\u00a0septembre<\/a> aux Galeries Lafayette de Grenoble pour une s\u00e9ance de d\u00e9dicaces de son livre Au-del\u00e0 de tous mes r\u00eaves, <a href=\"https:\/\/www.ledauphine.com\/p\/tony-parker\" target=\"_blank\" rel=\"noopener\">Tony Parker<\/a> a finalement d\u00e9cid\u00e9 de reporter sa venue. L\u2019annonce a \u00e9t\u00e9 faite ce vendredi par les organisateurs.<\/p>\n<p>L\u2019ancien meneur de l\u2019\u00e9quipe de France et quadruple champion NBA rencontrera ses fans grenoblois le vendredi 1er\u00a0novembre, toujours \u00e0 l\u2019espace Decitre install\u00e9 au 4e \u00e9tage des Galeries Lafayette.<\/p>\n<p>Ce rendez-vous permettra au public d\u2019\u00e9changer avec une figure embl\u00e9matique du sport fran\u00e7ais, reconverti depuis dans l\u2019entrepreneuriat et les projets de d\u00e9veloppement.<\/p>\n<p>Ce contenu est bloqu\u00e9 car vous n&rsquo;avez pas accept\u00e9 les cookies et autres traceurs.<\/p>\n<p>En cliquant sur \u00ab J\u2019accepte \u00bb, les cookies et autres traceurs seront d\u00e9pos\u00e9s et vous pourrez visualiser les contenus  (<a href=\"\" class=\"consentModule_policy\" target=\"_blank\" title=\"Consulter la politique de protection des donn\u00e9es du fournisseur\">plus d&rsquo;informations<\/a>).<\/p>\n<p>En cliquant sur \u00ab J\u2019accepte tous les cookies \u00bb, vous autorisez des d\u00e9p\u00f4ts de cookies et autres traceurs pour le stockage de vos donn\u00e9es sur nos sites et applications \u00e0 des fins de personnalisation et de ciblage publicitaire.<\/p>\n<p class=\"consentModule_secondaryText\">Vous gardez la possibilit\u00e9 de retirer votre consentement \u00e0 tout moment en consultant notre <a href=\"https:\/\/www.ledauphine.com\/protection-des-donnees\" target=\"_blank\" title=\"Consulter notre politique de protection des donn\u00e9es\" rel=\"noopener\">politique de protection des donn\u00e9es<\/a>. <br \/>&#13;<br \/>\n            <a href=\"https:\/\/www.ledauphine.com\/culture-loisirs\/2025\/09\/26\/javascript:Didomi.notice.show()\" class=\"consentModule_cmp\" target=\"_blank\" rel=\"noopener\">G\u00e9rer mes choix<\/a>&#13;\n        <\/p>\n<p>&#13;<br \/>\n                        J&rsquo;accepte&#13;<br \/>\n            J&rsquo;accepte tous les cookies&#13;\n        <\/p>\n","protected":false},"excerpt":{"rendered":"Initialement attendu ce samedi 28\u00a0septembre aux Galeries Lafayette de Grenoble pour une s\u00e9ance de d\u00e9dicaces de son livre&hellip;\n","protected":false},"author":2,"featured_media":419052,"comment_status":"","ping_status":"","sticky":false,"template":"","format":"standard","meta":{"footnotes":""},"categories":[9566],"tags":[1111,11,2430,1791,1687,112,1777,674,107,1011,27,2731,2732,108,12,25,517],"class_list":{"0":"post-419051","1":"post","2":"type-post","3":"status-publish","4":"format-standard","5":"has-post-thumbnail","7":"category-grenoble","8":"tag-actu","9":"tag-actualites","10":"tag-auvergne-rhone-alpes","11":"tag-basket-ball","12":"tag-culture-loisirs","13":"tag-edition-grenoble-agglomeration","14":"tag-eu","15":"tag-europe","16":"tag-fil-info","17":"tag-fr","18":"tag-france","19":"tag-grenoble","20":"tag-grenoble-bassin","21":"tag-isere","22":"tag-news","23":"tag-republique-francaise","24":"tag-sport"},"share_on_mastodon":{"url":"https:\/\/pubeurope.com\/@fr\/115270944425352040","error":""},"_links":{"self":[{"href":"https:\/\/www.europesays.com\/fr\/wp-json\/wp\/v2\/posts\/419051","targetHints":{"allow":["GET"]}}],"collection":[{"href":"https:\/\/www.europesays.com\/fr\/wp-json\/wp\/v2\/posts"}],"about":[{"href":"https:\/\/www.europesays.com\/fr\/wp-json\/wp\/v2\/types\/post"}],"author":[{"embeddable":true,"href":"https:\/\/www.europesays.com\/fr\/wp-json\/wp\/v2\/users\/2"}],"replies":[{"embeddable":true,"href":"https:\/\/www.europesays.com\/fr\/wp-json\/wp\/v2\/comments?post=419051"}],"version-history":[{"count":0,"href":"https:\/\/www.europesays.com\/fr\/wp-json\/wp\/v2\/posts\/419051\/revisions"}],"wp:featuredmedia":[{"embeddable":true,"href":"https:\/\/www.europesays.com\/fr\/wp-json\/wp\/v2\/media\/419052"}],"wp:attachment":[{"href":"https:\/\/www.europesays.com\/fr\/wp-json\/wp\/v2\/media?parent=419051"}],"wp:term":[{"taxonomy":"category","embeddable":true,"href":"https:\/\/www.europesays.com\/fr\/wp-json\/wp\/v2\/categories?post=419051"},{"taxonomy":"post_tag","embeddable":true,"href":"https:\/\/www.europesays.com\/fr\/wp-json\/wp\/v2\/tags?post=419051"}],"curies":[{"name":"wp","href":"https:\/\/api.w.org\/{rel}","templated":true}]}}