{"id":419055,"date":"2025-09-26T13:57:10","date_gmt":"2025-09-26T13:57:10","guid":{"rendered":"https:\/\/www.europesays.com\/fr\/419055\/"},"modified":"2025-09-26T13:57:10","modified_gmt":"2025-09-26T13:57:10","slug":"un-doute-pour-rongier-seidu-present-ait-boudlal-forfait-les-equipes-probables-de-rennes-lens","status":"publish","type":"post","link":"https:\/\/www.europesays.com\/fr\/419055\/","title":{"rendered":"Un doute pour Rongier, Seidu pr\u00e9sent, A\u00eft-Boudlal forfait\u00a0: les \u00e9quipes probables de Rennes &#8211; Lens"},"content":{"rendered":"<p>Pour la venue de Lens au Roazhon Park, dimanche 28 septembre 2025 (20 h 45), Habib Beye, l\u2019entra\u00eeneur du Stade Rennais, ne sait pas encore s\u2019il devra se passer de son capitaine Valentin Rongier, sorti \u00e0 la pause<a href=\"https:\/\/www.letelegramme.fr\/sports\/football\/stade-rennais\/nantes-rennes-dominateur-puis-mis-en-difficulte-le-resume-du-match-nul-concede-par-le-stade-rennais-dans-le-derby-breton-6893397.php\" target=\"_blank\" rel=\"nofollow noopener\"> \u00e0 Nantes samedi dernier (2-2)<\/a>.<\/p>\n<p>\u00ab A\u00eft-Boudlal et Glen Kamara sont forfaits. Pour Valentin (Rongier), \u00e0 voir son \u00e9volution sur les 24 heures \u00bb, a indiqu\u00e9 l\u2019entra\u00eeneur, qui devrait bien revenir \u00e0 un syst\u00e8me \u00e0 quatre d\u00e9fenseurs. Alidu Seidu, qui avait suivi un protocole commotion, est bien disponible et devrait op\u00e9rer dans le couloir droit.<\/p>\n<p>L\u2019\u00e9quipe probable pour Rennes &#8211; Lens<\/p>\n<p>Samba &#8211; Seidu, Jacquet, Rouault, Merlin &#8211; Ma. Camara, Fofana, Rongier (ou Ciss\u00e9), Blas &#8211; Embolo, Lepaul. Entra\u00eeneur : H. Beye.<\/p>\n","protected":false},"excerpt":{"rendered":"Pour la venue de Lens au Roazhon Park, dimanche 28 septembre 2025 (20 h 45), Habib Beye, l\u2019entra\u00eeneur&hellip;\n","protected":false},"author":2,"featured_media":419056,"comment_status":"","ping_status":"","sticky":false,"template":"","format":"standard","meta":{"footnotes":""},"categories":[2821],"tags":[1111,11,829,3166,1777,674,63,1011,27,66,12,584,25,60,3087],"class_list":{"0":"post-419055","1":"post","2":"type-post","3":"status-publish","4":"format-standard","5":"has-post-thumbnail","7":"category-rennes","8":"tag-actu","9":"tag-actualites","10":"tag-bretagne","11":"tag-en-continu-sports","12":"tag-eu","13":"tag-europe","14":"tag-football","15":"tag-fr","16":"tag-france","17":"tag-ligue-1","18":"tag-news","19":"tag-rennes","20":"tag-republique-francaise","21":"tag-sports","22":"tag-stade-rennais"},"share_on_mastodon":{"url":"https:\/\/pubeurope.com\/@fr\/115270952181423206","error":""},"_links":{"self":[{"href":"https:\/\/www.europesays.com\/fr\/wp-json\/wp\/v2\/posts\/419055","targetHints":{"allow":["GET"]}}],"collection":[{"href":"https:\/\/www.europesays.com\/fr\/wp-json\/wp\/v2\/posts"}],"about":[{"href":"https:\/\/www.europesays.com\/fr\/wp-json\/wp\/v2\/types\/post"}],"author":[{"embeddable":true,"href":"https:\/\/www.europesays.com\/fr\/wp-json\/wp\/v2\/users\/2"}],"replies":[{"embeddable":true,"href":"https:\/\/www.europesays.com\/fr\/wp-json\/wp\/v2\/comments?post=419055"}],"version-history":[{"count":0,"href":"https:\/\/www.europesays.com\/fr\/wp-json\/wp\/v2\/posts\/419055\/revisions"}],"wp:featuredmedia":[{"embeddable":true,"href":"https:\/\/www.europesays.com\/fr\/wp-json\/wp\/v2\/media\/419056"}],"wp:attachment":[{"href":"https:\/\/www.europesays.com\/fr\/wp-json\/wp\/v2\/media?parent=419055"}],"wp:term":[{"taxonomy":"category","embeddable":true,"href":"https:\/\/www.europesays.com\/fr\/wp-json\/wp\/v2\/categories?post=419055"},{"taxonomy":"post_tag","embeddable":true,"href":"https:\/\/www.europesays.com\/fr\/wp-json\/wp\/v2\/tags?post=419055"}],"curies":[{"name":"wp","href":"https:\/\/api.w.org\/{rel}","templated":true}]}}