{"id":419057,"date":"2025-09-26T13:58:11","date_gmt":"2025-09-26T13:58:11","guid":{"rendered":"https:\/\/www.europesays.com\/fr\/419057\/"},"modified":"2025-09-26T13:58:11","modified_gmt":"2025-09-26T13:58:11","slug":"science-eva-commissaire-maitre-de-conferences-en-psychologie-etre-bilingue-favorise-lapprentissage","status":"publish","type":"post","link":"https:\/\/www.europesays.com\/fr\/419057\/","title":{"rendered":"Science. Eva Commissaire, ma\u00eetre de conf\u00e9rences en psychologie\u00a0: \u00ab\u00a0\u00catre bilingue favorise l\u2019apprentissage\u00a0\u00bb"},"content":{"rendered":"<p><strong>Eva Commissaire, vous \u00eates ma\u00eetre de conf\u00e9rences en psychologie \u00e0 l\u2019Universit\u00e9 de Strasbourg. Bien que les profils de personnes bilingues varient, la pratique du bilinguisme favorise-t-elle la m\u00e9morisation\u00a0?<\/strong><\/p>\n<p>\u00ab\u00a0Commen\u00e7ons par distinguer le bilinguisme pr\u00e9coce, familial ou li\u00e9 \u00e0 un contexte de migration, et le bilinguisme tardif, souvent appris dans le contexte d\u2019un apprentissage scolaire.<\/p>\n<p>Distinguons aussi l\u2019utilisation des langues\u00a0: soit on switche d\u2019une langue \u00e0 l\u2019autre, parfois avec un m\u00eame interlocuteur, dans notre vie quotidienne\u00a0; soit on choisit une langue selon le contexte. Cela joue beaucoup sur les effets cognitifs, c\u2019est-\u00e0-dire la capacit\u00e9 de contr\u00f4le de notre comportement, de notre concentration, de notre gestion des situations.<\/p>\n<p>Des \u00e9tudes ont aussi montr\u00e9 l\u2019importance du bilinguisme sur la m\u00e9moire de travail, qui est une fonction cognitive tr\u00e8s impliqu\u00e9e dans les apprentissages scolaires, comme dans le calcul mental, la lecture ou l\u2019apprentissage d\u2019une langue. Les effets positifs semblent visibles chez tous les profils bilingues.\u00a0\u00bb<\/p>\n<p><strong>Que le bilinguisme favorise l\u2019apprentissage de nouvelles langues va \u00e0 l\u2019encontre de ce qui a pu \u00eatre dit dans les ann\u00e9es d\u2019apr\u00e8s-guerre en Alsace, \u00e0 savoir que parler alsacien \u00e0 la maison emp\u00eachait l\u2019apprentissage du fran\u00e7ais\u2026<\/strong><\/p>\n<p>\u00ab\u00a0Des \u00e9tudes men\u00e9es dans les ann\u00e9es 1930 soulignaient les inconv\u00e9nients des effets du bilinguisme sur la cognition et l\u2019apprentissage. Mais dans les ann\u00e9es 1960, on s\u2019est aper\u00e7u que ces \u00e9tudes \u00e9taient mal contr\u00f4l\u00e9es. De nouvelles \u00e9tudes ont \u00e9t\u00e9 men\u00e9es dans les ann\u00e9es 1980, notamment par Ellen Bialystok, car il y avait alors des inqui\u00e9tudes dans l\u2019environnement bilingue\u00a0: on craignait que des enfants fassent la confusion entre deux langues. Mais dans les ann\u00e9es 1990, des \u00e9tudes ont montr\u00e9 que des b\u00e9b\u00e9s ne font pas de confusion entre les diff\u00e9rentes langues parl\u00e9es dans leur environnement familial, m\u00eame s\u2019ils ne parlent pas encore.\u00a0\u00bb<\/p>\n<p><strong>Comment la science explique-t-elle le lien entre bilinguisme et m\u00e9moire\u00a0?<\/strong><\/p>\n<p>\u00ab\u00a0Gr\u00e2ce \u00e0 des paradigmes utilis\u00e9s en laboratoire, on cherche \u00e0 savoir comment le bilingue g\u00e8re les langues\u00a0: active-t-il uniquement les mots de la langue qu\u2019il parle, ou, sans en \u00eatre conscient, \u00e9galement les mots de l\u2019autre langue\u00a0? La r\u00e9ponse est que les bilingues ont sans cesse deux langues activ\u00e9es. Il s\u2019agit aussi bien des mots qui se ressemblent par leur d\u00e9finition et par leur orthographe que par leurs sonorit\u00e9s. L\u2019id\u00e9e est que les bilingues doivent fr\u00e9quemment contr\u00f4ler la langue non utilis\u00e9e pour qu\u2019elle ne s\u2019immisce pas dans le discours et cr\u00e9e des interf\u00e9rences.<\/p>\n<p>Il en r\u00e9sulte un entra\u00eenement cognitif de ce qu\u2019on appelle les fonctions ex\u00e9cutives. Cela signifie que quand on est bilingue, on a une capacit\u00e9 accrue de contr\u00f4le de son comportement pour ne pas \u00eatre distrait.\u00a0\u00bb<\/p>\n<p><strong>Selon vous, le bilinguisme peut \u00eatre un facteur contre le d\u00e9clin cognitif\u2026<\/strong><\/p>\n<p>\u00ab\u00a0Toute stimulation cognitive et tout nouvel apprentissage peuvent \u00eatre consid\u00e9r\u00e9s comme tels\u00a0: c\u2019est ce que montrent des travaux actuels. Beaucoup d\u2019activit\u00e9s sont stimulantes sur le plan cognitif\u00a0: pratiquer une autre langue ou la musique, lire, jouer \u00e0 des jeux de r\u00e9flexion, y compris certains jeux vid\u00e9o\u2026<\/p>\n<p>Le fait d\u2019\u00eatre bilingue ajoute un avantage\u00a0: l\u2019entra\u00eenement cognitif des fonctions ex\u00e9cutives observ\u00e9 chez les enfants et chez de jeunes adultes est \u00e9galement observ\u00e9 au cours du vieillissement.\u00a0\u00bb<\/p>\n<p><strong>Les personnes bi- ou multilingues sont aujourd\u2019hui de plus en plus nombreuses\u00a0: que pouvez-vous observer dans leur quotidien\u00a0?<\/strong><\/p>\n<p>\u00ab\u00a0Lors de cette conf\u00e9rence, je vais \u00e9galement \u00e9voquer les sp\u00e9cificit\u00e9s qui apparaissent quand on utilise l\u2019une ou l\u2019autre langue. Par exemple, comment on m\u00e9morise une information selon la langue dans laquelle on l\u2019a re\u00e7ue.<\/p>\n<p>Ou encore les faux souvenirs, ceux selon la langue dans laquelle on les a v\u00e9cus et la langue dans laquelle on les restitue. On s\u2019en souvient mieux quand on les restitue dans la m\u00eame langue que celle dans laquelle on les a v\u00e9cus. Des \u00e9tudes montrent que, dans le cas contraire, si on les restitue dans la langue dans laquelle on ne les a pas v\u00e9cus, on a tendance \u00e0 int\u00e9grer des d\u00e9tails qui n\u2019ont pas exist\u00e9. Cela a un impact sur les t\u00e9moignages, par exemple.\u00a0\u00bb<\/p>\n<p class=\"note\">Conf\u00e9rence lundi 29\u00a0septembre \u00e0 15\u00a0h au Palais universitaire \u00e0 Strasbourg, salle Pasteur (premier \u00e9tage), 9 place de l\u2019Universit\u00e9. D\u00e8s 15 ans. Entr\u00e9e libre.<\/p>\n","protected":false},"excerpt":{"rendered":"Eva Commissaire, vous \u00eates ma\u00eetre de conf\u00e9rences en psychologie \u00e0 l\u2019Universit\u00e9 de Strasbourg. Bien que les profils de&hellip;\n","protected":false},"author":2,"featured_media":419058,"comment_status":"","ping_status":"","sticky":false,"template":"","format":"standard","meta":{"footnotes":""},"categories":[2820],"tags":[1111,11,2649,1777,674,107,1011,27,775,12,25,767,104,640],"class_list":{"0":"post-419057","1":"post","2":"type-post","3":"status-publish","4":"format-standard","5":"has-post-thumbnail","7":"category-strasbourg","8":"tag-actu","9":"tag-actualites","10":"tag-bas-rhin","11":"tag-eu","12":"tag-europe","13":"tag-fil-info","14":"tag-fr","15":"tag-france","16":"tag-grand-est","17":"tag-news","18":"tag-republique-francaise","19":"tag-science-et-technologie","20":"tag-societe","21":"tag-strasbourg"},"share_on_mastodon":{"url":"https:\/\/pubeurope.com\/@fr\/115270956153442918","error":""},"_links":{"self":[{"href":"https:\/\/www.europesays.com\/fr\/wp-json\/wp\/v2\/posts\/419057","targetHints":{"allow":["GET"]}}],"collection":[{"href":"https:\/\/www.europesays.com\/fr\/wp-json\/wp\/v2\/posts"}],"about":[{"href":"https:\/\/www.europesays.com\/fr\/wp-json\/wp\/v2\/types\/post"}],"author":[{"embeddable":true,"href":"https:\/\/www.europesays.com\/fr\/wp-json\/wp\/v2\/users\/2"}],"replies":[{"embeddable":true,"href":"https:\/\/www.europesays.com\/fr\/wp-json\/wp\/v2\/comments?post=419057"}],"version-history":[{"count":0,"href":"https:\/\/www.europesays.com\/fr\/wp-json\/wp\/v2\/posts\/419057\/revisions"}],"wp:featuredmedia":[{"embeddable":true,"href":"https:\/\/www.europesays.com\/fr\/wp-json\/wp\/v2\/media\/419058"}],"wp:attachment":[{"href":"https:\/\/www.europesays.com\/fr\/wp-json\/wp\/v2\/media?parent=419057"}],"wp:term":[{"taxonomy":"category","embeddable":true,"href":"https:\/\/www.europesays.com\/fr\/wp-json\/wp\/v2\/categories?post=419057"},{"taxonomy":"post_tag","embeddable":true,"href":"https:\/\/www.europesays.com\/fr\/wp-json\/wp\/v2\/tags?post=419057"}],"curies":[{"name":"wp","href":"https:\/\/api.w.org\/{rel}","templated":true}]}}