{"id":419061,"date":"2025-09-26T14:00:16","date_gmt":"2025-09-26T14:00:16","guid":{"rendered":"https:\/\/www.europesays.com\/fr\/419061\/"},"modified":"2025-09-26T14:00:16","modified_gmt":"2025-09-26T14:00:16","slug":"cote-dazur-rapprochement-strategique-entre-le-monde-academique-et-le","status":"publish","type":"post","link":"https:\/\/www.europesays.com\/fr\/419061\/","title":{"rendered":"C\u00f4te d\u2019Azur : rapprochement strat\u00e9gique entre le monde acad\u00e9mique et le (\u2026)"},"content":{"rendered":"<p>                    <img loading=\"lazy\" decoding=\"async\" src=\"https:\/\/www.europesays.com\/fr\/wp-content\/uploads\/2025\/09\/d022b6ace188ef73bf150094e45bca.jpg\" class=\"img-responsive post-image\" width=\"680\" height=\"510\" alt=\"C\u00f4te d'Azur : rapprocheme\" title=\"C\u00f4te d'Azur : rapprochement strat\u00e9gique entre le monde acad\u00e9mique et le secteur touristique \"\/><\/p>\n<p class=\"chapo\">Former les professionnels du futur et renforcer l\u2019attractivit\u00e9 de la C\u00f4te d\u2019Azur\u00a0: c\u2019est l\u2019ambition affich\u00e9e par la convention sign\u00e9e entre C\u00f4te d\u2019Azur France Tourisme et le Lyc\u00e9e h\u00f4telier Jeanne et Paul Augier. Officiellement conclue pour deux ans (2025-2027), cette alliance place les \u00e9tudiants au c\u0153ur des grands projets du territoire et illustre un rapprochement in\u00e9dit entre monde acad\u00e9mique et secteur touristique.<\/p>\n<p>                    Une passerelle entre formation et insertion professionnelle<\/p>\n<p>Stages, master class, participation aux \u00e9v\u00e9nements de la destination\u00a0: pr\u00e8s de 200 \u00e9tudiants en<strong> BTS Tourisme<\/strong> b\u00e9n\u00e9ficieront d\u2019un accompagnement privil\u00e9gi\u00e9. Ce partenariat vise \u00e0 conjuguer excellence p\u00e9dagogique et <strong>immersion concr\u00e8te dans l\u2019\u00e9cosyst\u00e8me touristique azur\u00e9en<\/strong>. \u00ab\u00a0Le tourisme est un secteur strat\u00e9gique pour notre territoire puisqu\u2019il repr\u00e9sente pr\u00e8s de 150 000 emplois directs et indirects. Il s\u2019agit d\u2019un secteur d\u2019avenir, qui a besoin de toutes les \u00e9nergies et de tous les talents. Je suis convaincue que cette collaboration avec le lyc\u00e9e Jeanne et Paul Augier sera b\u00e9n\u00e9fique pour chacune des parties \u00a0\u00bb, souligne <strong>Alexandra Borchio Fontimp<\/strong>, pr\u00e9sidente de C\u00f4te d\u2019Azur France Tourisme.<\/p>\n<p>Ambassadeurs de la C\u00f4te d\u2019Azur<\/p>\n<p>Le partenariat d\u00e9passe le simple cadre de la formation\u00a0: chaque \u00e9tudiant sera encourag\u00e9 \u00e0 devenir ambassadeur de la marque C\u00f4te d\u2019Azur France, notamment via les r\u00e9seaux sociaux. Un espace d\u2019information touristique sera \u00e9galement install\u00e9 dans le hall du lyc\u00e9e, valorisant les initiatives locales et les acteurs partenaires aupr\u00e8s des \u00e9l\u00e8ves, enseignants et visiteurs des restaurants d\u2019application.<br class=\"autobr\"\/><br \/>\n<strong>Autre atout majeur\u00a0:<\/strong> l\u2019int\u00e9gration des \u00e9tudiants au r\u00e9seau des professionnels du tourisme. Pr\u00e9sentations du plan d\u2019actions, \u00e9v\u00e9nements comme Mon week-end aux mus\u00e9es ou le Salon ID-Week end, rencontres avec les acteurs du secteur\u2026 Autant d\u2019occasions de d\u00e9velopper un carnet d\u2019adresses strat\u00e9gique avant l\u2019entr\u00e9e sur le march\u00e9 du travail.<\/p>\n<p>Un lyc\u00e9e, vitrine du savoir-faire azur\u00e9en<\/p>\n<p>V\u00e9ritable r\u00e9f\u00e9rence nationale et internationale, le Lyc\u00e9e h\u00f4telier Jeanne et Paul Augier est reconnu comme le premier p\u00f4le de formation aux m\u00e9tiers du tourisme en France. Ses restaurants d\u2019application \u2014 Les Galets, La Prom\u2019, La Rotonde (gastronomique) \u2014 son bar Le Nissart et sa Boutique de Jeanne incarnent un terrain d\u2019apprentissage concret, o\u00f9 les \u00e9l\u00e8ves mettent en valeur leur savoir-faire face au grand public. En inscrivant ce partenariat dans une logique de co-construction, C\u00f4te d\u2019Azur France Tourisme et le lyc\u00e9e r\u00e9affirment une volont\u00e9 commune\u00a0: <strong>valoriser les jeunes talents et pr\u00e9parer l\u2019avenir d\u2019un secteur strat\u00e9gique pour le territoire.<br class=\"autobr\"\/><br \/>\n<\/strong><br class=\"autobr\"\/><br \/>\n\u00ab\u00a0Ensemble, continuons \u00e0 faire rayonner notre territoire, dans toutes ses dimensions touristiques, culturelles et gastronomiques, en associant \u00e0 notre dynamique les jeunes talents qui en seront demain les acteurs.\u00a0\u00bb conclut Alexandra Borchio Fontimp.<\/p>\n<p>Visuel de une \u00a9C\u00f4te d\u2019Azur France Tourisme<\/p>\n","protected":false},"excerpt":{"rendered":"Former les professionnels du futur et renforcer l\u2019attractivit\u00e9 de la C\u00f4te d\u2019Azur\u00a0: c\u2019est l\u2019ambition affich\u00e9e par la convention&hellip;\n","protected":false},"author":2,"featured_media":419062,"comment_status":"","ping_status":"","sticky":false,"template":"","format":"standard","meta":{"footnotes":""},"categories":[2819],"tags":[1111,11,2408,1777,674,1011,27,12,2401,882,25],"class_list":{"0":"post-419061","1":"post","2":"type-post","3":"status-publish","4":"format-standard","5":"has-post-thumbnail","7":"category-nice","8":"tag-actu","9":"tag-actualites","10":"tag-appels-d","11":"tag-eu","12":"tag-europe","13":"tag-fr","14":"tag-france","15":"tag-news","16":"tag-nice","17":"tag-provence-alpes-cote-dazur","18":"tag-republique-francaise"},"share_on_mastodon":{"url":"https:\/\/pubeurope.com\/@fr\/115270964415493848","error":""},"_links":{"self":[{"href":"https:\/\/www.europesays.com\/fr\/wp-json\/wp\/v2\/posts\/419061","targetHints":{"allow":["GET"]}}],"collection":[{"href":"https:\/\/www.europesays.com\/fr\/wp-json\/wp\/v2\/posts"}],"about":[{"href":"https:\/\/www.europesays.com\/fr\/wp-json\/wp\/v2\/types\/post"}],"author":[{"embeddable":true,"href":"https:\/\/www.europesays.com\/fr\/wp-json\/wp\/v2\/users\/2"}],"replies":[{"embeddable":true,"href":"https:\/\/www.europesays.com\/fr\/wp-json\/wp\/v2\/comments?post=419061"}],"version-history":[{"count":0,"href":"https:\/\/www.europesays.com\/fr\/wp-json\/wp\/v2\/posts\/419061\/revisions"}],"wp:featuredmedia":[{"embeddable":true,"href":"https:\/\/www.europesays.com\/fr\/wp-json\/wp\/v2\/media\/419062"}],"wp:attachment":[{"href":"https:\/\/www.europesays.com\/fr\/wp-json\/wp\/v2\/media?parent=419061"}],"wp:term":[{"taxonomy":"category","embeddable":true,"href":"https:\/\/www.europesays.com\/fr\/wp-json\/wp\/v2\/categories?post=419061"},{"taxonomy":"post_tag","embeddable":true,"href":"https:\/\/www.europesays.com\/fr\/wp-json\/wp\/v2\/tags?post=419061"}],"curies":[{"name":"wp","href":"https:\/\/api.w.org\/{rel}","templated":true}]}}