{"id":419069,"date":"2025-09-26T14:04:16","date_gmt":"2025-09-26T14:04:16","guid":{"rendered":"https:\/\/www.europesays.com\/fr\/419069\/"},"modified":"2025-09-26T14:04:16","modified_gmt":"2025-09-26T14:04:16","slug":"ou-bouger-cette-semaine-du-29-septembre-au-05-octobre","status":"publish","type":"post","link":"https:\/\/www.europesays.com\/fr\/419069\/","title":{"rendered":"O\u00f9 bouger cette semaine du 29 septembre au 05 octobre ?"},"content":{"rendered":"<p>\ud83c\udf41 L\u2019automne s\u2019est bien fait remarqu\u00e9 avec la fra\u00eecheur qu\u2019il a amen\u00e9 avec lui, mais Bordeaux bouillonne toujours autant ! Festivals, expos, concerts, soir\u00e9es\u2026 la ville ne s\u2019arr\u00eate jamais. Alors pr\u00eat\u00b7e \u00e0 plonger dans le meilleur de la semaine ? \ud83d\ude0d<\/p>\n<p>LUNDI 29 SEPTEMBRE<\/p>\n<p>Collecte de Sang de l\u2019EFS \u2013 Talence<\/p>\n<p id=\"block-33d45899-ee28-4879-8b41-182a85a7beca\" style=\"font-size:16px\">Et si tu d\u00e9butais ta semaine avec une\u00a0<strong>bonne action<\/strong>\u00a0? Ce lundi,\u00a0<strong>l\u2019EFS<\/strong>\u00a0organise une\u00a0<strong>collecte<\/strong>\u00a0\u00e0 Talence. De 15h \u00e0 19h, viens\u00a0<strong>donner ton sang<\/strong>\u00a0et\u00a0<strong>sauver des vies<\/strong>\u00a0! Cet \u00e9v\u00e9nement est ouvert \u00e0 tous et \u00e0 toutes ! Que tu sois un habitant de Talence ou simplement de passage, donne ton sang !\u00a0<\/p>\n<p id=\"block-33d45899-ee28-4879-8b41-182a85a7beca\" style=\"font-size:16px\">On ne le rappellera jamais assez :\u00a0<strong>un don sauve 3 vies et ton geste peut faire la diff\u00e9rence<\/strong>\u00a0! On compte sur toi ! On te partagera tr\u00e8s bient\u00f4t les dates des autres collectes du mois d\u2019octobre, alors reste connect\u00e9 !<\/p>\n<p><img fetchpriority=\"high\" decoding=\"async\" width=\"1024\" height=\"307\" src=\"https:\/\/www.europesays.com\/fr\/wp-content\/uploads\/2025\/09\/31072025-EFS-1024x307.png\" alt=\"\" class=\"wp-image-84056\"  \/><\/p>\n<p class=\"has-text-align-center\" id=\"block-7f1d7fe0-9333-49f1-87ce-cf916595b35b\" style=\"font-size:16px\"><strong>On bouge ?<\/strong><br \/>\ud83d\udccdEspace Fran\u00e7ois Mauriac , Rue du Professeur Arnozan, 33400 Talence<br \/>\ud83d\udcc5 \u00a0Lundi 29 septembre 2025 \u2022 De 15h \u00e0 19h<br \/>\ud83d\udc9b \u00c0 partir de 18 ans \u2022\u00a0<a href=\"https:\/\/dondesang.efs.sante.fr\/quiz\" target=\"_blank\" rel=\"noreferrer noopener nofollow\">Savoir si je peux donner mon sang<\/a><br \/>\u27a1\ufe0f <a href=\"https:\/\/www.facebook.com\/events\/1712881432739840\/1712881449406505\/?active_tab=about\" target=\"_blank\" rel=\"noreferrer noopener nofollow\"><a href=\"https:\/\/dondesang.efs.sante.fr\/trouver-une-collecte\/138918\/sang\" target=\"_blank\" rel=\"noreferrer noopener nofollow\">Prendre RDV<\/a><br \/>\ud83d\udcf2\u00a0<a href=\"https:\/\/dondesang.efs.sante.fr\/\" target=\"_blank\" rel=\"noreferrer noopener nofollow\">Site web<\/a>\u00a0\u2022\u00a0<a href=\"https:\/\/www.facebook.com\/EtablissementFrancaisduSang\" target=\"_blank\" rel=\"noreferrer noopener nofollow\">Facebook<\/a>\u00a0\u2022\u00a0<a href=\"https:\/\/www.instagram.com\/efs_officiel\" target=\"_blank\" rel=\"noreferrer noopener nofollow\">Instagram<\/a><\/p>\n<p>MARDI 30 SEPTEMBRE<\/p>\n<p>Open stage \u2013 The Connemara Irish Pub<\/p>\n<p style=\"font-size:16px\">Envie de monter sur sc\u00e8ne ou juste de d\u00e9couvrir des talents incroyables ? L\u2019<strong>Open Stage du Connemara<\/strong> est fait pour toi ! Chaque mardi soir, de <strong>20h30 \u00e0 23h30<\/strong>, la sc\u00e8ne est ouverte \u00e0 tous : <strong>musiciens, chanteurs, humoristes, po\u00e8tes, conteurs\u2026<\/strong> peu importe ton style ou ton niveau, tout le monde a sa place. <\/p>\n<p style=\"font-size:16px\">Le concept ? Un moment convivial et bienveillant o\u00f9 chacun peut <strong>s\u2019exprimer librement<\/strong>, tester ses id\u00e9es, ou simplement profiter du spectacle. Ici, il n\u2019y a <strong>aucun jugement<\/strong>, juste du partage, des rires et des applaudissements. Que tu sois d\u00e9butant ou pro, volontaire pour performer ou juste curieux, tu es le\u00b7la bienvenu\u00b7e. La sc\u00e8ne est \u00e0 toi !<\/p>\n<p style=\"font-size:16px\">Venez vivre une soir\u00e9e unique, pleine de surprises, de rires et de d\u00e9couvertes. Qui sait ? Ce mardi, c\u2019est peut-\u00eatre toi qui feras vibrer la salle ! <\/p>\n<p><img loading=\"lazy\" decoding=\"async\" width=\"640\" height=\"480\" src=\"https:\/\/www.europesays.com\/fr\/wp-content\/uploads\/2025\/09\/549644213_1312397507342186_6180575590829809922_n.jpg\" alt=\"\" class=\"wp-image-84103\"  \/><\/p>\n<p class=\"has-text-align-center\" id=\"block-f959898d-6e9e-4214-9806-85dc1d3975e2\" style=\"font-size:16px\"><strong>On bouge ?<\/strong><br \/>\ud83d\udccdThe Connemara Irish Pub \u2022 18 cours d\u2019Albret, Bordeaux<br \/>\ud83d\udcc5 Mardi 30 septembre 2025 \u2022 20h30 \u00e0 23h30<br \/>\ud83d\udc9b Ouvert \u00e0 tous.tes<br \/>\u27a1\ufe0f<a href=\"https:\/\/www.facebook.com\/events\/2240763953031031\/2240764903030936\/?active_tab=about\" target=\"_blank\" rel=\"noreferrer noopener nofollow\">Lien de l\u2019\u00e9v\u00e9nement<\/a><br \/>\ud83d\udcf2<a href=\"https:\/\/www.instagram.com\/theconnemarairishpub\/?hl=fr\" target=\"_blank\" rel=\"noreferrer noopener nofollow\">Instagram<\/a> \u2022 <a href=\"https:\/\/www.facebook.com\/profile.php?id=100057158481674\" target=\"_blank\" rel=\"noreferrer noopener nofollow\">Facebook<\/a><\/p>\n<p>MERCREDI 01 OCTOBRE<\/p>\n<p>Pi\u00e8ce de th\u00e9\u00e2tre \u2013 Th\u00e9\u00e2tre Moli\u00e8re<\/p>\n<p id=\"block-41f54e30-d78d-40d2-b9a1-dd19972673fa\" style=\"font-size:16px\">Si tu es en couple\u2026 tu vas le rester ! Si tu es c\u00e9libataire\u2026 profite, \u00e7a ne va pas durer ! Ce mercredi, viens d\u00e9couvrir la com\u00e9die d\u00e9capante<strong>\u00a0Les femmes ont toujours raison\u2026\u00a0<\/strong>et partager une soir\u00e9e de fous rires, de conseils sans filtre et de moments complices !<\/p>\n<p id=\"block-41f54e30-d78d-40d2-b9a1-dd19972673fa\" style=\"font-size:16px\">Cette com\u00e9die t\u2019embarque avec<strong> Lucas et Julie<\/strong>, qui n\u2019ont peur de rien pour dire tout haut ce que tout le monde pense tout bas : la vie \u00e0 deux, c\u2019est un vrai champ de mines.<strong> Entre habitudes,<\/strong> <strong>petites manies, jalousie, belle-famille et enfants<\/strong>\u2026 personne n\u2019est \u00e9pargn\u00e9.<\/p>\n<p id=\"block-41f54e30-d78d-40d2-b9a1-dd19972673fa\" style=\"font-size:16px\"><strong>Sans filtre ni tabou,<\/strong> ils te livrent leurs conseils pour \u00e9viter les pi\u00e8ges du couple et te promettent une soir\u00e9e o\u00f9 les fous rires sont garantis. En sortant, tu seras pr\u00eat\u00b7e \u00e0 viser les noces de diamant ! <strong>Et si tu es c\u00e9libataire ? Prends des notes, \u00e7a pourrait servir\u2026<\/strong><\/p>\n<p><img loading=\"lazy\" decoding=\"async\" width=\"683\" height=\"1024\" src=\"https:\/\/www.europesays.com\/fr\/wp-content\/uploads\/2025\/09\/b1eb1042656fbd6af13b5c68eb36f0cd40f085bf-683x1024.jpeg\" alt=\"\" class=\"wp-image-84060\" style=\"width:400px;height:auto\"  \/><\/p>\n<p class=\"has-text-align-center\" id=\"block-cbef2d93-6349-4f63-8583-0c588ae13209\" style=\"font-size:16px\"><strong>On bouge ?<\/strong><br \/>\ud83d\udccdTh\u00e9\u00e2tre Moli\u00e8re \u2022 33 rue du Temple, Bordeaux<br \/>\ud83d\udcc5 Mercredi 1er octobre \u2022 20h<br \/>\ud83d\udc9b Ouvert \u00e0 tous.tes \u2022 \u00e0 partir de 24\u20ac<br \/>\u27a1\ufe0f<a href=\"https:\/\/www.obillet.fr\/comedie\/les-femmes-ont-toujours-raison\" target=\"_blank\" rel=\"noreferrer noopener nofollow\">Billetterie<\/a> <br \/>\ud83d\udcf2\u00a0<a href=\"https:\/\/www.bordeauxtheatres.com\" target=\"_blank\" rel=\"noreferrer noopener nofollow\">Site web<\/a> \u2022\u00a0<a href=\"https:\/\/www.instagram.com\/theatremoliere\/\" target=\"_blank\" rel=\"noreferrer noopener nofollow\">Instagram<\/a><\/p>\n<p>JEUDI 02 OCTOBRE<\/p>\n<p>La Triple Release Party \u2013 La Fabrique Pola<\/p>\n<p id=\"block-7a7a7519-ffe2-4bef-b42a-43112287d121\" style=\"font-size:16px\"><strong>Pr\u00e9cheur Loup + Sam Fleisch + RG Rough<\/strong> d\u00e9barquent \u00e0 Bordeaux pour une soir\u00e9e qui va te secouer !<\/p>\n<p style=\"font-size:16px\">Tous les trois partagent l\u2019amour du <strong>bon son<\/strong> et des <strong>pochettes d\u2019album peintes par Priscille Claude<\/strong> \u2013 pas d\u2019expo cette fois, mais on les imprime en grand pour que tu puisses les admirer pendant que tes oreilles se r\u00e9galent.<\/p>\n<p id=\"block-7a7a7519-ffe2-4bef-b42a-43112287d121\" style=\"font-size:16px\">Pr\u00e9pare-toi \u00e0 passer du <strong>punk qui arrache<\/strong>, \u00e0 l\u2019<strong>indie pop flamboyante<\/strong>, jusqu\u2019aux <strong>explorations sonores exp\u00e9rimentales<\/strong>. Que tu viennes pour boire un verre, danser ou juste \u00e9couter, tu vas vivre une soir\u00e9e unique, pleine de surprises et d\u2019\u00e9nergie. Alors, tu viens motiv\u00e9 ?<\/p>\n<p><img loading=\"lazy\" decoding=\"async\" width=\"960\" height=\"686\" src=\"https:\/\/www.europesays.com\/fr\/wp-content\/uploads\/2025\/09\/546847036_1279959507476112_6072212099852102247_n.jpg\" alt=\"\" class=\"wp-image-84118\" style=\"width:544px;height:auto\"  \/><\/p>\n<p class=\"has-text-align-center\" id=\"block-95b37f5e-a232-4a8a-82a2-9183d94e9eb4\" style=\"font-size:16px\"><strong>On bouge ?<\/strong><br \/>\ud83d\udccd Polacabana \u2013 La Fabrique Pola, 11 quai de Brazza<br \/>\ud83d\udcc5Jeudi 02 octobre 2025<br \/>\ud83d\udc9b Ouvert \u00e0 tous.tes \u2022 5\u20ac<br \/>\u27a1\ufe0f<a href=\"https:\/\/www.facebook.com\/events\/787177573720021\/?acontext=%7B%22event_action_history%22%3A[%7B%22mechanism%22%3A%22discovery_custom_tab%22%2C%22surface%22%3A%22bookmark%22%7D]%2C%22ref_notif_type%22%3Anull%7D\" rel=\"nofollow noopener\" target=\"_blank\">Lien de l\u2019\u00e9v\u00e9nement<br \/><\/a>\ud83d\udcf2\u00a0<a href=\"https:\/\/pola.fr\/\" target=\"_blank\" rel=\"noreferrer noopener nofollow\">Site web<\/a> \u2022\u00a0<a href=\"https:\/\/www.instagram.com\/fabriquepola\/\" target=\"_blank\" rel=\"noreferrer noopener nofollow\">Instagram<\/a> \u2022 <a href=\"https:\/\/www.facebook.com\/fabrique.pola.5\" rel=\"nofollow noopener\" target=\"_blank\">Facebook<\/a><\/p>\n<p>VENDREDI 03 OCTOBRE<\/p>\n<p>10 ans de la Promenade Sainte-Catherine<\/p>\n<p id=\"block-20fe53c6-9156-4503-89c0-e7bb652763a7\" style=\"font-size:16px\"><strong>Promenade Sainte-Catherine f\u00eate ses 10 ans les 3 et 4 octobre 2025 !<\/strong> Bordelais, pr\u00e9pare-toi \u00e0 vivre un week-end m\u00e9morable, entre musique, danse, surprises et gourmandises. <strong>Vendredi 3 octobre<\/strong>, d\u00e8s 16h, plonge dans <strong>La Soir\u00e9e des 10 Ans<\/strong> avec Nick The Funk, Omega 3, Tango Nomade, la Cie R\u00eavolution et DJ BUTTCH, sans oublier un \u00e9cran g\u00e9ant interactif, bulles g\u00e9antes, photobooth, tattoos \u00e9ph\u00e9m\u00e8res, guinguette festive, bar \u00e0 cocktails et food Matsuri. <\/p>\n<p id=\"block-20fe53c6-9156-4503-89c0-e7bb652763a7\" style=\"font-size:16px\"><strong>Samedi 4 octobre<\/strong>, de 10h \u00e0 20h, c\u2019est <strong>la Journ\u00e9e Surprises Sp\u00e9ciale 10 Ans<\/strong> : shopping, ateliers maquillage, roue des cadeaux, performances a\u00e9riennes, ballet po\u00e9tique sur le Lego Store et spectacle hip-hop avec Anthony Eg\u00e9a et la Cie R\u00eavolution. Gratuit et pour tous les \u00e2ges, ce week-end promet de <strong>faire vibrer Bordeaux comme jamais !<\/strong><\/p>\n<p><img loading=\"lazy\" decoding=\"async\" width=\"960\" height=\"540\" src=\"https:\/\/www.europesays.com\/fr\/wp-content\/uploads\/2025\/09\/517339319_1257833679715080_4332843464875981882_n.jpg\" alt=\"\" class=\"wp-image-84130\" style=\"width:560px;height:auto\"  \/><\/p>\n<p class=\"has-text-align-center\" id=\"block-dd4e5f62-3d21-4f32-b1d9-9ea59475d7f4\" style=\"font-size:16px\"><strong>On bouge ?<br \/><\/strong>\ud83d\udccdFace \u00e0 la FNAC \u2022 49-51 rue Sainte-Catherine, Bordeaux<br \/>\ud83d\udcc5Vendredi 3 octobre et samedi 4 octobre 2025<br \/>\ud83d\udc9b Ouvert \u00e0 tous.tes<br \/>\u27a1\ufe0f<a href=\"https:\/\/www.facebook.com\/events\/1823743594838979\/?acontext=%7B%22event_action_history%22%3A[%7B%22mechanism%22%3A%22discovery_custom_tab%22%2C%22surface%22%3A%22bookmark%22%7D]%2C%22ref_notif_type%22%3Anull%7D\" rel=\"nofollow noopener\" target=\"_blank\">Lien de l\u2019\u00e9v\u00e9nement<br \/><\/a>\ud83d\udcf2 <a href=\"https:\/\/www.instagram.com\/promenadesaintecatherine\/\" target=\"_blank\" rel=\"noreferrer noopener nofollow\">Instagram<\/a> \u2022 <a href=\"https:\/\/www.facebook.com\/promenadesaintecatherine\" rel=\"nofollow noopener\" target=\"_blank\">Facebook<\/a><\/p>\n<p>SAMEDI 04 OCTOBRE<\/p>\n<p>Le Jacquot Surfskate Festival\u00a0 \u2013 Darwin<\/p>\n<p id=\"block-abe594f1-9bea-4d65-a7bf-a63af0878e42\" style=\"font-size:16px\">Pr\u00e9pare-toi \u00e0 une journ\u00e9e plac\u00e9e sous le signe de la glisse, de la f\u00eate et des valeurs fortes ! Le\u00a0<strong>4 octobre<\/strong>, le mythique<strong> Hangar Darwin<\/strong> se transforme en terrain de jeu urbain pour accueillir le\u00a0<strong>Jacquot Surfskate Festival<\/strong>. Plus qu\u2019un rendez-vous sportif, c\u2019est un \u00e9v\u00e9nement\u00a0<strong>engag\u00e9, inclusif et festif, ouvert \u00e0 toutes et tous.<\/strong><\/p>\n<p style=\"font-size:16px\">Derri\u00e8re son nom, \u00ab\u00a0Jacquot\u00a0\u00bb d\u00e9fend une vision du sport qui casse les codes : le surfskate accessible \u00e0 tout le monde, peu importe l\u2019\u00e2ge, le genre, l\u2019origine ou le niveau. Ici, la glisse se partage sans barri\u00e8res et se vit dans une ambiance conviviale.<\/p>\n<p style=\"font-size:16px\">Au programme :\u00a0<strong>initiations gratuites<\/strong>\u00a0pour d\u00e9couvrir le surfskate avec des coachs passionn\u00e9\u00b7es,\u00a0<strong>d\u00e9monstrations spectaculaires<\/strong>\u00a0de riders venus de toute l\u2019Europe, un\u00a0<strong>village associatif<\/strong>\u00a0tourn\u00e9 vers l\u2019engagement, sans oublier une\u00a0<strong>sc\u00e8ne musicale locale<\/strong>\u00a0qui fera vibrer la caserne jusque dans la soir\u00e9e. Et bien s\u00fbr, quelques surprises viendront pimenter le festival !<\/p>\n<p id=\"block-abe594f1-9bea-4d65-a7bf-a63af0878e42\" style=\"font-size:16px\"><strong>Le Jacquot Surfskate Festival<\/strong>, c\u2019est bien plus qu\u2019un simple rendez-vous sportif : c\u2019est un mouvement qui roule vers un futur plus doux, plus juste et plus joyeux.<\/p>\n<p><img loading=\"lazy\" decoding=\"async\" width=\"1024\" height=\"768\" src=\"https:\/\/www.europesays.com\/fr\/wp-content\/uploads\/2025\/09\/JSSF_photo-de-couverture-1024x768.jpg\" alt=\"\" class=\"wp-image-84058\" style=\"width:613px;height:auto\"  \/><\/p>\n<p class=\"has-text-align-center\" id=\"block-207e9e2b-3756-4265-a8df-a96919d17842\" style=\"font-size:16px\"><strong>On bouge ?<\/strong><br \/>\ud83d\udccdLe Hangar Darwin, Bordeaux<br \/>\ud83d\udcc5 Samedi 04 octobre \u202214h \u00e0 23h<br \/>\ud83d\udc9b Entr\u00e9e libre et ouverte \u00e0 toutes et tous<br \/>\ud83d\udcf2\u00a0<a href=\"https:\/\/www.youtube.com\/c\/LesJacquotsduSurf\" target=\"_blank\" rel=\"noreferrer noopener nofollow\">Youtube<\/a> \u2022\u00a0<a href=\"http:\/\/Les Jacquots Surfskate\" target=\"_blank\" rel=\"noreferrer noopener nofollow\">Facebook<\/a> \u2022 <a href=\"https:\/\/www.instagram.com\/jacquotsurfskatefest\/\" target=\"_blank\" rel=\"noreferrer noopener nofollow\">Instagram<\/a><\/p>\n<p>DIMANCHE 05 OCTOBRE <\/p>\n<p>Vide Grenier Les Dominicales\u00a0\u2013 Darwin<\/p>\n<p id=\"block-4403e2aa-7fbc-40d0-8547-33f61a330e6e\" style=\"font-size:16px\">Envie de chiner, de d\u00e9nicher la petite perle rare ou tout simplement de fl\u00e2ner dans une ambiance conviviale ? Direction\u00a0<strong>Darwin<\/strong>\u00a0pour une nouvelle \u00e9dition des\u00a0<strong>Dominicales<\/strong>, <strong>une journ\u00e9e festive qui m\u00eale bonnes affaires, esprit circulaire et gourmandises locales.<\/strong><\/p>\n<p style=\"font-size:16px\">Au programme : un\u00a0<strong>vide-grenier ouvert \u00e0 tous<\/strong>\u00a0pour donner une seconde vie \u00e0 tes<strong> v\u00eatements, vinyles, jouets ou objets d\u00e9co<\/strong>. L\u2019occasion id\u00e9ale pour d\u00e9sencombrer tes placards, faire du tri et peut-\u00eatre repartir avec une trouvaille vintage qui fera ton bonheur.<\/p>\n<p style=\"font-size:16px\">Mais ce n\u2019est pas tout ! Les all\u00e9es de Darwin s\u2019animeront aussi d\u2019un\u00a0<strong>march\u00e9 de producteurs engag\u00e9s\u00a0: fruits et l\u00e9gumes bio, vins naturels, pain croustillant, fleurs de saison<\/strong>\u2026 De quoi remplir ton panier et soutenir les <strong>circuits courts <\/strong>tout en te r\u00e9galant.<\/p>\n<p id=\"block-4403e2aa-7fbc-40d0-8547-33f61a330e6e\" style=\"font-size:16px\">Ajoute \u00e0 cela une ambiance musicale, des rencontres inspirantes et l\u2019\u00e9nergie unique de la caserne, et tu tiens le combo parfait pour un dimanche r\u00e9ussi : <strong>convivial, festif et 100 % local.<\/strong><\/p>\n<p><img loading=\"lazy\" decoding=\"async\" width=\"683\" height=\"1024\" src=\"https:\/\/www.europesays.com\/fr\/wp-content\/uploads\/2025\/09\/\u00a9Juliette-La-Neelle-683x1024.rev_.2025-09-23-12-20-11.68d2745b1c37c.jpeg\" alt=\"\" class=\"wp-image-84057\" style=\"width:502px;height:auto\"  \/>Cr\u00e9dit photo : Juliette La N\u00e9elle<\/p>\n<p class=\"has-text-align-center\" id=\"block-aac0b543-c5d0-4d1d-b9ce-11515396e979\" style=\"font-size:16px\"><strong>On bouge ?<\/strong><br \/>\ud83d\udccdDarwin, Bordeaux<br \/>\ud83d\udcc5 Dimanche 05 octobre 2025 \u2022 De 10h \u00e0 18h<br \/>\ud83d\udc9b Ouvert \u00e0 tous.tes <br \/>\u27a1\ufe0fInfos &amp; inscriptions :\u00a0<a href=\"https:\/\/www.bougerabordeaux.com\/agenda\/ou-bouger-cette-semaine-du-29-septembre-au-05-octobre\/mailto:metamorphose.production@darwin.camp\" target=\"_blank\" rel=\"noreferrer noopener nofollow\">metamorphose.production@darwin.camp<\/a><br \/>\ud83d\udcf2\u00a0<a href=\"https:\/\/darwin.camp\/?doing_wp_cron=1721998264.5167980194091796875000\" target=\"_blank\" rel=\"noreferrer noopener nofollow\">Site web<\/a> \u2022\u00a0<a href=\"https:\/\/www.facebook.com\/darwin.ecosysteme\" target=\"_blank\" rel=\"noreferrer noopener nofollow\">Facebook<\/a> \u2022 <a href=\"https:\/\/www.instagram.com\/darwin.camp\/\" target=\"_blank\" rel=\"noreferrer noopener nofollow\">Instagram<\/a><\/p>\n<p id=\"block-8608a56a-6fc1-4edf-aed4-118d88b27334\" style=\"font-size:16px\">Alors tu bouges o\u00f9 cette semaine ?<br \/>Cr\u00e9dit photo de couverture : Marie Dehayes\u00a0<\/p>\n<p id=\"block-4b07edac-91d3-458a-bbef-9e8168ef635d\" style=\"font-size:16px\">\u00c0 lire aussi : <a href=\"https:\/\/www.bougerabordeaux.com\/actu\/greves-generales-des-10-et-18-septembre-a-quoi-sattendre-a-bordeaux\/\" target=\"_blank\" rel=\"noreferrer noopener nofollow\">L\u2019appli Poppins s\u2019installe \u00e0 Bordeaux pour faire rayonner le partage !<br \/><\/a><\/p>\n<p>\t\t<script async src=\"\/\/www.instagram.com\/embed.js\"><\/script><\/p>\n","protected":false},"excerpt":{"rendered":"\ud83c\udf41 L\u2019automne s\u2019est bien fait remarqu\u00e9 avec la fra\u00eecheur qu\u2019il a amen\u00e9 avec lui, mais Bordeaux bouillonne toujours&hellip;\n","protected":false},"author":2,"featured_media":419070,"comment_status":"","ping_status":"","sticky":false,"template":"","format":"standard","meta":{"footnotes":""},"categories":[2817],"tags":[1111,11,1997,1777,674,1011,27,12,2219,25],"class_list":{"0":"post-419069","1":"post","2":"type-post","3":"status-publish","4":"format-standard","5":"has-post-thumbnail","7":"category-bordeaux","8":"tag-actu","9":"tag-actualites","10":"tag-bordeaux","11":"tag-eu","12":"tag-europe","13":"tag-fr","14":"tag-france","15":"tag-news","16":"tag-nouvelle-aquitaine","17":"tag-republique-francaise"},"share_on_mastodon":{"url":"https:\/\/pubeurope.com\/@fr\/115270981675422636","error":""},"_links":{"self":[{"href":"https:\/\/www.europesays.com\/fr\/wp-json\/wp\/v2\/posts\/419069","targetHints":{"allow":["GET"]}}],"collection":[{"href":"https:\/\/www.europesays.com\/fr\/wp-json\/wp\/v2\/posts"}],"about":[{"href":"https:\/\/www.europesays.com\/fr\/wp-json\/wp\/v2\/types\/post"}],"author":[{"embeddable":true,"href":"https:\/\/www.europesays.com\/fr\/wp-json\/wp\/v2\/users\/2"}],"replies":[{"embeddable":true,"href":"https:\/\/www.europesays.com\/fr\/wp-json\/wp\/v2\/comments?post=419069"}],"version-history":[{"count":0,"href":"https:\/\/www.europesays.com\/fr\/wp-json\/wp\/v2\/posts\/419069\/revisions"}],"wp:featuredmedia":[{"embeddable":true,"href":"https:\/\/www.europesays.com\/fr\/wp-json\/wp\/v2\/media\/419070"}],"wp:attachment":[{"href":"https:\/\/www.europesays.com\/fr\/wp-json\/wp\/v2\/media?parent=419069"}],"wp:term":[{"taxonomy":"category","embeddable":true,"href":"https:\/\/www.europesays.com\/fr\/wp-json\/wp\/v2\/categories?post=419069"},{"taxonomy":"post_tag","embeddable":true,"href":"https:\/\/www.europesays.com\/fr\/wp-json\/wp\/v2\/tags?post=419069"}],"curies":[{"name":"wp","href":"https:\/\/api.w.org\/{rel}","templated":true}]}}