{"id":419071,"date":"2025-09-26T14:05:13","date_gmt":"2025-09-26T14:05:13","guid":{"rendered":"https:\/\/www.europesays.com\/fr\/419071\/"},"modified":"2025-09-26T14:05:13","modified_gmt":"2025-09-26T14:05:13","slug":"xv-de-france-le-staff-en-seminaire-a-bordeaux-a-partir-du-6-octobre","status":"publish","type":"post","link":"https:\/\/www.europesays.com\/fr\/419071\/","title":{"rendered":"XV de France\u00a0&#8211; Le staff en s\u00e9minaire \u00e0 Bordeaux \u00e0 partir du 6\u00a0octobre"},"content":{"rendered":"<p>\n                C\u2019est devenu une tradition\u00a0: quelques semaines en amont d\u2019une p\u00e9riode de comp\u00e9tition, le staff du XV de France, dirig\u00e9 par le s\u00e9lectionneur Fabien Galthi\u00e9, va se r\u00e9unir pour un s\u00e9minaire de travail. Rendez-vous a donc \u00e9t\u00e9 fix\u00e9 \u00e0 partir du 6\u00a0octobre \u00e0 Bordeaux.\n            <\/p>\n<p>Comme l\u2019an pass\u00e9 \u00e0 la m\u00eame \u00e9poque, le s\u00e9lectionneur du XV de France Fabien Galthi\u00e9 et son staff vont se r\u00e9unir pour un s\u00e9minaire de travail afin de pr\u00e9parer la tourn\u00e9e du mois de novembre durant laquelle les Bleus recevront l\u2019Afrique du Sud, championne du monde en titre le 8, les Fidji le 15 et l\u2019Australie le 22, toutes les rencontres se d\u00e9roulant au Stade de France. La saison derni\u00e8re, le staff tricolore s\u2019\u00e9tait retrouv\u00e9, \u00e0 peu pr\u00e8s \u00e0 la m\u00eame p\u00e9riode, \u00e0 Pau o\u00f9 ils avaient notamment travaill\u00e9 avec les Espoirs et les Crabos de la Section paloise. Cette fois-ci, ils ont rendez-vous \u00e0 Bordeaux du 6 au 9\u00a0octobre.<\/p>\n<p>Fabien Galthi\u00e9, Patrick Arlettaz, William Servat, Laurent Semp\u00e9r\u00e9 et l\u2019Anglais Shaun Edwards et l\u2019ensemble du staff vont d\u2019abord utiliser ce temps pour d\u00e9briefer la derni\u00e8re tourn\u00e9e en Nouvelle-Z\u00e9lande ponctu\u00e9e de trois d\u00e9faites en autant de rencontres. Depuis leur retour du pays au long nuage blanc, Galthi\u00e9 et ses hommes ne se sont pas revus tous ensemble. Certes, depuis le d\u00e9but du mois de septembre, plusieurs r\u00e9unions en vision ont \u00e9t\u00e9 organis\u00e9es par groupe de travail et par secteur de jeu. Mais, cette fois-ci, l\u2019heure du grand bilan a sonn\u00e9.<\/p>\n<p>        <img decoding=\"async\" class=\"std-img__img responsive-img\" src=\"https:\/\/www.europesays.com\/fr\/wp-content\/uploads\/2025\/09\/1758895513_767_image.jpg\" alt=\"XV de France - Demba Bamba sera-t-il de la prochaine tourn\u00e9e des Bleus ?\"\/><\/p>\n<p>                XV de France &#8211; Demba Bamba sera-t-il de la prochaine tourn\u00e9e des Bleus ?<br \/>\n                                    Imago \/ Icon Sport<\/p>\n<p>Inqui\u00e9tude au poste de pilier droit\u00a0?<\/p>\n<p>\u00c9videmment, il sera aussi question de se projeter sur les \u00e9ch\u00e9ances \u00e0 venir. Le programme s\u2019annonce copieux avec en amuse-bouche les Sud-africains champions du monde en titre, actuellement tr\u00e8s en forme dans le Rugby Championships. Un premier rendez-vous dont en Galthi\u00e9 se d\u00e9lecte \u00e0 l\u2019avance, m\u00eame s\u2019il sait que combien le d\u00e9fi s\u2019annonce de taille. Et pour cause. R\u00e9cemment, lors d\u2019\u00e9changes informels dans les canaux de communication du staff des Bleus, l\u2019inqui\u00e9tude s\u2019est port\u00e9e sur le poste de pilier. Uini Atonio, devenu entra\u00eeneur-joueur du Stade rochelais depuis le d\u00e9but de la saison, est actuellement bless\u00e9 et ne sera pas remis en novembre. Les r\u00e9centes performances, notamment \u00e0 Montpellier, de la m\u00eal\u00e9e toulousaine ont aussi alert\u00e9 sur les difficult\u00e9s de Dorian Aldegheri. Le cas Demba Bamba, tr\u00e8s en forme avec son club du Racing 92, est donc revenu sur le tapis mais il doit encore convaincre et surtout encha\u00een\u00e9 dans la droite lign\u00e9e de ses premi\u00e8res sorties. \u00c0 cette heure, trois \u00e9l\u00e9ments ont \u00e9t\u00e9 identifi\u00e9s pour caler l\u2019\u00e9difice tricolore. D\u2019abord, le Clermontois R\u00e9gis Montagne. Ensuite, le Bordelais Sipili Falatea. Et puis, \u00e9videmment, l\u2019increvable Rabah Slimani qui \u00e9volue pour la deuxi\u00e8me saison cons\u00e9cutive avec la province irlandaise du Leinster.<\/p>\n<p>D\u2019autres sujets vont \u00e9videmment \u00eatre abord\u00e9s pour pr\u00e9parer la liste des 42 joueurs appel\u00e9s \u00e0 pr\u00e9parer l\u2019Autumn Nations Series. Surtout, comme il est d\u00e9sormais de coutume, Galthi\u00e9 et ses hommes vont \u00ab\u00a0s\u2019entra\u00eener \u00e0 entra\u00eener\u00a0\u00bb. Pour reprendre la main et s\u2019\u00e9chauffer avant de retrouver leurs joueurs probablement \u00e0 partir du 27\u00a0octobre au Centre National du Rugby de Marcoussis, ils devraient animer plusieurs s\u00e9ances avec une des \u00e9quipes de jeunes de l\u2019union Bordeaux-B\u00e8gles, comme ce fut le cas en septembre\u00a02024 avec la Section paloise o\u00f9 les Crabos et les Espoirs avaient \u00e9t\u00e9 mis \u00e0 disposition du staff des Bleus. Un premier temps fort qui marquera la rentr\u00e9e de Fabien Galthi\u00e9 et de ses adjoints.<\/p>\n","protected":false},"excerpt":{"rendered":"C\u2019est devenu une tradition\u00a0: quelques semaines en amont d\u2019une p\u00e9riode de comp\u00e9tition, le staff du XV de France,&hellip;\n","protected":false},"author":2,"featured_media":419072,"comment_status":"","ping_status":"","sticky":false,"template":"","format":"standard","meta":{"footnotes":""},"categories":[2817],"tags":[1111,11,1997,1777,674,1011,27,12,2219,25],"class_list":{"0":"post-419071","1":"post","2":"type-post","3":"status-publish","4":"format-standard","5":"has-post-thumbnail","7":"category-bordeaux","8":"tag-actu","9":"tag-actualites","10":"tag-bordeaux","11":"tag-eu","12":"tag-europe","13":"tag-fr","14":"tag-france","15":"tag-news","16":"tag-nouvelle-aquitaine","17":"tag-republique-francaise"},"share_on_mastodon":{"url":"https:\/\/pubeurope.com\/@fr\/115270983671412673","error":""},"_links":{"self":[{"href":"https:\/\/www.europesays.com\/fr\/wp-json\/wp\/v2\/posts\/419071","targetHints":{"allow":["GET"]}}],"collection":[{"href":"https:\/\/www.europesays.com\/fr\/wp-json\/wp\/v2\/posts"}],"about":[{"href":"https:\/\/www.europesays.com\/fr\/wp-json\/wp\/v2\/types\/post"}],"author":[{"embeddable":true,"href":"https:\/\/www.europesays.com\/fr\/wp-json\/wp\/v2\/users\/2"}],"replies":[{"embeddable":true,"href":"https:\/\/www.europesays.com\/fr\/wp-json\/wp\/v2\/comments?post=419071"}],"version-history":[{"count":0,"href":"https:\/\/www.europesays.com\/fr\/wp-json\/wp\/v2\/posts\/419071\/revisions"}],"wp:featuredmedia":[{"embeddable":true,"href":"https:\/\/www.europesays.com\/fr\/wp-json\/wp\/v2\/media\/419072"}],"wp:attachment":[{"href":"https:\/\/www.europesays.com\/fr\/wp-json\/wp\/v2\/media?parent=419071"}],"wp:term":[{"taxonomy":"category","embeddable":true,"href":"https:\/\/www.europesays.com\/fr\/wp-json\/wp\/v2\/categories?post=419071"},{"taxonomy":"post_tag","embeddable":true,"href":"https:\/\/www.europesays.com\/fr\/wp-json\/wp\/v2\/tags?post=419071"}],"curies":[{"name":"wp","href":"https:\/\/api.w.org\/{rel}","templated":true}]}}