{"id":419083,"date":"2025-09-26T14:12:12","date_gmt":"2025-09-26T14:12:12","guid":{"rendered":"https:\/\/www.europesays.com\/fr\/419083\/"},"modified":"2025-09-26T14:12:12","modified_gmt":"2025-09-26T14:12:12","slug":"lyon-lanimateur-enseignant-avait-telecharge-des-images-pedopornographiques-pour-soigner-son-trauma","status":"publish","type":"post","link":"https:\/\/www.europesays.com\/fr\/419083\/","title":{"rendered":"Lyon. L\u2019animateur-enseignant avait t\u00e9l\u00e9charg\u00e9 des images p\u00e9dopornographiques pour soigner son trauma"},"content":{"rendered":"<p>Poing sur les hanches, chemise sur le pantalon, il s\u2019avance \u00e0 la barre, en toute d\u00e9contraction.\u00a0E., la vingtaine, \u00e9coute le r\u00e9sum\u00e9 de \u00ab\u00a0son\u00a0\u00bb affaire fait, jeudi, par la pr\u00e9sidente Sarah Ploquin. Le 24\u00a0mars, il a \u00e9t\u00e9 arr\u00eat\u00e9 et plac\u00e9 en garde \u00e0 vue \u00e0 Lyon parce que les policiers avaient retrouv\u00e9 sur son ordinateur et son t\u00e9l\u00e9phone des images et vid\u00e9os p\u00e9dopornographiques. Il avait \u00e9t\u00e9 rep\u00e9r\u00e9 par Tracfin.<\/p>\n<p>\u00ab\u00a0C\u2019est extr\u00eamement incomplet et extr\u00eamement faux\u00a0!\u00a0\u00bb, l\u00e2che, hautain, le pr\u00e9venu. Le ton professoral passe mal dans un tribunal surtout quand on est du&#8230;<\/p>\n","protected":false},"excerpt":{"rendered":"Poing sur les hanches, chemise sur le pantalon, il s\u2019avance \u00e0 la barre, en toute d\u00e9contraction.\u00a0E., la vingtaine,&hellip;\n","protected":false},"author":2,"featured_media":419084,"comment_status":"","ping_status":"","sticky":false,"template":"","format":"standard","meta":{"footnotes":""},"categories":[1889],"tags":[1111,11,2430,271,272,2757,1777,674,274,107,1011,27,2428,2756,12,25,2429],"class_list":{"0":"post-419083","1":"post","2":"type-post","3":"status-publish","4":"format-standard","5":"has-post-thumbnail","7":"category-lyon","8":"tag-actu","9":"tag-actualites","10":"tag-auvergne-rhone-alpes","11":"tag-crime","12":"tag-delit-et-contravention","13":"tag-edition-lyon-villeurbanne","14":"tag-eu","15":"tag-europe","16":"tag-faits-divers-justice","17":"tag-fil-info","18":"tag-fr","19":"tag-france","20":"tag-lyon","21":"tag-lyon-bassin","22":"tag-news","23":"tag-republique-francaise","24":"tag-rhone"},"share_on_mastodon":{"url":"https:\/\/pubeurope.com\/@fr\/115271011093077976","error":""},"_links":{"self":[{"href":"https:\/\/www.europesays.com\/fr\/wp-json\/wp\/v2\/posts\/419083","targetHints":{"allow":["GET"]}}],"collection":[{"href":"https:\/\/www.europesays.com\/fr\/wp-json\/wp\/v2\/posts"}],"about":[{"href":"https:\/\/www.europesays.com\/fr\/wp-json\/wp\/v2\/types\/post"}],"author":[{"embeddable":true,"href":"https:\/\/www.europesays.com\/fr\/wp-json\/wp\/v2\/users\/2"}],"replies":[{"embeddable":true,"href":"https:\/\/www.europesays.com\/fr\/wp-json\/wp\/v2\/comments?post=419083"}],"version-history":[{"count":0,"href":"https:\/\/www.europesays.com\/fr\/wp-json\/wp\/v2\/posts\/419083\/revisions"}],"wp:featuredmedia":[{"embeddable":true,"href":"https:\/\/www.europesays.com\/fr\/wp-json\/wp\/v2\/media\/419084"}],"wp:attachment":[{"href":"https:\/\/www.europesays.com\/fr\/wp-json\/wp\/v2\/media?parent=419083"}],"wp:term":[{"taxonomy":"category","embeddable":true,"href":"https:\/\/www.europesays.com\/fr\/wp-json\/wp\/v2\/categories?post=419083"},{"taxonomy":"post_tag","embeddable":true,"href":"https:\/\/www.europesays.com\/fr\/wp-json\/wp\/v2\/tags?post=419083"}],"curies":[{"name":"wp","href":"https:\/\/api.w.org\/{rel}","templated":true}]}}