{"id":419089,"date":"2025-09-26T14:16:11","date_gmt":"2025-09-26T14:16:11","guid":{"rendered":"https:\/\/www.europesays.com\/fr\/419089\/"},"modified":"2025-09-26T14:16:11","modified_gmt":"2025-09-26T14:16:11","slug":"quest-ce-que-la-legionellose-une-infection-bacterienne-a-lorigine-dun-cluster-inhabituel-a-albertville","status":"publish","type":"post","link":"https:\/\/www.europesays.com\/fr\/419089\/","title":{"rendered":"Qu\u2019est-ce que la l\u00e9gionellose, une infection bact\u00e9rienne \u00e0 l\u2019origine d\u2019un cluster inhabituel \u00e0 Albertville\u00a0?"},"content":{"rendered":"<p>                         <img loading=\"lazy\" decoding=\"async\" src=\"https:\/\/www.europesays.com\/fr\/wp-content\/uploads\/2025\/09\/6fd162e_upload-1-n6xoh8ft317k-maxnewsspecialtwo346954.jpg\" alt=\"Une pancarte pr\u00e9vient de ne pas boire l\u2019eau pour \u00e9viter toute contamination \u00e0 la l\u00e9gionellose \u00e0 Albertville (Savoie), le 23\u00a0septembre\u00a02025.\"   width=\"664\" height=\"443\"\/>    Une pancarte pr\u00e9vient de ne pas boire l\u2019eau pour \u00e9viter toute contamination \u00e0 la l\u00e9gionellose \u00e0 Albertville (Savoie), le 23\u00a0septembre\u00a02025.  LOUISE RAYMOND \/\u00ab\u00a0LE DAUPHINE\u00a0\u00bb\/MAXPPP                 <\/p>\n<p class=\"article__paragraph  \">Un cluster de l\u00e9gionellose d\u2019une envergure inhabituelle a \u00e9t\u00e9 identifi\u00e9 \u00e0 Albertville, en Savoie. <a href=\"https:\/\/www.lemonde.fr\/societe\/article\/2025\/09\/24\/legionellose-six-cas-recenses-en-haute-saone-dont-deux-mortels_6642832_3224.html\" rel=\"nofollow noopener\" target=\"_blank\">Quarante-cinq\u00a0cas ont \u00e9t\u00e9 diagnostiqu\u00e9s<\/a> de cette maladie provoqu\u00e9e par des bact\u00e9ries du genre Legionella, aussi commun\u00e9ment appel\u00e9es l\u00e9gionelles. Une personne est morte, ont fait savoir les autorit\u00e9s mardi 23\u00a0septembre.<\/p>\n<p class=\"article__paragraph  \">\u00ab\u00a0Un cluster de la taille de celui d\u2019Albertville, c\u2019est exceptionnel, souligne Nathalie Grangeret, directrice d\u00e9l\u00e9gu\u00e9e veille et alertes sanitaires \u00e0 l\u2019Agence de sant\u00e9 r\u00e9gionale (ARS) d\u2019Auvergne-Rh\u00f4ne-Alpes. Il se distingue par un grand nombre de cas sur un temps tr\u00e8s court.\u00a0\u00bb Les sympt\u00f4mes des personnes infect\u00e9es sont en effet tous apparus entre le 8 et le 20\u00a0septembre. Le dernier grand cluster fran\u00e7ais a \u00e9t\u00e9 enregistr\u00e9 \u00e0 Strasbourg en\u00a02020. Une trentaine de cas avaient alors \u00e9t\u00e9 identifi\u00e9s en plusieurs mois.<\/p>\n<p class=\"article__paragraph  \">Entre ao\u00fbt et\u00a0septembre, un deuxi\u00e8me cluster de moindre envergure a \u00e9merg\u00e9 \u00e0 Port-sur-Sa\u00f4ne, en Haute-Sa\u00f4ne, commune de 3\u00a0000\u00a0habitants \u00e0 une quinzaine de kilom\u00e8tres de Vesoul. Six\u00a0personnes ont \u00e9t\u00e9 diagnostiqu\u00e9es et deux\u00a0sont mortes. Aucun lien n\u2019existe entre ces deux\u00a0foyers de contamination, la transmission de la bact\u00e9rie ne se faisant pas d\u2019humain \u00e0 humain, mais principalement \u00e0 travers les syst\u00e8mes d\u2019alimentation en eau. C\u2019est parce que la bact\u00e9rie a originellement \u00e9t\u00e9 identifi\u00e9e apr\u00e8s la contamination de participants \u00e0 un congr\u00e8s d\u2019anciens combattants de l\u2019arm\u00e9e am\u00e9ricaine (American legion) en\u00a01976\u00a0dans un h\u00f4tel de Philadelphie (Pennsylvanie) que la maladie a re\u00e7u son nom de l\u00e9gionellose.<\/p>\n<p class=\"reading-mode-only \"><strong>Il vous reste 72.65% de cet article \u00e0 lire. La suite est r\u00e9serv\u00e9e aux abonn\u00e9s.<\/strong><\/p>\n","protected":false},"excerpt":{"rendered":"Une pancarte pr\u00e9vient de ne pas boire l\u2019eau pour \u00e9viter toute contamination \u00e0 la l\u00e9gionellose \u00e0 Albertville (Savoie),&hellip;\n","protected":false},"author":2,"featured_media":419090,"comment_status":"","ping_status":"","sticky":false,"template":"","format":"standard","meta":{"footnotes":""},"categories":[1888],"tags":[1111,1928,11,1927,1777,674,1011,27,12,1926,626,1925,25],"class_list":{"0":"post-419089","1":"post","2":"type-post","3":"status-publish","4":"format-standard","5":"has-post-thumbnail","7":"category-paris","8":"tag-actu","9":"tag-actu-paris","10":"tag-actualites","11":"tag-actualites-paris","12":"tag-eu","13":"tag-europe","14":"tag-fr","15":"tag-france","16":"tag-news","17":"tag-news-paris","18":"tag-paris","19":"tag-paris-news","20":"tag-republique-francaise"},"share_on_mastodon":{"url":"https:\/\/pubeurope.com\/@fr\/115271026969954129","error":""},"_links":{"self":[{"href":"https:\/\/www.europesays.com\/fr\/wp-json\/wp\/v2\/posts\/419089","targetHints":{"allow":["GET"]}}],"collection":[{"href":"https:\/\/www.europesays.com\/fr\/wp-json\/wp\/v2\/posts"}],"about":[{"href":"https:\/\/www.europesays.com\/fr\/wp-json\/wp\/v2\/types\/post"}],"author":[{"embeddable":true,"href":"https:\/\/www.europesays.com\/fr\/wp-json\/wp\/v2\/users\/2"}],"replies":[{"embeddable":true,"href":"https:\/\/www.europesays.com\/fr\/wp-json\/wp\/v2\/comments?post=419089"}],"version-history":[{"count":0,"href":"https:\/\/www.europesays.com\/fr\/wp-json\/wp\/v2\/posts\/419089\/revisions"}],"wp:featuredmedia":[{"embeddable":true,"href":"https:\/\/www.europesays.com\/fr\/wp-json\/wp\/v2\/media\/419090"}],"wp:attachment":[{"href":"https:\/\/www.europesays.com\/fr\/wp-json\/wp\/v2\/media?parent=419089"}],"wp:term":[{"taxonomy":"category","embeddable":true,"href":"https:\/\/www.europesays.com\/fr\/wp-json\/wp\/v2\/categories?post=419089"},{"taxonomy":"post_tag","embeddable":true,"href":"https:\/\/www.europesays.com\/fr\/wp-json\/wp\/v2\/tags?post=419089"}],"curies":[{"name":"wp","href":"https:\/\/api.w.org\/{rel}","templated":true}]}}