{"id":419091,"date":"2025-09-26T14:17:10","date_gmt":"2025-09-26T14:17:10","guid":{"rendered":"https:\/\/www.europesays.com\/fr\/419091\/"},"modified":"2025-09-26T14:17:10","modified_gmt":"2025-09-26T14:17:10","slug":"paris-un-classico-a-larena-du-pays-daix","status":"publish","type":"post","link":"https:\/\/www.europesays.com\/fr\/419091\/","title":{"rendered":"Paris : un classico \u00e0 l&rsquo;Arena du Pays d&rsquo;Aix"},"content":{"rendered":"<p>Le d\u00e9but de saison du PAUC a \u00e9t\u00e9 marqu\u00e9 par deux d\u00e9faites frustrantes face \u00e0 Chartres et Cesson. Des accrocs qui obligent les Aixois \u00e0 r\u00e9agir rapidement s\u2019ils veulent rester en course pour une qualification europ\u00e9enne en fin d\u2019exercice. L\u2019effectif, renforc\u00e9 par un mercato ambitieux avec notamment l\u2019arriv\u00e9e d\u2019Aymeric Zaepfel, doit d\u00e9sormais trouver son rythme. Rien de tel qu\u2019une confrontation avec le PSG, r\u00e9f\u00e9rence du handball fran\u00e7ais, pour se lib\u00e9rer et cr\u00e9er un d\u00e9clic.<br \/>&#13;<br \/>\nEn face, le Paris Saint-Germain vit un d\u00e9but de saison contrast\u00e9. Battus par Montpellier lors du Troph\u00e9e des Champions puis \u00e0 Magdeburg en Ligue des Champions, les Parisiens ont redress\u00e9 la barre en championnat. Mais leur derni\u00e8re sortie contre N\u00eemes a laiss\u00e9 des doutes : jamais vraiment \u00e0 l\u2019abri, les hommes de Stefan Madsen ont pein\u00e9 \u00e0 faire la diff\u00e9rence et ont vu les Crocos flirter avec l\u2019exploit. Le d\u00e9placement \u00e0 Aix sera donc l\u2019occasion de rassurer et de confirmer leur statut de favori.<\/p>\n<p>L\u2019un des regards sera forc\u00e9ment tourn\u00e9 vers Karl Konan. Apr\u00e8s sept saisons pass\u00e9es au PAUC, puis trois ann\u00e9es \u00e0 Montpellier, le roc d\u00e9fensif de l\u2019\u00e9quipe de France a choisi de rejoindre l\u2019effectif parisien cet \u00e9t\u00e9. Son retour \u00e0 l\u2019Arena du Pays d&rsquo;Aix ne manquera pas de saveur. Ironie de l\u2019histoire : Konan faisait partie de la derni\u00e8re \u00e9quipe aixoise \u00e0 avoir fait tomber Paris en championnat, le 22 novembre 2017. Ce soir-l\u00e0, le PAUC s\u2019\u00e9tait impos\u00e9 33-31 dans une rencontre m\u00e9morable, avec un Aymeric Minne intenable, auteur de neuf buts. Une page d\u2019histoire que les supporters proven\u00e7aux n\u2019ont pas oubli\u00e9e.<\/p>\n<p>Avant le coup d\u2019envoi du choc de la 4\u1d49 journ\u00e9e, la solidarit\u00e9 sera au rendez-vous. D\u00e8s 14h30, le public pourra assister \u00e0 un match de football caritatif in\u00e9dit entre l\u00e9gendes du football. Un 5 contre 5 de prestige organis\u00e9 au profit de deux associations : 9 de c\u0153ur de Jean-Pierre Papin et ZE Charity de Ronald Zubar. L\u2019\u00e9v\u00e9nement r\u00e9unira plusieurs grandes figures du ballon rond? Un pr\u00e9lude festif qui donnera encore plus de relief \u00e0 cette journ\u00e9e, avant de laisser place \u00e0 l\u2019intensit\u00e9 du match.<\/p>\n","protected":false},"excerpt":{"rendered":"Le d\u00e9but de saison du PAUC a \u00e9t\u00e9 marqu\u00e9 par deux d\u00e9faites frustrantes face \u00e0 Chartres et Cesson.&hellip;\n","protected":false},"author":2,"featured_media":419092,"comment_status":"","ping_status":"","sticky":false,"template":"","format":"standard","meta":{"footnotes":""},"categories":[1888],"tags":[1111,1928,11,1927,1777,674,1011,27,12,1926,626,1925,25],"class_list":{"0":"post-419091","1":"post","2":"type-post","3":"status-publish","4":"format-standard","5":"has-post-thumbnail","7":"category-paris","8":"tag-actu","9":"tag-actu-paris","10":"tag-actualites","11":"tag-actualites-paris","12":"tag-eu","13":"tag-europe","14":"tag-fr","15":"tag-france","16":"tag-news","17":"tag-news-paris","18":"tag-paris","19":"tag-paris-news","20":"tag-republique-francaise"},"share_on_mastodon":{"url":"https:\/\/pubeurope.com\/@fr\/115271030836411748","error":""},"_links":{"self":[{"href":"https:\/\/www.europesays.com\/fr\/wp-json\/wp\/v2\/posts\/419091","targetHints":{"allow":["GET"]}}],"collection":[{"href":"https:\/\/www.europesays.com\/fr\/wp-json\/wp\/v2\/posts"}],"about":[{"href":"https:\/\/www.europesays.com\/fr\/wp-json\/wp\/v2\/types\/post"}],"author":[{"embeddable":true,"href":"https:\/\/www.europesays.com\/fr\/wp-json\/wp\/v2\/users\/2"}],"replies":[{"embeddable":true,"href":"https:\/\/www.europesays.com\/fr\/wp-json\/wp\/v2\/comments?post=419091"}],"version-history":[{"count":0,"href":"https:\/\/www.europesays.com\/fr\/wp-json\/wp\/v2\/posts\/419091\/revisions"}],"wp:featuredmedia":[{"embeddable":true,"href":"https:\/\/www.europesays.com\/fr\/wp-json\/wp\/v2\/media\/419092"}],"wp:attachment":[{"href":"https:\/\/www.europesays.com\/fr\/wp-json\/wp\/v2\/media?parent=419091"}],"wp:term":[{"taxonomy":"category","embeddable":true,"href":"https:\/\/www.europesays.com\/fr\/wp-json\/wp\/v2\/categories?post=419091"},{"taxonomy":"post_tag","embeddable":true,"href":"https:\/\/www.europesays.com\/fr\/wp-json\/wp\/v2\/tags?post=419091"}],"curies":[{"name":"wp","href":"https:\/\/api.w.org\/{rel}","templated":true}]}}