{"id":41910,"date":"2025-04-21T16:31:25","date_gmt":"2025-04-21T16:31:25","guid":{"rendered":"https:\/\/www.europesays.com\/fr\/41910\/"},"modified":"2025-04-21T16:31:25","modified_gmt":"2025-04-21T16:31:25","slug":"cest-quoi-ce-batiment-a-10-millions-deuros-qui-doit-sortir-de-terre","status":"publish","type":"post","link":"https:\/\/www.europesays.com\/fr\/41910\/","title":{"rendered":"c&rsquo;est quoi ce b\u00e2timent \u00e0 10 millions d&rsquo;euros qui doit sortir de terre\u00a0?"},"content":{"rendered":"<p>            Par<br \/>\n        <strong><br \/>\n            <a href=\"https:\/\/actu.fr\/auteur\/ivan-capecchi\" title=\"Consulter tous les articles de Ivan CAPECCHI\" target=\"_blank\" rel=\"noopener\">Ivan CAPECCHI<\/a><br \/>\n        <\/strong><\/p>\n<p>        Publi\u00e9 le<\/p>\n<p>            21 avr. 2025 \u00e0 17h51        <\/p>\n<p>Le 17 avril 2025, le <a href=\"https:\/\/actu.fr\/tag\/chru-de-nancy\" target=\"_blank\" rel=\"noopener\">CHRU de Nancy<\/a> a franchi une nouvelle \u00e9tape dans la mise en \u0153uvre de son projet de <a href=\"https:\/\/actu.fr\/grand-est\/nancy_54395\/un-projet-hors-norme-le-nouveau-visage-du-chru-de-nancy-vient-d-etre-devoile-decouvrez-le-en-images_62029861.html\" target=\"_blank\" rel=\"noopener\">reconfiguration du site hospitalier sur Brabois<\/a> avec la signature du march\u00e9 de ma\u00eetrise d\u2019\u0153uvre pour la future <strong>Pharmacie \u00e0 usage int\u00e9rieur (PUI)<\/strong>.<\/p>\n<p>La PUI, un maillon cl\u00e9 du fonctionnement hospitalier<\/p>\n<p class=\" wall-content\">Selon un communiqu\u00e9 du CHRU de Nancy, la PUI est un <strong>maillon cl\u00e9 du fonctionnement hospitalier<\/strong>.<\/p>\n<p class=\" wall-content\">Elle permet notamment l&rsquo;\u00a0\u00bb<strong>approvisionnement, la pr\u00e9paration, le contr\u00f4le et la dispensation des m\u00e9dicaments et dispositifs m\u00e9dicaux st\u00e9riles<\/strong>\u00ab\u00a0, des \u00ab\u00a0<strong>actions de pharmacie clinique et d\u2019\u00e9ducation th\u00e9rapeutique du patient<\/strong>\u00a0\u00bb ou encore une \u00ab\u00a0<strong>s\u00e9curisation du circuit du m\u00e9dicament<\/strong>\u00ab\u00a0.<\/p>\n<p class=\" wall-content\">\u00ab\u00a0Le CHRU dispose actuellement d\u2019une pharmacie unique multi-sites (Brabois, Central, Maternit\u00e9, Centre \u00c9mile Gall\u00e9), comprenant \u00e9galement deux services de st\u00e9rilisation et un service de radiopharmacie. <strong>La nouvelle PUI viendra rationaliser et moderniser cette organisation, au b\u00e9n\u00e9fice des professionnels et des patients<\/strong>\u00ab\u00a0, promet le communiqu\u00e9.<\/p>\n<p>Vid\u00e9os : en ce moment sur ActuL\u2019une des premi\u00e8res \u00e9tapes concr\u00e8tes du chantier du NHN<\/p>\n<p class=\" wall-content\">Le projet s\u2019inscrit dans une <strong>vaste op\u00e9ration de reconfiguration du site hospitalier de Brabois<\/strong>, pr\u00e9vue en quatre phases.<\/p>\n<p class=\" wall-content\">Cette pharmacie constitue <strong>l\u2019une des premi\u00e8res \u00e9tapes concr\u00e8tes du chantier du NHN<\/strong>, qui vise \u00e0 moderniser l\u2019ensemble de l\u2019infrastructure hospitali\u00e8re.<\/p>\n<p>Un projet \u00e0 10 millions d\u2019euros<\/p>\n<p class=\" wall-content\">Le co\u00fbt de l\u2019op\u00e9ration est estim\u00e9 \u00e0 <strong>10 millions d\u2019euros<\/strong>.<\/p>\n<p class=\" wall-content\">La date de livraison du b\u00e2timent n\u2019est pas encore connue.<\/p>\n<p class=\" wall-content\">Suivez toute l\u2019actualit\u00e9 de vos villes et m\u00e9dias favoris en vous inscrivant \u00e0 <a href=\"https:\/\/moncompte.actu.fr\" title=\"D\u00e9couvez Mon Actu\" rel=\"nofollow noopener\" data-trk=\"{&quot;cta&quot;:{&quot;action&quot;:&quot;https:\\\/\\\/moncompte.actu.fr&quot;,&quot;category&quot;:&quot;mon compte&quot;,&quot;from&quot;:&quot;article footer&quot;,&quot;name&quot;:&quot;Mon actu&quot;,&quot;type&quot;:&quot;cta&quot;}}\" target=\"_blank\">Mon Actu<\/a>.<\/p>\n","protected":false},"excerpt":{"rendered":"Par Ivan CAPECCHI Publi\u00e9 le 21 avr. 2025 \u00e0 17h51 Le 17 avril 2025, le CHRU de Nancy&hellip;\n","protected":false},"author":2,"featured_media":41911,"comment_status":"","ping_status":"","sticky":false,"template":"","format":"standard","meta":{"footnotes":""},"categories":[9635],"tags":[1111,11,12765,1777,674,1011,27,775,1702,12,25,71,104],"class_list":{"0":"post-41910","1":"post","2":"type-post","3":"status-publish","4":"format-standard","5":"has-post-thumbnail","7":"category-nancy","8":"tag-actu","9":"tag-actualites","10":"tag-chru-de-nancy","11":"tag-eu","12":"tag-europe","13":"tag-fr","14":"tag-france","15":"tag-grand-est","16":"tag-nancy","17":"tag-news","18":"tag-republique-francaise","19":"tag-sante","20":"tag-societe"},"share_on_mastodon":{"url":"https:\/\/pubeurope.com\/@fr\/114376912584297530","error":""},"_links":{"self":[{"href":"https:\/\/www.europesays.com\/fr\/wp-json\/wp\/v2\/posts\/41910","targetHints":{"allow":["GET"]}}],"collection":[{"href":"https:\/\/www.europesays.com\/fr\/wp-json\/wp\/v2\/posts"}],"about":[{"href":"https:\/\/www.europesays.com\/fr\/wp-json\/wp\/v2\/types\/post"}],"author":[{"embeddable":true,"href":"https:\/\/www.europesays.com\/fr\/wp-json\/wp\/v2\/users\/2"}],"replies":[{"embeddable":true,"href":"https:\/\/www.europesays.com\/fr\/wp-json\/wp\/v2\/comments?post=41910"}],"version-history":[{"count":0,"href":"https:\/\/www.europesays.com\/fr\/wp-json\/wp\/v2\/posts\/41910\/revisions"}],"wp:featuredmedia":[{"embeddable":true,"href":"https:\/\/www.europesays.com\/fr\/wp-json\/wp\/v2\/media\/41911"}],"wp:attachment":[{"href":"https:\/\/www.europesays.com\/fr\/wp-json\/wp\/v2\/media?parent=41910"}],"wp:term":[{"taxonomy":"category","embeddable":true,"href":"https:\/\/www.europesays.com\/fr\/wp-json\/wp\/v2\/categories?post=41910"},{"taxonomy":"post_tag","embeddable":true,"href":"https:\/\/www.europesays.com\/fr\/wp-json\/wp\/v2\/tags?post=41910"}],"curies":[{"name":"wp","href":"https:\/\/api.w.org\/{rel}","templated":true}]}}