{"id":419103,"date":"2025-09-26T14:23:10","date_gmt":"2025-09-26T14:23:10","guid":{"rendered":"https:\/\/www.europesays.com\/fr\/419103\/"},"modified":"2025-09-26T14:23:10","modified_gmt":"2025-09-26T14:23:10","slug":"meta-met-en-place-un-abonnement-payant-sans-publicite-au-royaume-uni","status":"publish","type":"post","link":"https:\/\/www.europesays.com\/fr\/419103\/","title":{"rendered":"Meta met en place un abonnement payant sans publicit\u00e9 au Royaume-Uni"},"content":{"rendered":"<p class=\"fig-paragraph\">Le g\u00e9ant am\u00e9ricain\u00a0<a href=\"http:\/\/www.lefigaro.fr\/secteur\/high-tech\/arnaques-financieres-en-ligne-l-ue-va-verifier-comment-meta-apple-microsoft-et-booking-protegent-leurs-utilisateurs-20250923\" target=\"_blank\" data-fig-type=\"NewsFlash\" rel=\"noopener\" data-gtm-custom-categorie=\"navigation\" data-gtm-custom-action=\"crossclick\" data-gtm-custom-label=\"Contextuel\" data-gtm-event=\"customEventSPE\" data-fig-domain=\"LEFIGARO\">Meta<\/a>\u00a0a annonc\u00e9 vendredi le lancement d&rsquo;abonnements payants sans publicit\u00e9 au Royaume-Uni sur ses plateformes Facebook et Instagram, comme cela se fait d\u00e9j\u00e0 dans l&rsquo;Union europ\u00e9enne, pour se mettre en conformit\u00e9 avec la l\u00e9gislation. \u00abDans les prochaines semaines, en r\u00e9ponse aux r\u00e9centes directives r\u00e9glementaires du Royaume-Uni et apr\u00e8s d&rsquo;\u00e9troites consultations\u00bb avec le r\u00e9gulateur britannique de la protection des donn\u00e9es (ICO), \u00abnous proposerons au Royaume-Uni un abonnement permettant de supprimer les publicit\u00e9s\u00bb, selon un communiqu\u00e9 de Meta.<\/p>\n<p class=\"fig-paragraph\">Les utilisateurs r\u00e9sidant au Royaume-Uni pourront choisir entre continuer \u00e0 utiliser Facebook et Instagram gratuitement tout en acceptant des publicit\u00e9s personnalis\u00e9es, ou souscrire un abonnement pour ne plus voir de publicit\u00e9s. L&rsquo;abonnement co\u00fbtera 2,99 livres (3,42 euros) par mois via les navigateurs web ou 3,99 livres (4,57 euros) sur les applications mobiles &#8211; soit moins que les abonnements dans l&rsquo;UE, propos\u00e9s \u00e0 partir de 5,99 euros par mois.<\/p>\n<p>                                    <a class=\"fig-a11y-skip a11y-hidden\" href=\"#fig-a11y-skip-main-inarticle\"><br \/>\n        Passer la publicit\u00e9<br \/>\n    <\/a><\/p>\n<p class=\"fig-paragraph\">Meta avait instaur\u00e9 cet abonnement sans publicit\u00e9 dans l&rsquo;UE fin 2023 pour se mettre en conformit\u00e9 avec les r\u00e8gles europ\u00e9ennes sur le traitement des donn\u00e9es personnelles, qui lui ont d\u00e9j\u00e0 valu plusieurs condamnations et amendes. Saluant \u00abl&rsquo;approche constructive\u00bb britannique vendredi, Meta a en parall\u00e8le critiqu\u00e9 dans son communiqu\u00e9 les \u00abexigences excessives\u00bb dans l&rsquo;UE, o\u00f9 il a d\u00fb mettre en place une option suppl\u00e9mentaire avec des publicit\u00e9s \u00abmoins personnalis\u00e9es\u00bb.<\/p>\n<p class=\"fig-paragraph\">L&rsquo;ICO britannique a lui aussi \u00absalu\u00e9\u00bb vendredi l&rsquo;annonce d&rsquo;un abonnement sans publicit\u00e9 qui \u00abpermet \u00e0 Meta de se conformer \u00e0 la l\u00e9gislation britannique\u00bb, se f\u00e9licitant aussi d&rsquo;avoir obtenu un prix \u00abconsid\u00e9rablement r\u00e9duit\u00bb par rapport aux propositions initiales du groupe am\u00e9ricain, et \u00abpresque deux fois inf\u00e9rieur \u00e0 celui des utilisateurs de l&rsquo;UE\u00bb.<\/p>\n","protected":false},"excerpt":{"rendered":"Le g\u00e9ant am\u00e9ricain\u00a0Meta\u00a0a annonc\u00e9 vendredi le lancement d&rsquo;abonnements payants sans publicit\u00e9 au Royaume-Uni sur ses plateformes Facebook et&hellip;\n","protected":false},"author":2,"featured_media":419104,"comment_status":"","ping_status":"","sticky":false,"template":"","format":"standard","meta":{"footnotes":""},"categories":[1588],"tags":[11,1777,674,1016,12,1834,473,1853,1851,1850,1852],"class_list":{"0":"post-419103","1":"post","2":"type-post","3":"status-publish","4":"format-standard","5":"has-post-thumbnail","7":"category-royaume-uni","8":"tag-actualites","9":"tag-eu","10":"tag-europe","11":"tag-meta","12":"tag-news","13":"tag-publicite","14":"tag-royaume-uni","15":"tag-royaume-uni-de-grande-bretagne-et-dirlande-du-nord","16":"tag-uk","17":"tag-united-kingdom","18":"tag-united-kingdom-of-great-britain-and-northern-ireland"},"share_on_mastodon":{"url":"https:\/\/pubeurope.com\/@fr\/115271054447580771","error":""},"_links":{"self":[{"href":"https:\/\/www.europesays.com\/fr\/wp-json\/wp\/v2\/posts\/419103","targetHints":{"allow":["GET"]}}],"collection":[{"href":"https:\/\/www.europesays.com\/fr\/wp-json\/wp\/v2\/posts"}],"about":[{"href":"https:\/\/www.europesays.com\/fr\/wp-json\/wp\/v2\/types\/post"}],"author":[{"embeddable":true,"href":"https:\/\/www.europesays.com\/fr\/wp-json\/wp\/v2\/users\/2"}],"replies":[{"embeddable":true,"href":"https:\/\/www.europesays.com\/fr\/wp-json\/wp\/v2\/comments?post=419103"}],"version-history":[{"count":0,"href":"https:\/\/www.europesays.com\/fr\/wp-json\/wp\/v2\/posts\/419103\/revisions"}],"wp:featuredmedia":[{"embeddable":true,"href":"https:\/\/www.europesays.com\/fr\/wp-json\/wp\/v2\/media\/419104"}],"wp:attachment":[{"href":"https:\/\/www.europesays.com\/fr\/wp-json\/wp\/v2\/media?parent=419103"}],"wp:term":[{"taxonomy":"category","embeddable":true,"href":"https:\/\/www.europesays.com\/fr\/wp-json\/wp\/v2\/categories?post=419103"},{"taxonomy":"post_tag","embeddable":true,"href":"https:\/\/www.europesays.com\/fr\/wp-json\/wp\/v2\/tags?post=419103"}],"curies":[{"name":"wp","href":"https:\/\/api.w.org\/{rel}","templated":true}]}}