{"id":419109,"date":"2025-09-26T14:26:11","date_gmt":"2025-09-26T14:26:11","guid":{"rendered":"https:\/\/www.europesays.com\/fr\/419109\/"},"modified":"2025-09-26T14:26:11","modified_gmt":"2025-09-26T14:26:11","slug":"inde-australie-emirats-arabes-unis-en-dehors-du-mercosur-ces-autres-accords-commerciaux-sur-lesquels-lue-planche","status":"publish","type":"post","link":"https:\/\/www.europesays.com\/fr\/419109\/","title":{"rendered":"Inde, Australie, \u00c9mirats arabes unis&#8230; En dehors du Mercosur, ces autres accords commerciaux sur lesquels l\u2019UE planche"},"content":{"rendered":"<p>Alors que l\u2019accord avec les pays du Mercosur continue de susciter la col\u00e8re des agriculteurs fran\u00e7ais, Bruxelles intensifie les n\u00e9gociations commerciales avec d\u2019autres pays. Une mani\u00e8re pour l\u2019UE, rudoy\u00e9e par son partenaire am\u00e9ricain, de trouver d\u2019autres d\u00e9bouch\u00e9s pour ses produits.<\/p>\n<p class=\"fig-paragraph\">Si l\u2019accord de libre-\u00e9change entre l\u2019UE et les pays du Mercosur suscite la col\u00e8re des agriculteurs,\u00a0<a href=\"https:\/\/www.lefigaro.fr\/actualite-france\/en-direct-les-agriculteurs-mobilises-pour-denoncer-des-importations-aberrantes-20250926\" target=\"_blank\" data-fig-type=\"Live\" rel=\"noopener\" data-gtm-custom-categorie=\"navigation\" data-gtm-custom-action=\"crossclick\" data-gtm-custom-label=\"Contextuel\" data-gtm-event=\"customEventSPE\" data-fig-domain=\"LEFIGARO\">qui se mobilisent \u00e0 nouveau contre ce trait\u00e9 ce vendredi 26 septembre<\/a>, l\u2019Union europ\u00e9enne ne limite pas son action commerciale \u00e0 l\u2019Am\u00e9rique latine. Alors que les cartes du commerce mondial sont rebattues, notamment sous la pression de la Chine et des \u00c9tats-Unis, Bruxelles diversifie ses d\u00e9bouch\u00e9s et cherche de nouveaux partenaires. Ces dix derni\u00e8res ann\u00e9es, d\u00e9j\u00e0, de nombreux accords ont \u00e9t\u00e9 sign\u00e9s et sont entr\u00e9s en vigueur\u00a0: avec la Cor\u00e9e du Sud (2015), la G\u00e9orgie (2016), la Moldavie (2016) l\u2019Ukraine (2017), le Japon (2019), Singapour (2019), le Vietnam (2020), le Royaume-Uni (2021), et plus r\u00e9cemment avec la Nouvelle-Z\u00e9lande (2024) et le Chili (2024).<\/p>\n<p class=\"fig-paragraph\">Mardi, c\u2019est avec l\u2019Indon\u00e9sie que l\u2019UE\u00a0<a href=\"http:\/\/www.lefigaro.fr\/conjoncture\/nickel-cobalt-et-huile-de-palme-au-coeur-de-l-accord-commercial-entre-l-europe-et-l-indonesie-20250923\" target=\"_blank\" data-fig-type=\"Article\" rel=\"noopener\" data-gtm-custom-categorie=\"navigation\" data-gtm-custom-action=\"crossclick\" data-gtm-custom-label=\"Contextuel\" data-gtm-event=\"customEventSPE\" data-fig-domain=\"LEFIGARO\">a conclu un accord commercial<\/a>. D\u2019autres sont toujours en attente d\u2019une signature ou d\u2019une ratification, comme ceux\u00a0<a href=\"http:\/\/www.lefigaro.fr\/conjoncture\/accord-ue-mercosur-la-commission-europeenne-valide-l-accord-et-le-soumet-aux-etats-membres-20250903\" target=\"_blank\" data-fig-type=\"NewsFlash\" rel=\"noopener\" data-gtm-custom-categorie=\"navigation\" data-gtm-custom-action=\"crossclick\" data-gtm-custom-label=\"Contextuel\" data-gtm-event=\"customEventSPE\" data-fig-domain=\"LEFIGARO\">avec le Mercosur<\/a>\u00a0ou le Mexique. Pour certains, les n\u00e9gociations sont toujours en cours. Ces derni\u00e8res ont, pour beaucoup, repris ou \u00e9t\u00e9 acc\u00e9l\u00e9r\u00e9es par la hausse des droits de douane am\u00e9ricains sur les produits europ\u00e9ens import\u00e9s, ent\u00e9rin\u00e9e dans l\u2019accord conclu entre Bruxelles et Washington fin juillet. Le Figaro fait le point sur ces accords qui en sont toujours \u00e0 l\u2019\u00e9tape des n\u00e9gociations.<\/p>\n<p>                                    <a class=\"fig-a11y-skip a11y-hidden\" href=\"#fig-a11y-skip-main-inarticle\"><br \/>\n        Passer la publicit\u00e9<br \/>\n    <\/a><\/p>\n<p><strong>L\u2019Inde<\/strong><\/p>\n<p class=\"fig-paragraph\">Pour l\u2019Inde, l\u2019UE est un acteur incontournable\u00a0: le Vieux Continent est le premier partenaire commercial du pays asiatique de 1,4 milliard d\u2019habitants (124 milliards d\u2019euros d\u2019\u00e9changes de biens en 2023, soit 12,2% du commerce total indien). Quant \u00e0 l\u2019Inde, elle est le neuvi\u00e8me partenaire commercial de l\u2019UE (2,2% du commerce total de biens de l\u2019UE en 2023), selon le site officiel de la Commission europ\u00e9enne.<\/p>\n<p class=\"fig-paragraph\">Les discussions sur un accord commercial entre Bruxelles et New Delhi, ouvertes en 2007, n\u2019ont cess\u00e9 de pi\u00e9tiner. Mais la pression commerciale de la Chine et des \u00c9tats-Unis a pouss\u00e9 l\u2019UE \u00e0 d\u00e9voiler une nouvelle strat\u00e9gie en septembre dernier. L\u2019objectif du trait\u00e9 en discussions est d\u2019aider les petites entreprises europ\u00e9ennes \u00e0 exporter davantage vers l\u2019Inde. L\u2019UE propose notamment des accords dans certains secteurs, tels que les nouvelles technologies, le transport a\u00e9rien, la finance durable et l\u2019industrie de d\u00e9fense. Un accord est\u00a0<a href=\"http:\/\/www.lefigaro.fr\/conjoncture\/l-inde-et-l-ue-veulent-conclure-un-accord-de-libre-echange-d-ici-la-fin-2025-20250228\" target=\"_blank\" data-fig-type=\"NewsFlash\" rel=\"noopener\" data-gtm-custom-categorie=\"navigation\" data-gtm-custom-action=\"crossclick\" data-gtm-custom-label=\"Contextuel\" data-gtm-event=\"customEventSPE\" data-fig-domain=\"LEFIGARO\">esp\u00e9r\u00e9 d\u2019ici la fin de l\u2019ann\u00e9e<\/a>.<\/p>\n<p class=\"fig-body-link\">\n            \u00c0 lire aussi<br \/>\n        <a class=\"fig-body-link__link fig-premium-mark\" href=\"http:\/\/www.lefigaro.fr\/conjoncture\/l-inde-signe-avec-le-royaume-uni-un-accord-commercial-de-bon-augure-pour-conclure-avec-bruxelles-20250724\" target=\"_blank\" data-fig-type=\"Article\" rel=\"noopener\" data-gtm-custom-categorie=\"navigation\" data-gtm-custom-action=\"crossclick\" data-gtm-custom-label=\"Contextuel\" data-gtm-event=\"customEventSPE\" data-fig-domain=\"LEFIGARO\">L\u2019Inde signe avec le Royaume-Uni un accord commercial\u2026 de bon augure pour conclure avec Bruxelles\u00a0?<br \/>\n    <\/a>\n<\/p>\n<p><strong>Les \u00c9mirats arabes unis<\/strong><\/p>\n<p class=\"fig-paragraph\">Les n\u00e9gociations entam\u00e9es en 1990 entre l\u2019UE et les pays du Conseil de coop\u00e9ration du Golfe (Bahre\u00efn, Kowe\u00eft, Oman, Qatar, Arabie saoudite et \u00c9mirats arabes unis) ont \u00e9t\u00e9 arr\u00eat\u00e9es en 2008. Mais, en mai dernier, Bruxelles et l\u2019un de ces pays, les \u00c9mirats arabes unis,\u00a0<a href=\"http:\/\/www.lefigaro.fr\/conjoncture\/l-ue-et-les-emirats-arabes-unis-vont-lancer-des-negociations-en-vue-d-un-accord-de-libre-echange-20250410\" target=\"_blank\" data-fig-type=\"NewsFlash\" rel=\"noopener\" data-gtm-custom-categorie=\"navigation\" data-gtm-custom-action=\"crossclick\" data-gtm-custom-label=\"Contextuel\" data-gtm-event=\"customEventSPE\" data-fig-domain=\"LEFIGARO\">ont officiellement lanc\u00e9 des n\u00e9gociations<\/a>\u00a0en vue d\u2019un accord de libre-\u00e9change bilat\u00e9ral. Elles \u00abporteront sur la r\u00e9duction des droits de douane sur les biens, ainsi que sur la facilitation des services, du commerce num\u00e9rique et des flux d\u2019investissements\u00bb, indiquait la Commission europ\u00e9enne.<\/p>\n<p><strong>L\u2019Asie du Sud-Est<\/strong><\/p>\n<p class=\"fig-paragraph\">Des discussions ont d\u00e9but\u00e9 dans les ann\u00e9es 2000 entre l\u2019UE et l\u2019Asean (Association des nations de l\u2019Asie du Sud-Est). Mais les n\u00e9gociations patinant, ce sont surtout des accords bilat\u00e9raux qui ont \u00e9t\u00e9 conclus, comme avec Singapour en 2019 ou le Vietnam en 2020. \u00abL\u2019UE s\u2019efforce de mettre en place un cadre d\u2019accords commerciaux\u00a0<a href=\"http:\/\/www.lefigaro.fr\/flash-eco\/le-commissaire-europeen-au-commerce-annonce-l-acceleration-des-negociations-de-libre-echange-avec-l-asie-20250507\" target=\"_blank\" data-fig-type=\"NewsFlash\" rel=\"noopener\" data-gtm-custom-categorie=\"navigation\" data-gtm-custom-action=\"crossclick\" data-gtm-custom-label=\"Contextuel\" data-gtm-event=\"customEventSPE\" data-fig-domain=\"LEFIGARO\">avec les membres de l\u2019Association des nations de l\u2019Asie du Sud-Est (Asean)<\/a> . L\u2019objectif est que les accords bilat\u00e9raux conclus avec des pays individuels de l\u2019Asean servent de base \u00e0 un futur accord r\u00e9gional UE-Asean\u00bb, indique la Commission europ\u00e9enne.<\/p>\n<p class=\"fig-paragraph\">Toujours dans l\u2019optique de diversifier ses partenaires commerciaux, l\u2019UE a relanc\u00e9 les discussions avec la Malaisie en janvier 2025 en vue d\u2019un accord de libre-\u00e9change, alors que celles-ci \u00e9taient suspendues depuis 2012. \u00abCette excellente nouvelle arrive \u00e0 un moment critique. Les tensions g\u00e9opolitiques sont en hausse et le risque d\u2019instabilit\u00e9 grandit\u00bb, avait soulign\u00e9 la pr\u00e9sidente de la Commission europ\u00e9enne, Ursula von der Leyen. Les \u00e9changes commerciaux entre l\u2019UE et la Malaisie repr\u00e9sentent 45 milliards d\u2019euros par an.<\/p>\n<p>                                    <a class=\"fig-a11y-skip a11y-hidden\" href=\"#fig-a11y-skip-main-inarticle_mtf\"><br \/>\n        Passer la publicit\u00e9<br \/>\n    <\/a><\/p>\n<p class=\"fig-paragraph\">En mars 2024, le Vieux Continent et les Philippines avaient d\u00e9j\u00e0 repris les n\u00e9gociations, lanc\u00e9es en 2015, en vue d\u2019un accord de libre-\u00e9change, apr\u00e8s plusieurs ann\u00e9es d\u2019interruption. Les discussions ont aussi repris avec la Tha\u00eflande en 2023. Elles avaient d\u00e9marr\u00e9 en 2013 mais avaient \u00e9t\u00e9 suspendues.<\/p>\n<p><strong>L\u2019Australie<\/strong><\/p>\n<p class=\"fig-paragraph\">Alors que les pourparlers \u00e9taient au point mort depuis deux ans, l\u2019UE et le premier ministre australien Anthony Albanese ont confirm\u00e9 en mai dernier reprendre leurs n\u00e9gociations. Comme avec le Mercosur, les Europ\u00e9ens restent m\u00e9fiants, notamment en ce qui concerne la viande de b\u0153uf ou d\u2019agneau produite par les Australiens. Mais ils restent attir\u00e9s par les min\u00e9raux strat\u00e9giques australiens, qui permettraient de diminuer leur d\u00e9pendance vis-\u00e0-vis de la Chine et de la Russie.<\/p>\n<p class=\"fig-paragraph\">Au vu du contexte international et de la politique commerciale de Washington, ces n\u00e9gociations \u00e9pineuses avec l\u2019Australie ont des chances d\u2019aboutir. \u00abLes \u00c9tats-Unis sous\u00a0<a href=\"http:\/\/www.lefigaro.fr\/international\/donald-trump-annonce-de-nouveaux-droits-de-douane-sur-les-medicaments-les-poids-lourds-et-les-meubles-20250926\" target=\"_blank\" data-fig-type=\"NewsFlash\" rel=\"noopener\" data-gtm-custom-categorie=\"navigation\" data-gtm-custom-action=\"crossclick\" data-gtm-custom-label=\"Contextuel\" data-gtm-event=\"customEventSPE\" data-fig-domain=\"LEFIGARO\">Donald Trump<\/a> \u00a0sont devenus si peu fiables, ces alliances commencent \u00e0 rev\u00eatir une importance strat\u00e9gique beaucoup plus importante\u00bb, explique aux \u00c9chos Markus Wagner, professeur de droit commercial international \u00e0 l\u2019universit\u00e9 de Wollongong (Australie).<\/p>\n<p class=\"fig-body-link\">\n            \u00c0 lire aussi<br \/>\n        <a class=\"fig-body-link__link fig-premium-mark\" href=\"http:\/\/www.lefigaro.fr\/conjoncture\/un-steak-de-boeuf-par-europeen-tous-les-quatre-ans-seulement-l-australie-rassure-l-europe-sur-le-projet-d-accord-commercial-20250606\" target=\"_blank\" data-fig-type=\"Article\" rel=\"noopener\" data-gtm-custom-categorie=\"navigation\" data-gtm-custom-action=\"crossclick\" data-gtm-custom-label=\"Contextuel\" data-gtm-event=\"customEventSPE\" data-fig-domain=\"LEFIGARO\">\u00abUn steak de b\u0153uf par Europ\u00e9en tous les quatre ans seulement\u00bb\u00a0: l\u2019Australie rassure l\u2019Europe sur le projet d\u2019accord commercial<br \/>\n    <\/a><\/p>\n","protected":false},"excerpt":{"rendered":"Alors que l\u2019accord avec les pays du Mercosur continue de susciter la col\u00e8re des agriculteurs fran\u00e7ais, Bruxelles intensifie&hellip;\n","protected":false},"author":2,"featured_media":419110,"comment_status":"","ping_status":"","sticky":false,"template":"","format":"standard","meta":{"footnotes":""},"categories":[1586],"tags":[11,1777,674,1779,1011,27,7715,21426,12,25,1778,364],"class_list":{"0":"post-419109","1":"post","2":"type-post","3":"status-publish","4":"format-standard","5":"has-post-thumbnail","7":"category-europe","8":"tag-actualites","9":"tag-eu","10":"tag-europe","11":"tag-european-union","12":"tag-fr","13":"tag-france","14":"tag-libre-echange","15":"tag-mercosur","16":"tag-news","17":"tag-republique-francaise","18":"tag-ue","19":"tag-union-europeenne"},"share_on_mastodon":{"url":"https:\/\/pubeurope.com\/@fr\/115271066222891976","error":""},"_links":{"self":[{"href":"https:\/\/www.europesays.com\/fr\/wp-json\/wp\/v2\/posts\/419109","targetHints":{"allow":["GET"]}}],"collection":[{"href":"https:\/\/www.europesays.com\/fr\/wp-json\/wp\/v2\/posts"}],"about":[{"href":"https:\/\/www.europesays.com\/fr\/wp-json\/wp\/v2\/types\/post"}],"author":[{"embeddable":true,"href":"https:\/\/www.europesays.com\/fr\/wp-json\/wp\/v2\/users\/2"}],"replies":[{"embeddable":true,"href":"https:\/\/www.europesays.com\/fr\/wp-json\/wp\/v2\/comments?post=419109"}],"version-history":[{"count":0,"href":"https:\/\/www.europesays.com\/fr\/wp-json\/wp\/v2\/posts\/419109\/revisions"}],"wp:featuredmedia":[{"embeddable":true,"href":"https:\/\/www.europesays.com\/fr\/wp-json\/wp\/v2\/media\/419110"}],"wp:attachment":[{"href":"https:\/\/www.europesays.com\/fr\/wp-json\/wp\/v2\/media?parent=419109"}],"wp:term":[{"taxonomy":"category","embeddable":true,"href":"https:\/\/www.europesays.com\/fr\/wp-json\/wp\/v2\/categories?post=419109"},{"taxonomy":"post_tag","embeddable":true,"href":"https:\/\/www.europesays.com\/fr\/wp-json\/wp\/v2\/tags?post=419109"}],"curies":[{"name":"wp","href":"https:\/\/api.w.org\/{rel}","templated":true}]}}