{"id":419117,"date":"2025-09-26T14:30:19","date_gmt":"2025-09-26T14:30:19","guid":{"rendered":"https:\/\/www.europesays.com\/fr\/419117\/"},"modified":"2025-09-26T14:30:19","modified_gmt":"2025-09-26T14:30:19","slug":"cote-divoire-golf-25eme-edition-de-lopen-a-yamoussoukro-romaric-djezou-une-fierte-nationale","status":"publish","type":"post","link":"https:\/\/www.europesays.com\/fr\/419117\/","title":{"rendered":"C\u00f4te d&rsquo;Ivoire : Golf, 25\u00e8me \u00e9dition de l&rsquo;Open \u00e0 Yamoussoukro, Romaric Dj\u00e9zou, une fiert\u00e9 nationale"},"content":{"rendered":"<p>\u00a9 Koaci.com &#8211; jeudi 25 septembre 2025 &#8211; 10:16<\/p>\n<p>\u00a0<a href=\"https:\/\/www.koaci.com\/recherche?search=Romaric+Dj%C3%A9zou\" rel=\"nofollow noopener\" target=\"_blank\">Romaric Dj\u00e9zou<\/a><\/p>\n<p>Depuis le lundi 22 septembre 2025,<a href=\"https:\/\/www.koaci.com\/recherche?search=+Yamoussoukro\" rel=\"nofollow noopener\" target=\"_blank\"> Yamoussoukro<\/a> vibre au rythme du golf. La capitale politique de la C\u00f4te d\u2019Ivoire accueille la 25e \u00e9dition de l\u2019Open de C\u00f4te d\u2019Ivoire, un \u00e9v\u00e9nement devenu au fil des ann\u00e9es une r\u00e9f\u00e9rence incontournable du golf africain. Venus des quatre coins du globe, les meilleurs golfeurs s&rsquo;affrontent pour d\u00e9crocher le prestigieux troph\u00e9e. Mais un nom retient particuli\u00e8rement l\u2019attention : <a href=\"https:\/\/www.koaci.com\/recherche?search=Romaric+Dj%C3%A9zou\" rel=\"nofollow noopener\" target=\"_blank\">Romaric Dj\u00e9zou<\/a>.<\/p>\n<p>\u00c0 29 ans, ce talentueux golfeur ivoirien est en train de bouleverser les codes. R\u00e9v\u00e9lation du circuit, il est consid\u00e9r\u00e9 comme le grand favori de cette \u00e9dition. Salu\u00e9 par les sp\u00e9cialistes pour son palmar\u00e8s impressionnant sur le plan national, Dj\u00e9zou impressionne aussi par sa technique fluide et sa ma\u00eetrise du jeu.<\/p>\n<p>Form\u00e9 et perfectionn\u00e9 aux \u00c9tats-Unis, o\u00f9 il a appris \u00e0 renforcer son mental autant que son swing, <a href=\"https:\/\/www.koaci.com\/recherche?search=Romaric+Dj%C3%A9zou\" rel=\"nofollow noopener\" target=\"_blank\">Romaric Dj\u00e9zou<\/a> revient au pays avec une ambition claire : propulser le golf ivoirien sur la sc\u00e8ne internationale. \u00ab La C\u00f4te d\u2019Ivoire est mon pays. Je suis fier de la repr\u00e9senter chaque fois que j\u2019en ai l\u2019occasion \u00bb, confie-t-il avec modestie.<\/p>\n<p><\/p>\n<p>Sur le somptueux parcours du <a href=\"https:\/\/www.koaci.com\/recherche?search=Golf\" rel=\"nofollow noopener\" target=\"_blank\">Golf<\/a> Club Maman Boigny, th\u00e9\u00e2tre de l\u2019\u00e9v\u00e9nement, Dj\u00e9zou encha\u00eene les performances avec une r\u00e9gularit\u00e9 impressionnante. Chaque coup semble \u00e9tudi\u00e9, chaque trajectoire millim\u00e9tr\u00e9e. Pour les spectateurs, l\u2019\u00e9motion est palpable : ils assistent peut-\u00eatre \u00e0 l\u2019\u00e9closion d\u2019une l\u00e9gende.<\/p>\n<p>Quelle que soit l\u2019issue de ce tournoi, <a href=\"https:\/\/www.koaci.com\/recherche?search=Romaric+Dj%C3%A9zou\" rel=\"nofollow noopener\" target=\"_blank\">Romaric Dj\u00e9zou<\/a> a d\u00e9j\u00e0 conquis les c\u0153urs. Par son humilit\u00e9, son \u00e9thique de travail et sa d\u00e9termination \u00e0 d\u00e9mocratiser un sport encore per\u00e7u comme r\u00e9serv\u00e9 \u00e0 une \u00e9lite, il incarne l\u2019espoir d\u2019une nouvelle \u00e8re pour le golf en C\u00f4te d\u2019Ivoire.<\/p>\n<p>\u00c0<a href=\"https:\/\/www.koaci.com\/recherche?search=+Yamoussoukro\" rel=\"nofollow noopener\" target=\"_blank\"> Yamoussoukro<\/a>, cette semaine, il ne s\u2019agit pas simplement de gagner un tournoi. Il s\u2019agit du r\u00eave d\u2019un pays tout entier de voir na\u00eetre son Tiger Woods ivoirien.<\/p>\n<p>Wassimagnon<\/p>\n<p><\/p>\n","protected":false},"excerpt":{"rendered":"\u00a9 Koaci.com &#8211; jeudi 25 septembre 2025 &#8211; 10:16 \u00a0Romaric Dj\u00e9zou Depuis le lundi 22 septembre 2025, Yamoussoukro&hellip;\n","protected":false},"author":2,"featured_media":419118,"comment_status":"","ping_status":"","sticky":false,"template":"","format":"standard","meta":{"footnotes":""},"categories":[1418],"tags":[47,2813,1011,27,1472,1922,10109,10110,60],"class_list":{"0":"post-419117","1":"post","2":"type-post","3":"status-publish","4":"format-standard","5":"has-post-thumbnail","7":"category-golf","8":"tag-actualite","9":"tag-article","10":"tag-fr","11":"tag-france","12":"tag-golf","13":"tag-info","14":"tag-koaci","15":"tag-koaci-cote-d","16":"tag-sports"},"share_on_mastodon":{"url":"https:\/\/pubeurope.com\/@fr\/115271081847641499","error":""},"_links":{"self":[{"href":"https:\/\/www.europesays.com\/fr\/wp-json\/wp\/v2\/posts\/419117","targetHints":{"allow":["GET"]}}],"collection":[{"href":"https:\/\/www.europesays.com\/fr\/wp-json\/wp\/v2\/posts"}],"about":[{"href":"https:\/\/www.europesays.com\/fr\/wp-json\/wp\/v2\/types\/post"}],"author":[{"embeddable":true,"href":"https:\/\/www.europesays.com\/fr\/wp-json\/wp\/v2\/users\/2"}],"replies":[{"embeddable":true,"href":"https:\/\/www.europesays.com\/fr\/wp-json\/wp\/v2\/comments?post=419117"}],"version-history":[{"count":0,"href":"https:\/\/www.europesays.com\/fr\/wp-json\/wp\/v2\/posts\/419117\/revisions"}],"wp:featuredmedia":[{"embeddable":true,"href":"https:\/\/www.europesays.com\/fr\/wp-json\/wp\/v2\/media\/419118"}],"wp:attachment":[{"href":"https:\/\/www.europesays.com\/fr\/wp-json\/wp\/v2\/media?parent=419117"}],"wp:term":[{"taxonomy":"category","embeddable":true,"href":"https:\/\/www.europesays.com\/fr\/wp-json\/wp\/v2\/categories?post=419117"},{"taxonomy":"post_tag","embeddable":true,"href":"https:\/\/www.europesays.com\/fr\/wp-json\/wp\/v2\/tags?post=419117"}],"curies":[{"name":"wp","href":"https:\/\/api.w.org\/{rel}","templated":true}]}}