{"id":419119,"date":"2025-09-26T14:33:16","date_gmt":"2025-09-26T14:33:16","guid":{"rendered":"https:\/\/www.europesays.com\/fr\/419119\/"},"modified":"2025-09-26T14:33:16","modified_gmt":"2025-09-26T14:33:16","slug":"atp-jai-joue-il-y-a-quelques-annees-avec-novak-djokovic-il-ne-me-met-pas-un-point-quasiment-je-lui-mets-6-0-6-0-meme-sil-va-peut-etre-me-surprendre-sur-un-service-raconte-michael-jeremiasz","status":"publish","type":"post","link":"https:\/\/www.europesays.com\/fr\/419119\/","title":{"rendered":"ATP > \u00ab\u00a0J&rsquo;ai jou\u00e9 il y a quelques ann\u00e9es avec Novak Djokovic, il ne me met pas un point quasiment. Je lui mets 6-0, 6-0 m\u00eame s&rsquo;il va peut-\u00eatre me surprendre sur un service\u00a0\u00bb, raconte Micha\u00ebl Jeremiasz, champion de tennis fauteuil"},"content":{"rendered":"<p>R\u00e9cemment de passage dans le podcast de nos confr\u00e8res de Tennis Legend, Micha\u00ebl Jeremiasz, joueur fran\u00ad\u00e7ais de tennis en fauteuil roulant et cham\u00adpion olym\u00adpique en double aux c\u00f4t\u00e9s de\u00a0St\u00e9phane Houdet\u00a0lors des\u00a0Jeux olym\u00adpiques de P\u00e9kin en 2008, a racont\u00e9 une anec\u00addote \u00e0 propos d\u2019un entra\u00ee\u00adne\u00adment face \u00e0 Novak Djokovic il y a quelques ann\u00e9es.\u00a0<\/p>\n<p>Et forc\u00e9\u00adment, le Serbe a eu beau\u00adcoup de\u00a0mal.\u00a0<\/p>\n<blockquote class=\"twitter-tweet\">\n<p lang=\"fr\" dir=\"ltr\">\ud83d\udde3\ufe0f\u00ab Novak Djokovic ne me met quasi\u00adment pas un point. Il va peut\u2010\u00eatre me faire un service et me surprendre mais je lui mets deux bulles. Ce sont deux sports diff\u00e9\u00adrents.<\/p>\n<p>Les meilleurs mondiaux chez les hommes jouent 15\u20441, 15\u20442 mais tu es assis dans un fauteuil roulant. [\u2026] Le\u2026 <a href=\"https:\/\/t.co\/koWS9iFQbg\" data-wpel-link=\"external\" target=\"_blank\" rel=\"nofollow external noopener\">pic.twitter.com\/koWS9iFQbg<\/a><\/p>\n<p>\u2014 Tennis Legend (@TennisLegende) <a href=\"https:\/\/twitter.com\/TennisLegende\/status\/1971297606459371627?ref_src=twsrc%5Etfw\" data-wpel-link=\"external\" target=\"_blank\" rel=\"nofollow external noopener\">September 25,\u00a02025<\/a><\/p><\/blockquote>\n<p><strong>\u00ab\u202fOn me demande souvent\u00a0: \u2018Mais \u00e7a joue quel niveau ?\u2019. Mais \u00e7a joue quel niveau par rapport \u00e0 quoi\u202f? Par rapport \u00e0 quel\u00adqu\u2019un qui est debout qui, lui, court et fait 1,90 m\u00e8tre\u202f? Je peux te dire les meilleurs mondiaux chez les hommes jouent 15\u20441, 15\u20442, donc \u00e7a te donne une id\u00e9e mais tu es assis dans un fauteuil roulant avec exac\u00adte\u00adment le m\u00eame terrain \u00e0 couvrir. Si je donne un autre exemple, j\u2019ai jou\u00e9 il y a quelques ann\u00e9es \u00e0 l\u2019US Open avec Novak Djokovic, \u00e0 sa demande je tiens \u00e0 pr\u00e9ciser donc sympa, j\u2019ai accept\u00e9. On a jou\u00e9, Novak ne me met pas un point quasi\u00adment. Il va peut\u2010\u00eatre me faire me faire un service, il va me surprendre mais je lui mets deux bulles (6\u22120, 6\u20130) en fauteuil roulant. Mais \u00e7a reste Novak. Ce sont deux sports diff\u00e9rents.\u202f\u00bb<\/strong><\/p>\n<p class=\"post-published-date\" style=\"color: silver; font-size: 75%; text-align: left;\">Publi\u00e9 le vendredi 26 septembre 2025 \u00e0 13:51<\/p>\n<p><script async src=\"https:\/\/platform.twitter.com\/widgets.js\" charset=\"utf-8\"><\/script><\/p>\n","protected":false},"excerpt":{"rendered":"R\u00e9cemment de passage dans le podcast de nos confr\u00e8res de Tennis Legend, Micha\u00ebl Jeremiasz, joueur fran\u00ad\u00e7ais de tennis&hellip;\n","protected":false},"author":2,"featured_media":373440,"comment_status":"","ping_status":"","sticky":false,"template":"","format":"standard","meta":{"footnotes":""},"categories":[1415],"tags":[105,1011,27,60,1467],"class_list":{"0":"post-419119","1":"post","2":"type-post","3":"status-publish","4":"format-standard","5":"has-post-thumbnail","7":"category-tennis","8":"tag-djokovic","9":"tag-fr","10":"tag-france","11":"tag-sports","12":"tag-tennis"},"share_on_mastodon":{"url":"https:\/\/pubeurope.com\/@fr\/115271093630628450","error":""},"_links":{"self":[{"href":"https:\/\/www.europesays.com\/fr\/wp-json\/wp\/v2\/posts\/419119","targetHints":{"allow":["GET"]}}],"collection":[{"href":"https:\/\/www.europesays.com\/fr\/wp-json\/wp\/v2\/posts"}],"about":[{"href":"https:\/\/www.europesays.com\/fr\/wp-json\/wp\/v2\/types\/post"}],"author":[{"embeddable":true,"href":"https:\/\/www.europesays.com\/fr\/wp-json\/wp\/v2\/users\/2"}],"replies":[{"embeddable":true,"href":"https:\/\/www.europesays.com\/fr\/wp-json\/wp\/v2\/comments?post=419119"}],"version-history":[{"count":0,"href":"https:\/\/www.europesays.com\/fr\/wp-json\/wp\/v2\/posts\/419119\/revisions"}],"wp:featuredmedia":[{"embeddable":true,"href":"https:\/\/www.europesays.com\/fr\/wp-json\/wp\/v2\/media\/373440"}],"wp:attachment":[{"href":"https:\/\/www.europesays.com\/fr\/wp-json\/wp\/v2\/media?parent=419119"}],"wp:term":[{"taxonomy":"category","embeddable":true,"href":"https:\/\/www.europesays.com\/fr\/wp-json\/wp\/v2\/categories?post=419119"},{"taxonomy":"post_tag","embeddable":true,"href":"https:\/\/www.europesays.com\/fr\/wp-json\/wp\/v2\/tags?post=419119"}],"curies":[{"name":"wp","href":"https:\/\/api.w.org\/{rel}","templated":true}]}}