{"id":419120,"date":"2025-09-26T14:35:12","date_gmt":"2025-09-26T14:35:12","guid":{"rendered":"https:\/\/www.europesays.com\/fr\/419120\/"},"modified":"2025-09-26T14:35:12","modified_gmt":"2025-09-26T14:35:12","slug":"zarco-ravi-des-nouveautes-ca-fonctionne-immediatement-mieux","status":"publish","type":"post","link":"https:\/\/www.europesays.com\/fr\/419120\/","title":{"rendered":"Zarco ravi des nouveaut\u00e9s\u00a0: \u00ab\u00a0\u00c7a fonctionne imm\u00e9diatement mieux\u00a0\u00bb"},"content":{"rendered":"<p><a href=\"https:\/\/fr.motorsport.com\/driver\/johann-zarco\/96107\/\" target=\"_blank\" rel=\"noopener\">Johann Zarco<\/a> \u00e9tait sorti <a href=\"https:\/\/fr.motorsport.com\/motogp\/news\/zarco-retrouve-confiance-honda-evolutions-misano\/10759685\/\" target=\"_blank\" rel=\"noopener\">tr\u00e8s enthousiaste du test de Misano<\/a>, qui lui avait permis de tester l&rsquo;ensemble des nouveaut\u00e9s apparues sur les Honda officielles au cours des derni\u00e8res semaines, et lui <a href=\"https:\/\/fr.motorsport.com\/motogp\/news\/zarco-retrouver-top-10-nouveautes-honda\/10762218\/\" target=\"_blank\" rel=\"noopener\">donnait l&rsquo;espoir de renouer avec le top 10 au GP du Japon<\/a>. La premi\u00e8re journ\u00e9e d&rsquo;essais a confirm\u00e9 ces bonnes premi\u00e8res impressions.<\/p>\n<p>D\u00e8s la matin\u00e9e, Zarco avait une moto \u00e9quip\u00e9e du nouveau ch\u00e2ssis et de nouvelles pi\u00e8ces a\u00e9rodynamiques, rest\u00e9es noires \u00e0 l&rsquo;arri\u00e8re de sa moto. Lors des Essais, le bras oscillant en carbone a \u00e9t\u00e9 mont\u00e9 et le Fran\u00e7ais a instantan\u00e9ment senti des progr\u00e8s, malgr\u00e9 le besoin de mieux comprendre les nouvelles sensations procur\u00e9es par la RC213V.<\/p>\n<p>\u00ab\u00a0Dans l&rsquo;apr\u00e8s-midi, j&rsquo;avais le nouveau package entier de la Honda, qui fonctionne assez bien, mais c&rsquo;est une moto diff\u00e9rente de celle que j&rsquo;ai l&rsquo;habitude de piloter, donc c&rsquo;est dur de trouver imm\u00e9diatement de bons r\u00e9glages qui conviennent \u00e0 mon style\u00a0\u00bb, a comment\u00e9 Zarco, qui sent que de meilleures performances seront possibles quand il conna\u00eetra aussi bien ces \u00e9volutions que <a href=\"https:\/\/fr.motorsport.com\/driver\/joan-mir\/289392\/\" target=\"_blank\" rel=\"noopener\">Joan Mir<\/a> et <a href=\"https:\/\/fr.motorsport.com\/driver\/luca-marini\/201098\/\" target=\"_blank\" rel=\"noopener\">Luca Marini<\/a>.<\/p>\n<p>\u00ab\u00a0Je pense qu&rsquo;il y a un plus gros potentiel parce que sans que tout soit d\u00e9j\u00e0 en place, on fait d\u00e9j\u00e0 mieux qu&rsquo;avant. C&rsquo;est positif. Quand on voit que les autres, les pilotes d&rsquo;usine, ont eu plus de temps pour travailler dessus et qu&rsquo;ils ont des sensations encore meilleures, je pense que je peux trouver mes propres sensations et \u00eatre encore plus rapide.\u00a0\u00bb<\/p>\n<p>Interrog\u00e9 sur la nature des progr\u00e8s apport\u00e9s par les nouveaut\u00e9s, Zarco a pr\u00e9f\u00e9r\u00e9 entretenir un certain myst\u00e8re, et s&rsquo;est content\u00e9 d&rsquo;appuyer sur les gains trouv\u00e9s : \u00ab\u00a0On a juste plus de performances. Je ne veux pas trop entrer dans les d\u00e9tails, mais dans son ensemble, le package aide \u00e0 avoir les performances et \u00e0 \u00eatre proche des leaders.\u00a0\u00bb<\/p>\n<p>   <img decoding=\"async\" draggable=\"false\" src=\"https:\/\/www.europesays.com\/fr\/wp-content\/uploads\/2025\/09\/1758897312_47_johann-zarco-team-lcr-honda.jpg\" alt=\"Johann Zarco (LCR Honda)\" width=\"1200\" height=\"800\" loading=\"lazy\"\/> <\/p>\n<p class=\"title\">Johann Zarco (LCR Honda)<\/p>\n<p class=\"photographer\">Photo de: Gold and Goose Photography \/ LAT Images \/ via Getty Images<\/p>\n<p>\u00ab\u00a0Aujourd&rsquo;hui, tous les pilotes sont tr\u00e8s proches les uns des autres donc c&rsquo;est tr\u00e8s bien d&rsquo;avoir les trois Honda en Q2. Je ne veux pas donner plus de d\u00e9tails mais je suis content qu&rsquo;en une seule fois, \u00e7a fonctionne imm\u00e9diatement mieux pour moi.\u00a0\u00bb<\/p>\n<p>Johann Zarco est pourtant entr\u00e9 de justesse en Q2, gr\u00e2ce \u00e0 un tour qui lui a permis de devancer deux pilotes de moins d&rsquo;un centi\u00e8me, et trois rivaux de plus pour un demi-dixi\u00e8me \u00e0 peine. Il a r\u00e9alis\u00e9 son chrono au tout dernier moment : \u00ab\u00a0Je suis plut\u00f4t content d&rsquo;avoir assur\u00e9 la Q2 dans le dernier tour. Dans le troisi\u00e8me tour fait avec le pneu tendre \u00e0 l&rsquo;arri\u00e8re, on sent qu&rsquo;il commence d\u00e9j\u00e0 \u00e0 glisser, mais j&rsquo;ai pu faire un bon tour derri\u00e8re <a href=\"https:\/\/fr.motorsport.com\/driver\/jorge-martin\/109391\/\" target=\"_blank\" rel=\"noopener\">Jorge Mart\u00edn<\/a>.\u00a0\u00bb<\/p>\n<p>\u00ab\u00a0Au moins, on a fait une tr\u00e8s bonne s\u00e9ance et on aura des informations pour demain\u00a0\u00bb, a ajout\u00e9 Zarco. \u00ab\u00a0Je suis tr\u00e8s heureux de passer directement en Q2 et j&rsquo;esp\u00e8re continuer \u00e0 progresser, mieux comprendre la moto, pour avoir la possibilit\u00e9 d&rsquo;\u00eatre sur les deux premi\u00e8res lignes demain.\u00a0\u00bb<\/p>\n<p>Lire aussi :<\/p>\n","protected":false},"excerpt":{"rendered":"Johann Zarco \u00e9tait sorti tr\u00e8s enthousiaste du test de Misano, qui lui avait permis de tester l&rsquo;ensemble des&hellip;\n","protected":false},"author":2,"featured_media":419121,"comment_status":"","ping_status":"","sticky":false,"template":"","format":"standard","meta":{"footnotes":""},"categories":[1413],"tags":[1011,27,1581,1741,1457,1456,1458,60,3771,51359,54859],"class_list":{"0":"post-419120","1":"post","2":"type-post","3":"status-publish","4":"format-standard","5":"has-post-thumbnail","7":"category-moto","8":"tag-fr","9":"tag-france","10":"tag-gp-du-japon","11":"tag-johann-zarco","12":"tag-moto","13":"tag-motocycle","14":"tag-motogp","15":"tag-sports","16":"tag-team-lcr","17":"tag-twin-ring-motegi","18":"tag-zarco-ravi-des-nouveautu00e9su00a0-u00c7a-fonctionne-immu00e9diatement-mieux"},"share_on_mastodon":{"url":"https:\/\/pubeurope.com\/@fr\/115271102258050163","error":""},"_links":{"self":[{"href":"https:\/\/www.europesays.com\/fr\/wp-json\/wp\/v2\/posts\/419120","targetHints":{"allow":["GET"]}}],"collection":[{"href":"https:\/\/www.europesays.com\/fr\/wp-json\/wp\/v2\/posts"}],"about":[{"href":"https:\/\/www.europesays.com\/fr\/wp-json\/wp\/v2\/types\/post"}],"author":[{"embeddable":true,"href":"https:\/\/www.europesays.com\/fr\/wp-json\/wp\/v2\/users\/2"}],"replies":[{"embeddable":true,"href":"https:\/\/www.europesays.com\/fr\/wp-json\/wp\/v2\/comments?post=419120"}],"version-history":[{"count":0,"href":"https:\/\/www.europesays.com\/fr\/wp-json\/wp\/v2\/posts\/419120\/revisions"}],"wp:featuredmedia":[{"embeddable":true,"href":"https:\/\/www.europesays.com\/fr\/wp-json\/wp\/v2\/media\/419121"}],"wp:attachment":[{"href":"https:\/\/www.europesays.com\/fr\/wp-json\/wp\/v2\/media?parent=419120"}],"wp:term":[{"taxonomy":"category","embeddable":true,"href":"https:\/\/www.europesays.com\/fr\/wp-json\/wp\/v2\/categories?post=419120"},{"taxonomy":"post_tag","embeddable":true,"href":"https:\/\/www.europesays.com\/fr\/wp-json\/wp\/v2\/tags?post=419120"}],"curies":[{"name":"wp","href":"https:\/\/api.w.org\/{rel}","templated":true}]}}