{"id":419122,"date":"2025-09-26T14:36:19","date_gmt":"2025-09-26T14:36:19","guid":{"rendered":"https:\/\/www.europesays.com\/fr\/419122\/"},"modified":"2025-09-26T14:36:19","modified_gmt":"2025-09-26T14:36:19","slug":"mesures-de-securite-renforcees-a-aime-giral-pour-le-match-perpignan-stade-francais","status":"publish","type":"post","link":"https:\/\/www.europesays.com\/fr\/419122\/","title":{"rendered":"mesures de s\u00e9curit\u00e9 renforc\u00e9es \u00e0 Aim\u00e9-Giral pour le match Perpignan-Stade Fran\u00e7ais"},"content":{"rendered":"<p>le club catalan, en attendant de passer devant la commission de discipline de la Ligue, a pris plusieurs mesures apr\u00e8s les d\u00e9bordements face au Racing le week-end dernier.<\/p>\n<p class=\"fig-paragraph\">\u00c0 l\u2019occasion du match perdu le week-end dernier par\u00a0<a href=\"http:\/\/www.lefigaro.fr\/sports\/rugby\/top-14\/top-14-l-ubb-s-amuse-lyon-et-le-racing-enchainent-le-stade-francais-frustre-tous-les-resultats-du-multiplex-20250920\" data-fig-type=\"NewsFlash\" data-gtm-custom-categorie=\"navigation\" data-gtm-custom-action=\"crossclick\" data-gtm-custom-label=\"Contextuel\" data-gtm-event=\"customEventSPE\" data-fig-domain=\"LEFIGARO\" rel=\"nofollow noopener\" target=\"_blank\">Perpignan face au Racing 92<\/a>\u00a0(15-28), des d\u00e9bordements ont eu lieu \u00e0 Aim\u00e9-Giral\u00a0: un supporter est entr\u00e9 sur la pelouse de l\u2019enceinte perpignanaise (avant d\u2019\u00eatre rapidement arr\u00eat\u00e9) et de nombreux jets de bi\u00e8re sur les joueurs ont eu lieu. La Ligue nationale de rugby a annonc\u00e9 cette semaine que les deux clubs sont convoqu\u00e9s devant la commission de discipline le mercredi 1er octobre.<\/p>\n<p class=\"fig-paragraph\">Perpignan a annonc\u00e9 ce vendredi que la r\u00e9ception du Stade Fran\u00e7ais Paris, le 4 octobre, \u00e0 l\u2019occasion de la 5e journ\u00e9e du Top 14, aura bien lieu \u00e0 Aim\u00e9-Giral avec des mesures de s\u00e9curit\u00e9 renforc\u00e9es.\u00a0\u00abLe club annoncera lundi 29 septembre les mesures de pr\u00e9vention et de lutte contre les incivilit\u00e9s et les violences, qui entreront en vigueur d\u00e8s le prochain match et s\u2019inscriront dans la dur\u00e9e. Ces engagements, pris par l\u2019Usap avec le soutien des clubs de supporters, garantiront qu\u2019Aim\u00e9-Giral demeure un lieu de passion partag\u00e9e et de respect mutuel\u00bb, indique le club dans un communiqu\u00e9. Le pesage sera r\u00e9serv\u00e9 exclusivement aux abonn\u00e9s avec un filtrage renforc\u00e9 et une \u00abinterdiction stricte d\u2019introduire des projectiles (bouteilles, gobelets, drapeaux etc&#8230;)\u00bb.<\/p>\n<p>                                    <a class=\"fig-a11y-skip a11y-hidden\" href=\"#fig-a11y-skip-main-inarticle\"><br \/>\n        Passer la publicit\u00e9<br \/>\n    <\/a><\/p>\n<p class=\"fig-paragraph\">Lors du\u00a0<a href=\"http:\/\/www.lefigaro.fr\/sports\/rugby\/top-14\/rugby-25-000-euros-d-amende-et-un-match-a-huis-clos-pour-grenoble-et-perpignan-apres-les-incidents-du-match-d-accession-20250703\" data-fig-type=\"NewsFlash\" data-gtm-custom-categorie=\"navigation\" data-gtm-custom-action=\"crossclick\" data-gtm-custom-label=\"Contextuel\" data-gtm-event=\"customEventSPE\" data-fig-domain=\"LEFIGARO\" rel=\"nofollow noopener\" target=\"_blank\">barrage d\u2019accession contre Grenoble au stade des Alpes<\/a>, des \u00e9chauffour\u00e9es entre supporters avaient eu lieu en juin dernier. L\u2019Usap avait notamment \u00e9cop\u00e9 d\u2019une suspension de terrain avec sursis. Le club catalan risque donc un huis clos partiel ou total, voire une d\u00e9localisation pour l\u2019un de ses prochains matches \u00e0 domicile. Reste \u00e0 savoir ce que la LNR aura d\u00e9cid\u00e9 pour les prochaines rencontres \u00e0 Perpignan (UBB, 7e journ\u00e9e, Montpellier, 10e journ\u00e9e).<\/p>\n","protected":false},"excerpt":{"rendered":"le club catalan, en attendant de passer devant la commission de discipline de la Ligue, a pris plusieurs&hellip;\n","protected":false},"author":2,"featured_media":419123,"comment_status":"","ping_status":"","sticky":false,"template":"","format":"standard","meta":{"footnotes":""},"categories":[1412],"tags":[1451,1452,1453,1454,1455,1011,27,2947,60,20265,14988],"class_list":{"0":"post-419122","1":"post","2":"type-post","3":"status-publish","4":"format-standard","5":"has-post-thumbnail","7":"category-f1","8":"tag-f1","9":"tag-formula-1","10":"tag-formula1","11":"tag-formule-1","12":"tag-formule1","13":"tag-fr","14":"tag-france","15":"tag-lnr","16":"tag-sports","17":"tag-usa-perpignan","18":"tag-usap"},"share_on_mastodon":{"url":"https:\/\/pubeurope.com\/@fr\/115271105478950955","error":""},"_links":{"self":[{"href":"https:\/\/www.europesays.com\/fr\/wp-json\/wp\/v2\/posts\/419122","targetHints":{"allow":["GET"]}}],"collection":[{"href":"https:\/\/www.europesays.com\/fr\/wp-json\/wp\/v2\/posts"}],"about":[{"href":"https:\/\/www.europesays.com\/fr\/wp-json\/wp\/v2\/types\/post"}],"author":[{"embeddable":true,"href":"https:\/\/www.europesays.com\/fr\/wp-json\/wp\/v2\/users\/2"}],"replies":[{"embeddable":true,"href":"https:\/\/www.europesays.com\/fr\/wp-json\/wp\/v2\/comments?post=419122"}],"version-history":[{"count":0,"href":"https:\/\/www.europesays.com\/fr\/wp-json\/wp\/v2\/posts\/419122\/revisions"}],"wp:featuredmedia":[{"embeddable":true,"href":"https:\/\/www.europesays.com\/fr\/wp-json\/wp\/v2\/media\/419123"}],"wp:attachment":[{"href":"https:\/\/www.europesays.com\/fr\/wp-json\/wp\/v2\/media?parent=419122"}],"wp:term":[{"taxonomy":"category","embeddable":true,"href":"https:\/\/www.europesays.com\/fr\/wp-json\/wp\/v2\/categories?post=419122"},{"taxonomy":"post_tag","embeddable":true,"href":"https:\/\/www.europesays.com\/fr\/wp-json\/wp\/v2\/tags?post=419122"}],"curies":[{"name":"wp","href":"https:\/\/api.w.org\/{rel}","templated":true}]}}